{"id":29,"date":"2019-09-03T10:41:00","date_gmt":"2019-09-03T10:41:00","guid":{"rendered":"https:\/\/20.107.179.91\/blog\/fr\/?p=29"},"modified":"2021-11-03T10:43:38","modified_gmt":"2021-11-03T10:43:38","slug":"alvarez-gomez-emballages-elegants-et-singuliers","status":"publish","type":"post","link":"https:\/\/www.itc-packaging.com\/blog\/fr\/alvarez-gomez-emballages-elegants-et-singuliers\/","title":{"rendered":"\u00c1lvarez G\u00f3mez: Emballages \u00e9l\u00e9gants et singuliers"},"content":{"rendered":"\n<h2 class=\"wp-block-heading\"><strong>Depuis quelques ann\u00e9es, nous sommes pr\u00e9sents dans des secteurs qui nous passionnent comme la Coiffure, la Cosm\u00e9tique, la Parfumerie mass market et la Pharma, nous nous adaptons aux formes les plus modernes du moment: bouteilles designs, minimalistes, cylindriques pour la majeure partie d\u2019entre elles<\/strong>.<\/h2>\n\n\n\n<p>Este a\u00f1o hemos ido un paso m\u00e1s all\u00e1 innovando para introducirnos en el sector de Perfumer\u00eda Selectiva. Es este un sector que hace referencia a nuestras sensaciones. Las sensaciones provocan las emociones en las personas y los aromas contribuyen ampliamente a ello, a partir del olor de una colonia, un perfume, una fragancia, etc.<\/p>\n\n\n\n<p>Para este apasionante reto, la divisi\u00f3n de Advanced Pet, ha llevado a cabo el desarrollo de un novedoso concepto de envases, fabricados a partir de tecnolog\u00eda de inyecci\u00f3n soplado, para transformar en material PET de aspecto cristal, innovando para ser capaces de aportar, adem\u00e1s de las geometr\u00edas mencionadas,&nbsp;otras tan ricas, refinadas e inspiradoras como&nbsp;envases similares a un mineral, a una gema o un diamante, con forma de prisma, con aristas pronunciadas, geometr\u00edas y formas cuadradas, formas hexagonales, etc. siempre a partir del estudio minucioso del proyecto de nuestro cliente, del mercado al que quiere y queremos orientarnos, para dise\u00f1ar una preforma de inyecci\u00f3n adecuada para estas geometr\u00edas.<\/p>\n\n\n\n<p>Las capacidades que pueden ir desde 50 hasta 500ml con rosca universal 24\/410, fabricadas en material PET aspecto cristal y tambi\u00e9n en colores s\u00f3lidos y l\u00edquidos,capaces de impactar por su forma, colorido y excepcional brillo intenso. Con estas formas podemos realizar el envase con caras anterior y posterior amplias, logrando de este modo un atractivo facing para etiquetar y\/o&nbsp;serigrafiar, con la finalidad de comunicar esa&nbsp;promesa de valor que le sugiere a una persona que teniendo en sus manos el producto de perfumer\u00eda envasado en este tipo de botella, decide comprarlo y llevarlo consigo, esperando que cumpla sus expectativas que le aportaran a trav\u00e9s de un olor agradable las sensaciones deseadas.<\/p>\n\n\n\n<p>Este a\u00f1o, de la mano de la empresa de \u00c1lvarez&nbsp;G\u00f3mez, una de las firmas m\u00e1s importantes&nbsp;de este sector de perfumer\u00eda con m\u00e1s solera y prestigio de nuestro pa\u00eds, hemos lanzado<a href=\"http:\/\/www.itc-packaging.com\/productos\/envases-exclusivos-mypack.html\">&nbsp;tres modelos MyPack de envase<\/a>&nbsp;con geometr\u00eda forma hexagonal, en tres capacidades 90, 300 y 450 ml, todos ellos con cierre a partir de rosca est\u00e1ndar 24\/410, que permite aplicar la m\u00e1s amplia gama de complementos de cierre, tanto tapones como v\u00e1lvulas pulverizadora o&nbsp;dosificadora, en funci\u00f3n del tipo de producto&nbsp;a envasar, ya sea una colonia, una crema perfumada, unas sales de ba\u00f1o, etc. Productos innovadores por la amplia gama de aromas que se envasan.<\/p>\n\n\n\n<p>Del mismo modo, est\u00e1 en proyecto una nueva l\u00ednea inspirada en estos envases con geometr\u00eda hexagonal para desarrollar una l\u00ednea amenities, a partir de una botella de capacidad 45ml, destinada a hoteles rurales y hoteles de ciudad.<\/p>\n","protected":false},"excerpt":{"rendered":"<p>Depuis quelques ann\u00e9es, nous sommes pr\u00e9sents dans des secteurs qui nous passionnent comme la Coiffure, la Cosm\u00e9tique, la Parfumerie mass market et la Pharma, nous nous adaptons aux formes les plus modernes du moment: bouteilles designs, minimalistes, cylindriques pour la majeure partie d\u2019entre elles. Este a\u00f1o hemos ido un paso m\u00e1s all\u00e1 innovando para introducirnos [&hellip;]<\/p>\n","protected":false},"author":2,"featured_media":30,"comment_status":"open","ping_status":"open","sticky":false,"template":"","format":"standard","meta":[],"categories":[7,6],"tags":[],"yoast_head":"<!-- This site is optimized with the Yoast SEO plugin v21.6 - https:\/\/yoast.com\/wordpress\/plugins\/seo\/ -->\r\n<title>\u00c1lvarez G\u00f3mez: Emballages \u00e9l\u00e9gants et singuliers - Nouvelles ITC<\/title>\r\n<meta name=\"robots\" content=\"index, follow, max-snippet:-1, max-image-preview:large, max-video-preview:-1\" \/>\r\n<link rel=\"canonical\" href=\"https:\/\/www.itc-packaging.com\/blog\/fr\/alvarez-gomez-emballages-elegants-et-singuliers\/\" \/>\r\n<meta property=\"og:locale\" content=\"fr_FR\" \/>\r\n<meta property=\"og:type\" content=\"article\" \/>\r\n<meta property=\"og:title\" content=\"\u00c1lvarez G\u00f3mez: Emballages \u00e9l\u00e9gants et singuliers - Nouvelles ITC\" \/>\r\n<meta property=\"og:description\" content=\"Depuis quelques ann\u00e9es, nous sommes pr\u00e9sents dans des secteurs qui nous passionnent comme la Coiffure, la Cosm\u00e9tique, la Parfumerie mass market et la Pharma, nous nous adaptons aux formes les plus modernes du moment: bouteilles designs, minimalistes, cylindriques pour la majeure partie d\u2019entre elles. Este a\u00f1o hemos ido un paso m\u00e1s all\u00e1 innovando para introducirnos [&hellip;]\" \/>\r\n<meta property=\"og:url\" content=\"https:\/\/www.itc-packaging.com\/blog\/fr\/alvarez-gomez-emballages-elegants-et-singuliers\/\" \/>\r\n<meta property=\"og:site_name\" content=\"Nouvelles ITC\" \/>\r\n<meta property=\"article:published_time\" content=\"2019-09-03T10:41:00+00:00\" \/>\r\n<meta property=\"article:modified_time\" content=\"2021-11-03T10:43:38+00:00\" \/>\r\n<meta property=\"og:image\" content=\"https:\/\/www.itc-packaging.com\/blog\/fr\/wp-content\/uploads\/sites\/3\/2021\/11\/noticia-botellas-alvarez-gomez-2208.jpeg\" \/>\r\n\t<meta property=\"og:image:width\" content=\"650\" \/>\r\n\t<meta property=\"og:image:height\" content=\"376\" \/>\r\n\t<meta property=\"og:image:type\" content=\"image\/jpeg\" \/>\r\n<meta name=\"author\" content=\"pedro\" \/>\r\n<meta name=\"twitter:card\" content=\"summary_large_image\" \/>\r\n<meta name=\"twitter:label1\" content=\"\u00c9crit par\" \/>\n\t<meta name=\"twitter:data1\" content=\"pedro\" \/>\n\t<meta name=\"twitter:label2\" content=\"Dur\u00e9e de lecture estim\u00e9e\" \/>\n\t<meta name=\"twitter:data2\" content=\"3 minutes\" \/>\r\n<script type=\"application\/ld+json\" class=\"yoast-schema-graph\">{\"@context\":\"https:\/\/schema.org\",\"@graph\":[{\"@type\":\"WebPage\",\"@id\":\"https:\/\/www.itc-packaging.com\/blog\/fr\/alvarez-gomez-emballages-elegants-et-singuliers\/\",\"url\":\"https:\/\/www.itc-packaging.com\/blog\/fr\/alvarez-gomez-emballages-elegants-et-singuliers\/\",\"name\":\"\u00c1lvarez G\u00f3mez: Emballages \u00e9l\u00e9gants et singuliers - Nouvelles ITC\",\"isPartOf\":{\"@id\":\"https:\/\/www.itc-packaging.com\/blog\/fr\/#website\"},\"datePublished\":\"2019-09-03T10:41:00+00:00\",\"dateModified\":\"2021-11-03T10:43:38+00:00\",\"author\":{\"@id\":\"https:\/\/www.itc-packaging.com\/blog\/fr\/#\/schema\/person\/f946f1c7b1d67c8e0231e17bcae52525\"},\"breadcrumb\":{\"@id\":\"https:\/\/www.itc-packaging.com\/blog\/fr\/alvarez-gomez-emballages-elegants-et-singuliers\/#breadcrumb\"},\"inLanguage\":\"fr-FR\",\"potentialAction\":[{\"@type\":\"ReadAction\",\"target\":[\"https:\/\/www.itc-packaging.com\/blog\/fr\/alvarez-gomez-emballages-elegants-et-singuliers\/\"]}]},{\"@type\":\"BreadcrumbList\",\"@id\":\"https:\/\/www.itc-packaging.com\/blog\/fr\/alvarez-gomez-emballages-elegants-et-singuliers\/#breadcrumb\",\"itemListElement\":[{\"@type\":\"ListItem\",\"position\":1,\"name\":\"Portada\",\"item\":\"https:\/\/www.itc-packaging.com\/blog\/fr\/\"},{\"@type\":\"ListItem\",\"position\":2,\"name\":\"\u00c1lvarez G\u00f3mez: Emballages \u00e9l\u00e9gants et singuliers\"}]},{\"@type\":\"WebSite\",\"@id\":\"https:\/\/www.itc-packaging.com\/blog\/fr\/#website\",\"url\":\"https:\/\/www.itc-packaging.com\/blog\/fr\/\",\"name\":\"Nouvelles ITC\",\"description\":\"Fabricants des emballages pour les industries de l&#039;alimentation et des cosm\u00e9tiques\",\"potentialAction\":[{\"@type\":\"SearchAction\",\"target\":{\"@type\":\"EntryPoint\",\"urlTemplate\":\"https:\/\/www.itc-packaging.com\/blog\/fr\/?s={search_term_string}\"},\"query-input\":\"required name=search_term_string\"}],\"inLanguage\":\"fr-FR\"},{\"@type\":\"Person\",\"@id\":\"https:\/\/www.itc-packaging.com\/blog\/fr\/#\/schema\/person\/f946f1c7b1d67c8e0231e17bcae52525\",\"name\":\"pedro\",\"image\":{\"@type\":\"ImageObject\",\"inLanguage\":\"fr-FR\",\"@id\":\"https:\/\/www.itc-packaging.com\/blog\/fr\/#\/schema\/person\/image\/\",\"url\":\"https:\/\/secure.gravatar.com\/avatar\/c8d8bb2f3db0c346fa38a8963d9ef085?s=96&d=mm&r=g\",\"contentUrl\":\"https:\/\/secure.gravatar.com\/avatar\/c8d8bb2f3db0c346fa38a8963d9ef085?s=96&d=mm&r=g\",\"caption\":\"pedro\"},\"url\":\"https:\/\/www.itc-packaging.com\/blog\/fr\/author\/pedro\/\"}]}<\/script>\r\n<!-- \/ Yoast SEO plugin. -->","yoast_head_json":{"title":"\u00c1lvarez G\u00f3mez: Emballages \u00e9l\u00e9gants et singuliers - Nouvelles ITC","robots":{"index":"index","follow":"follow","max-snippet":"max-snippet:-1","max-image-preview":"max-image-preview:large","max-video-preview":"max-video-preview:-1"},"canonical":"https:\/\/www.itc-packaging.com\/blog\/fr\/alvarez-gomez-emballages-elegants-et-singuliers\/","og_locale":"fr_FR","og_type":"article","og_title":"\u00c1lvarez G\u00f3mez: Emballages \u00e9l\u00e9gants et singuliers - Nouvelles ITC","og_description":"Depuis quelques ann\u00e9es, nous sommes pr\u00e9sents dans des secteurs qui nous passionnent comme la Coiffure, la Cosm\u00e9tique, la Parfumerie mass market et la Pharma, nous nous adaptons aux formes les plus modernes du moment: bouteilles designs, minimalistes, cylindriques pour la majeure partie d\u2019entre elles. Este a\u00f1o hemos ido un paso m\u00e1s all\u00e1 innovando para introducirnos [&hellip;]","og_url":"https:\/\/www.itc-packaging.com\/blog\/fr\/alvarez-gomez-emballages-elegants-et-singuliers\/","og_site_name":"Nouvelles ITC","article_published_time":"2019-09-03T10:41:00+00:00","article_modified_time":"2021-11-03T10:43:38+00:00","og_image":[{"width":650,"height":376,"url":"https:\/\/www.itc-packaging.com\/blog\/fr\/wp-content\/uploads\/sites\/3\/2021\/11\/noticia-botellas-alvarez-gomez-2208.jpeg","type":"image\/jpeg"}],"author":"pedro","twitter_card":"summary_large_image","twitter_misc":{"\u00c9crit par":"pedro","Dur\u00e9e de lecture estim\u00e9e":"3 minutes"},"schema":{"@context":"https:\/\/schema.org","@graph":[{"@type":"WebPage","@id":"https:\/\/www.itc-packaging.com\/blog\/fr\/alvarez-gomez-emballages-elegants-et-singuliers\/","url":"https:\/\/www.itc-packaging.com\/blog\/fr\/alvarez-gomez-emballages-elegants-et-singuliers\/","name":"\u00c1lvarez G\u00f3mez: Emballages \u00e9l\u00e9gants et singuliers - Nouvelles ITC","isPartOf":{"@id":"https:\/\/www.itc-packaging.com\/blog\/fr\/#website"},"datePublished":"2019-09-03T10:41:00+00:00","dateModified":"2021-11-03T10:43:38+00:00","author":{"@id":"https:\/\/www.itc-packaging.com\/blog\/fr\/#\/schema\/person\/f946f1c7b1d67c8e0231e17bcae52525"},"breadcrumb":{"@id":"https:\/\/www.itc-packaging.com\/blog\/fr\/alvarez-gomez-emballages-elegants-et-singuliers\/#breadcrumb"},"inLanguage":"fr-FR","potentialAction":[{"@type":"ReadAction","target":["https:\/\/www.itc-packaging.com\/blog\/fr\/alvarez-gomez-emballages-elegants-et-singuliers\/"]}]},{"@type":"BreadcrumbList","@id":"https:\/\/www.itc-packaging.com\/blog\/fr\/alvarez-gomez-emballages-elegants-et-singuliers\/#breadcrumb","itemListElement":[{"@type":"ListItem","position":1,"name":"Portada","item":"https:\/\/www.itc-packaging.com\/blog\/fr\/"},{"@type":"ListItem","position":2,"name":"\u00c1lvarez G\u00f3mez: Emballages \u00e9l\u00e9gants et singuliers"}]},{"@type":"WebSite","@id":"https:\/\/www.itc-packaging.com\/blog\/fr\/#website","url":"https:\/\/www.itc-packaging.com\/blog\/fr\/","name":"Nouvelles ITC","description":"Fabricants des emballages pour les industries de l&#039;alimentation et des cosm\u00e9tiques","potentialAction":[{"@type":"SearchAction","target":{"@type":"EntryPoint","urlTemplate":"https:\/\/www.itc-packaging.com\/blog\/fr\/?s={search_term_string}"},"query-input":"required name=search_term_string"}],"inLanguage":"fr-FR"},{"@type":"Person","@id":"https:\/\/www.itc-packaging.com\/blog\/fr\/#\/schema\/person\/f946f1c7b1d67c8e0231e17bcae52525","name":"pedro","image":{"@type":"ImageObject","inLanguage":"fr-FR","@id":"https:\/\/www.itc-packaging.com\/blog\/fr\/#\/schema\/person\/image\/","url":"https:\/\/secure.gravatar.com\/avatar\/c8d8bb2f3db0c346fa38a8963d9ef085?s=96&d=mm&r=g","contentUrl":"https:\/\/secure.gravatar.com\/avatar\/c8d8bb2f3db0c346fa38a8963d9ef085?s=96&d=mm&r=g","caption":"pedro"},"url":"https:\/\/www.itc-packaging.com\/blog\/fr\/author\/pedro\/"}]}},"_links":{"self":[{"href":"https:\/\/www.itc-packaging.com\/blog\/fr\/wp-json\/wp\/v2\/posts\/29"}],"collection":[{"href":"https:\/\/www.itc-packaging.com\/blog\/fr\/wp-json\/wp\/v2\/posts"}],"about":[{"href":"https:\/\/www.itc-packaging.com\/blog\/fr\/wp-json\/wp\/v2\/types\/post"}],"author":[{"embeddable":true,"href":"https:\/\/www.itc-packaging.com\/blog\/fr\/wp-json\/wp\/v2\/users\/2"}],"replies":[{"embeddable":true,"href":"https:\/\/www.itc-packaging.com\/blog\/fr\/wp-json\/wp\/v2\/comments?post=29"}],"version-history":[{"count":1,"href":"https:\/\/www.itc-packaging.com\/blog\/fr\/wp-json\/wp\/v2\/posts\/29\/revisions"}],"predecessor-version":[{"id":31,"href":"https:\/\/www.itc-packaging.com\/blog\/fr\/wp-json\/wp\/v2\/posts\/29\/revisions\/31"}],"wp:featuredmedia":[{"embeddable":true,"href":"https:\/\/www.itc-packaging.com\/blog\/fr\/wp-json\/wp\/v2\/media\/30"}],"wp:attachment":[{"href":"https:\/\/www.itc-packaging.com\/blog\/fr\/wp-json\/wp\/v2\/media?parent=29"}],"wp:term":[{"taxonomy":"category","embeddable":true,"href":"https:\/\/www.itc-packaging.com\/blog\/fr\/wp-json\/wp\/v2\/categories?post=29"},{"taxonomy":"post_tag","embeddable":true,"href":"https:\/\/www.itc-packaging.com\/blog\/fr\/wp-json\/wp\/v2\/tags?post=29"}],"curies":[{"name":"wp","href":"https:\/\/api.w.org\/{rel}","templated":true}]}}