{"id":49,"date":"2021-05-05T17:45:00","date_gmt":"2021-05-05T15:45:00","guid":{"rendered":"https:\/\/www.itc-packaging.com\/blog\/fr\/?p=49"},"modified":"2022-06-27T09:36:12","modified_gmt":"2022-06-27T07:36:12","slug":"frutas-montosa-itc-packaging-utiliser-residus-avocat-fabrication-emballages","status":"publish","type":"post","link":"https:\/\/www.itc-packaging.com\/blog\/fr\/frutas-montosa-itc-packaging-utiliser-residus-avocat-fabrication-emballages\/","title":{"rendered":"Frutas Montosa et ITC Packaging parviennent \u00e0 un accord pour utiliser des r\u00e9sidus d&rsquo;avocat dans la fabrication de nouveaux emballages"},"content":{"rendered":"\n<p>Frutas Montosa et ITC Packaging sont parvenus \u00e0 un accord pour soutenir le d\u00e9veloppement des nouveaux emballages fonctionnels en cours de d\u00e9veloppement dans le cadre du projet Guacapack. Ces emballages repr\u00e9sentent un pari sur la circularit\u00e9 et la r\u00e9utilisation des ressources en r\u00e9utilisant les d\u00e9chets g\u00e9n\u00e9r\u00e9s par la transformation de l&rsquo;avocat dans des emballages pour conditionner le guacamole. Gr\u00e2ce \u00e0 cet accord, Frutas Montosa fournira le r\u00e9sidu d&rsquo;avocat n\u00e9cessaire au d\u00e9veloppement du nouveau mat\u00e9riau et, par la suite, soutiendra l&rsquo;arriv\u00e9e sur le march\u00e9 de ces nouvelles solutions d&#8217;emballage durables.<\/p>\n\n\n\n<p>L&rsquo;objectif principal de Guacapack est le d\u00e9veloppement d&rsquo;un nouveau syst\u00e8me de conditionnement biod\u00e9gradable qui prolongera de 15 % la dur\u00e9e de vie des aliments d\u00e9riv\u00e9s de l&rsquo;avocat. Il s&rsquo;agit d&rsquo;une nouvelle technologie bas\u00e9e sur des sources renouvelables qui int\u00e8gre des \u00e9tiquettes barri\u00e8res pour r\u00e9duire la p\u00e9n\u00e9tration d&rsquo;oxyg\u00e8ne \u00e0 l&rsquo;int\u00e9rieur de l\u2019emballage, ainsi que des additifs antioxydants issus des r\u00e9sidus de ce fruit. Guacapack est un projet financ\u00e9 par l&rsquo;AVI (Agence valencienne pour l&rsquo;innovation) dans le cadre du programme de Projets Strat\u00e9giques de Coop\u00e9ration 2020. D\u00e9velopp\u00e9 par un consortium compos\u00e9 d&rsquo;ITC Packaging, Aimplas et le groupe de recherche sur l&rsquo;Analyse des Polym\u00e8res et des Nanomat\u00e9riaux de l&rsquo;Universit\u00e9 d&rsquo;Alicante (Nanobiopol-UA).<\/p>\n","protected":false},"excerpt":{"rendered":"<p>Frutas Montosa et ITC Packaging sont parvenus \u00e0 un accord pour soutenir le d\u00e9veloppement des nouveaux emballages fonctionnels en cours de d\u00e9veloppement dans le cadre du projet Guacapack. Ces emballages repr\u00e9sentent un pari sur la circularit\u00e9 et la r\u00e9utilisation des ressources en r\u00e9utilisant les d\u00e9chets g\u00e9n\u00e9r\u00e9s par la transformation de l&rsquo;avocat dans des emballages pour [&hellip;]<\/p>\n","protected":false},"author":2,"featured_media":50,"comment_status":"open","ping_status":"open","sticky":false,"template":"","format":"standard","meta":[],"categories":[4,5,13,2],"tags":[25,21,24,40,23,22,26],"yoast_head":"<!-- This site is optimized with the Yoast SEO plugin v21.6 - https:\/\/yoast.com\/wordpress\/plugins\/seo\/ -->\r\n<title>Frutas Montosa et ITC Packaging parviennent \u00e0 un accord pour utiliser des r\u00e9sidus d&#039;avocat dans la fabrication de nouveaux emballages - Nouvelles ITC<\/title>\r\n<meta name=\"robots\" content=\"index, follow, max-snippet:-1, max-image-preview:large, max-video-preview:-1\" \/>\r\n<link rel=\"canonical\" href=\"https:\/\/www.itc-packaging.com\/blog\/fr\/frutas-montosa-itc-packaging-utiliser-residus-avocat-fabrication-emballages\/\" \/>\r\n<meta property=\"og:locale\" content=\"fr_FR\" \/>\r\n<meta property=\"og:type\" content=\"article\" \/>\r\n<meta property=\"og:title\" content=\"Frutas Montosa et ITC Packaging parviennent \u00e0 un accord pour utiliser des r\u00e9sidus d&#039;avocat dans la fabrication de nouveaux emballages - Nouvelles ITC\" \/>\r\n<meta property=\"og:description\" content=\"Frutas Montosa et ITC Packaging sont parvenus \u00e0 un accord pour soutenir le d\u00e9veloppement des nouveaux emballages fonctionnels en cours de d\u00e9veloppement dans le cadre du projet Guacapack. Ces emballages repr\u00e9sentent un pari sur la circularit\u00e9 et la r\u00e9utilisation des ressources en r\u00e9utilisant les d\u00e9chets g\u00e9n\u00e9r\u00e9s par la transformation de l&rsquo;avocat dans des emballages pour [&hellip;]\" \/>\r\n<meta property=\"og:url\" content=\"https:\/\/www.itc-packaging.com\/blog\/fr\/frutas-montosa-itc-packaging-utiliser-residus-avocat-fabrication-emballages\/\" \/>\r\n<meta property=\"og:site_name\" content=\"Nouvelles ITC\" \/>\r\n<meta property=\"article:published_time\" content=\"2021-05-05T15:45:00+00:00\" \/>\r\n<meta property=\"article:modified_time\" content=\"2022-06-27T07:36:12+00:00\" \/>\r\n<meta property=\"og:image\" content=\"https:\/\/www.itc-packaging.com\/blog\/fr\/wp-content\/uploads\/sites\/3\/2022\/03\/GUACAPACK-1536x574-1.jpg\" \/>\r\n\t<meta property=\"og:image:width\" content=\"1536\" \/>\r\n\t<meta property=\"og:image:height\" content=\"574\" \/>\r\n\t<meta property=\"og:image:type\" content=\"image\/jpeg\" \/>\r\n<meta name=\"author\" content=\"pedro\" \/>\r\n<meta name=\"twitter:card\" content=\"summary_large_image\" \/>\r\n<meta name=\"twitter:label1\" content=\"\u00c9crit par\" \/>\n\t<meta name=\"twitter:data1\" content=\"pedro\" \/>\n\t<meta name=\"twitter:label2\" content=\"Dur\u00e9e de lecture estim\u00e9e\" \/>\n\t<meta name=\"twitter:data2\" content=\"2 minutes\" \/>\r\n<script type=\"application\/ld+json\" class=\"yoast-schema-graph\">{\"@context\":\"https:\/\/schema.org\",\"@graph\":[{\"@type\":\"WebPage\",\"@id\":\"https:\/\/www.itc-packaging.com\/blog\/fr\/frutas-montosa-itc-packaging-utiliser-residus-avocat-fabrication-emballages\/\",\"url\":\"https:\/\/www.itc-packaging.com\/blog\/fr\/frutas-montosa-itc-packaging-utiliser-residus-avocat-fabrication-emballages\/\",\"name\":\"Frutas Montosa et ITC Packaging parviennent \u00e0 un accord pour utiliser des r\u00e9sidus d'avocat dans la fabrication de nouveaux emballages - Nouvelles ITC\",\"isPartOf\":{\"@id\":\"https:\/\/www.itc-packaging.com\/blog\/fr\/#website\"},\"datePublished\":\"2021-05-05T15:45:00+00:00\",\"dateModified\":\"2022-06-27T07:36:12+00:00\",\"author\":{\"@id\":\"https:\/\/www.itc-packaging.com\/blog\/fr\/#\/schema\/person\/f946f1c7b1d67c8e0231e17bcae52525\"},\"breadcrumb\":{\"@id\":\"https:\/\/www.itc-packaging.com\/blog\/fr\/frutas-montosa-itc-packaging-utiliser-residus-avocat-fabrication-emballages\/#breadcrumb\"},\"inLanguage\":\"fr-FR\",\"potentialAction\":[{\"@type\":\"ReadAction\",\"target\":[\"https:\/\/www.itc-packaging.com\/blog\/fr\/frutas-montosa-itc-packaging-utiliser-residus-avocat-fabrication-emballages\/\"]}]},{\"@type\":\"BreadcrumbList\",\"@id\":\"https:\/\/www.itc-packaging.com\/blog\/fr\/frutas-montosa-itc-packaging-utiliser-residus-avocat-fabrication-emballages\/#breadcrumb\",\"itemListElement\":[{\"@type\":\"ListItem\",\"position\":1,\"name\":\"Portada\",\"item\":\"https:\/\/www.itc-packaging.com\/blog\/fr\/\"},{\"@type\":\"ListItem\",\"position\":2,\"name\":\"Frutas Montosa et ITC Packaging parviennent \u00e0 un accord pour utiliser des r\u00e9sidus d&#8217;avocat dans la fabrication de nouveaux emballages\"}]},{\"@type\":\"WebSite\",\"@id\":\"https:\/\/www.itc-packaging.com\/blog\/fr\/#website\",\"url\":\"https:\/\/www.itc-packaging.com\/blog\/fr\/\",\"name\":\"Nouvelles ITC\",\"description\":\"Fabricants des emballages pour les industries de l&#039;alimentation et des cosm\u00e9tiques\",\"potentialAction\":[{\"@type\":\"SearchAction\",\"target\":{\"@type\":\"EntryPoint\",\"urlTemplate\":\"https:\/\/www.itc-packaging.com\/blog\/fr\/?s={search_term_string}\"},\"query-input\":\"required name=search_term_string\"}],\"inLanguage\":\"fr-FR\"},{\"@type\":\"Person\",\"@id\":\"https:\/\/www.itc-packaging.com\/blog\/fr\/#\/schema\/person\/f946f1c7b1d67c8e0231e17bcae52525\",\"name\":\"pedro\",\"image\":{\"@type\":\"ImageObject\",\"inLanguage\":\"fr-FR\",\"@id\":\"https:\/\/www.itc-packaging.com\/blog\/fr\/#\/schema\/person\/image\/\",\"url\":\"https:\/\/secure.gravatar.com\/avatar\/c8d8bb2f3db0c346fa38a8963d9ef085?s=96&d=mm&r=g\",\"contentUrl\":\"https:\/\/secure.gravatar.com\/avatar\/c8d8bb2f3db0c346fa38a8963d9ef085?s=96&d=mm&r=g\",\"caption\":\"pedro\"},\"url\":\"https:\/\/www.itc-packaging.com\/blog\/fr\/author\/pedro\/\"}]}<\/script>\r\n<!-- \/ Yoast SEO plugin. -->","yoast_head_json":{"title":"Frutas Montosa et ITC Packaging parviennent \u00e0 un accord pour utiliser des r\u00e9sidus d'avocat dans la fabrication de nouveaux emballages - Nouvelles ITC","robots":{"index":"index","follow":"follow","max-snippet":"max-snippet:-1","max-image-preview":"max-image-preview:large","max-video-preview":"max-video-preview:-1"},"canonical":"https:\/\/www.itc-packaging.com\/blog\/fr\/frutas-montosa-itc-packaging-utiliser-residus-avocat-fabrication-emballages\/","og_locale":"fr_FR","og_type":"article","og_title":"Frutas Montosa et ITC Packaging parviennent \u00e0 un accord pour utiliser des r\u00e9sidus d'avocat dans la fabrication de nouveaux emballages - Nouvelles ITC","og_description":"Frutas Montosa et ITC Packaging sont parvenus \u00e0 un accord pour soutenir le d\u00e9veloppement des nouveaux emballages fonctionnels en cours de d\u00e9veloppement dans le cadre du projet Guacapack. Ces emballages repr\u00e9sentent un pari sur la circularit\u00e9 et la r\u00e9utilisation des ressources en r\u00e9utilisant les d\u00e9chets g\u00e9n\u00e9r\u00e9s par la transformation de l&rsquo;avocat dans des emballages pour [&hellip;]","og_url":"https:\/\/www.itc-packaging.com\/blog\/fr\/frutas-montosa-itc-packaging-utiliser-residus-avocat-fabrication-emballages\/","og_site_name":"Nouvelles ITC","article_published_time":"2021-05-05T15:45:00+00:00","article_modified_time":"2022-06-27T07:36:12+00:00","og_image":[{"width":1536,"height":574,"url":"https:\/\/www.itc-packaging.com\/blog\/fr\/wp-content\/uploads\/sites\/3\/2022\/03\/GUACAPACK-1536x574-1.jpg","type":"image\/jpeg"}],"author":"pedro","twitter_card":"summary_large_image","twitter_misc":{"\u00c9crit par":"pedro","Dur\u00e9e de lecture estim\u00e9e":"2 minutes"},"schema":{"@context":"https:\/\/schema.org","@graph":[{"@type":"WebPage","@id":"https:\/\/www.itc-packaging.com\/blog\/fr\/frutas-montosa-itc-packaging-utiliser-residus-avocat-fabrication-emballages\/","url":"https:\/\/www.itc-packaging.com\/blog\/fr\/frutas-montosa-itc-packaging-utiliser-residus-avocat-fabrication-emballages\/","name":"Frutas Montosa et ITC Packaging parviennent \u00e0 un accord pour utiliser des r\u00e9sidus d'avocat dans la fabrication de nouveaux emballages - Nouvelles ITC","isPartOf":{"@id":"https:\/\/www.itc-packaging.com\/blog\/fr\/#website"},"datePublished":"2021-05-05T15:45:00+00:00","dateModified":"2022-06-27T07:36:12+00:00","author":{"@id":"https:\/\/www.itc-packaging.com\/blog\/fr\/#\/schema\/person\/f946f1c7b1d67c8e0231e17bcae52525"},"breadcrumb":{"@id":"https:\/\/www.itc-packaging.com\/blog\/fr\/frutas-montosa-itc-packaging-utiliser-residus-avocat-fabrication-emballages\/#breadcrumb"},"inLanguage":"fr-FR","potentialAction":[{"@type":"ReadAction","target":["https:\/\/www.itc-packaging.com\/blog\/fr\/frutas-montosa-itc-packaging-utiliser-residus-avocat-fabrication-emballages\/"]}]},{"@type":"BreadcrumbList","@id":"https:\/\/www.itc-packaging.com\/blog\/fr\/frutas-montosa-itc-packaging-utiliser-residus-avocat-fabrication-emballages\/#breadcrumb","itemListElement":[{"@type":"ListItem","position":1,"name":"Portada","item":"https:\/\/www.itc-packaging.com\/blog\/fr\/"},{"@type":"ListItem","position":2,"name":"Frutas Montosa et ITC Packaging parviennent \u00e0 un accord pour utiliser des r\u00e9sidus d&#8217;avocat dans la fabrication de nouveaux emballages"}]},{"@type":"WebSite","@id":"https:\/\/www.itc-packaging.com\/blog\/fr\/#website","url":"https:\/\/www.itc-packaging.com\/blog\/fr\/","name":"Nouvelles ITC","description":"Fabricants des emballages pour les industries de l&#039;alimentation et des cosm\u00e9tiques","potentialAction":[{"@type":"SearchAction","target":{"@type":"EntryPoint","urlTemplate":"https:\/\/www.itc-packaging.com\/blog\/fr\/?s={search_term_string}"},"query-input":"required name=search_term_string"}],"inLanguage":"fr-FR"},{"@type":"Person","@id":"https:\/\/www.itc-packaging.com\/blog\/fr\/#\/schema\/person\/f946f1c7b1d67c8e0231e17bcae52525","name":"pedro","image":{"@type":"ImageObject","inLanguage":"fr-FR","@id":"https:\/\/www.itc-packaging.com\/blog\/fr\/#\/schema\/person\/image\/","url":"https:\/\/secure.gravatar.com\/avatar\/c8d8bb2f3db0c346fa38a8963d9ef085?s=96&d=mm&r=g","contentUrl":"https:\/\/secure.gravatar.com\/avatar\/c8d8bb2f3db0c346fa38a8963d9ef085?s=96&d=mm&r=g","caption":"pedro"},"url":"https:\/\/www.itc-packaging.com\/blog\/fr\/author\/pedro\/"}]}},"_links":{"self":[{"href":"https:\/\/www.itc-packaging.com\/blog\/fr\/wp-json\/wp\/v2\/posts\/49"}],"collection":[{"href":"https:\/\/www.itc-packaging.com\/blog\/fr\/wp-json\/wp\/v2\/posts"}],"about":[{"href":"https:\/\/www.itc-packaging.com\/blog\/fr\/wp-json\/wp\/v2\/types\/post"}],"author":[{"embeddable":true,"href":"https:\/\/www.itc-packaging.com\/blog\/fr\/wp-json\/wp\/v2\/users\/2"}],"replies":[{"embeddable":true,"href":"https:\/\/www.itc-packaging.com\/blog\/fr\/wp-json\/wp\/v2\/comments?post=49"}],"version-history":[{"count":1,"href":"https:\/\/www.itc-packaging.com\/blog\/fr\/wp-json\/wp\/v2\/posts\/49\/revisions"}],"predecessor-version":[{"id":51,"href":"https:\/\/www.itc-packaging.com\/blog\/fr\/wp-json\/wp\/v2\/posts\/49\/revisions\/51"}],"wp:featuredmedia":[{"embeddable":true,"href":"https:\/\/www.itc-packaging.com\/blog\/fr\/wp-json\/wp\/v2\/media\/50"}],"wp:attachment":[{"href":"https:\/\/www.itc-packaging.com\/blog\/fr\/wp-json\/wp\/v2\/media?parent=49"}],"wp:term":[{"taxonomy":"category","embeddable":true,"href":"https:\/\/www.itc-packaging.com\/blog\/fr\/wp-json\/wp\/v2\/categories?post=49"},{"taxonomy":"post_tag","embeddable":true,"href":"https:\/\/www.itc-packaging.com\/blog\/fr\/wp-json\/wp\/v2\/tags?post=49"}],"curies":[{"name":"wp","href":"https:\/\/api.w.org\/{rel}","templated":true}]}}