{"id":55,"date":"2021-06-03T18:01:00","date_gmt":"2021-06-03T16:01:00","guid":{"rendered":"https:\/\/www.itc-packaging.com\/blog\/fr\/?p=55"},"modified":"2022-06-27T09:37:10","modified_gmt":"2022-06-27T07:37:10","slug":"quest-ce-que-le-pp-recycle-mecaniquement","status":"publish","type":"post","link":"https:\/\/www.itc-packaging.com\/blog\/fr\/quest-ce-que-le-pp-recycle-mecaniquement\/","title":{"rendered":"Qu&rsquo;est-ce que le PP recycl\u00e9 m\u00e9caniquement ?"},"content":{"rendered":"\n<h2 class=\"wp-block-heading\"><em>Le polypropyl\u00e8ne recycl\u00e9 m\u00e9caniquement est destin\u00e9 au march\u00e9 non alimentaire.<\/em><\/h2>\n\n\n\n<p>Le polypropyl\u00e8ne issu du <a href=\"https:\/\/www.itc-packaging.com\/blog\/fr\/category\/rpp-pp-recycle-non-alimentaire\/\">recyclage m\u00e9canique <\/a> est g\u00e9r\u00e9 via les syst\u00e8mes de collecte actuels et ne peut \u00eatre destin\u00e9 qu&rsquo;au march\u00e9 non alimentaire. Les industries du march\u00e9 non alimentaire telles que <a href=\"https:\/\/www.itc-packaging.com\/fr\/emballage-standard\/peinture-et-chimique\/\">les peintures<\/a>, <a href=\"https:\/\/www.itc-packaging.com\/fr\/emballage-standard\/peinture-et-chimique\/\">les produits chimiques,<\/a> les insecticides, les produits phytosanitaires, <a href=\"https:\/\/www.itc-packaging.com\/fr\/emballage-standard\/nettoyage-menager\/\">les produits de nettoyage pour la maison<\/a> ou les fournitures industrielles sont les destinataires de ces emballages en PP recycl\u00e9.<\/p>\n\n\n\n<p>Nos emballages en polypropyl\u00e8ne post-consommation sont fabriqu\u00e9s avec des mat\u00e9riaux recycl\u00e9s de haute qualit\u00e9 et peuvent \u00eatre industrialis\u00e9s avec nos moyens de production actuels, y compris les moules et les machines. La seule diff\u00e9rence visible est qu&rsquo;en utilisant une mati\u00e8re premi\u00e8re issue d&rsquo;un m\u00e9lange de mati\u00e8res, les granul\u00e9s obtenus ont une couleur de base, ce qui ne permet pas aux emballages d&rsquo;\u00eatre transparents. Pour le reste, ce sont des emballages tout aussi pratiques, l\u00e9gers, r\u00e9sistants et polyvalents que ceux fabriqu\u00e9s en <a href=\"https:\/\/www.itc-packaging.com\/fr\/emballage-standard\/materiel-pp\/\">polypropyl\u00e8ne vierge<\/a> qui collaborent \u00e0 la mise en place d&rsquo;une \u00e9conomie circulaire du plastique.<\/p>\n\n\n\n<figure class=\"wp-block-image size-large\"><img decoding=\"async\" loading=\"lazy\" width=\"900\" height=\"500\" src=\"https:\/\/www.itc-packaging.com\/blog\/fr\/wp-content\/uploads\/sites\/3\/2022\/03\/800x500-graficas-sostenibilidad-web-rpp-non-fod.jpg\" alt=\"\" class=\"wp-image-56\"\/><\/figure>\n","protected":false},"excerpt":{"rendered":"<p>Le polypropyl\u00e8ne recycl\u00e9 m\u00e9caniquement est destin\u00e9 au march\u00e9 non alimentaire.<\/p>\n","protected":false},"author":2,"featured_media":57,"comment_status":"open","ping_status":"open","sticky":false,"template":"","format":"standard","meta":[],"categories":[13,15],"tags":[42,24,30,27,28,29],"yoast_head":"<!-- This site is optimized with the Yoast SEO plugin v21.6 - https:\/\/yoast.com\/wordpress\/plugins\/seo\/ -->\r\n<title>Qu&#039;est-ce que le PP recycl\u00e9 m\u00e9caniquement ? - Nouvelles ITC<\/title>\r\n<meta name=\"robots\" content=\"index, follow, max-snippet:-1, max-image-preview:large, max-video-preview:-1\" \/>\r\n<link rel=\"canonical\" href=\"https:\/\/www.itc-packaging.com\/blog\/fr\/quest-ce-que-le-pp-recycle-mecaniquement\/\" \/>\r\n<meta property=\"og:locale\" content=\"fr_FR\" \/>\r\n<meta property=\"og:type\" content=\"article\" \/>\r\n<meta property=\"og:title\" content=\"Qu&#039;est-ce que le PP recycl\u00e9 m\u00e9caniquement ? - Nouvelles ITC\" \/>\r\n<meta property=\"og:description\" content=\"Le polypropyl\u00e8ne recycl\u00e9 m\u00e9caniquement est destin\u00e9 au march\u00e9 non alimentaire.\" \/>\r\n<meta property=\"og:url\" content=\"https:\/\/www.itc-packaging.com\/blog\/fr\/quest-ce-que-le-pp-recycle-mecaniquement\/\" \/>\r\n<meta property=\"og:site_name\" content=\"Nouvelles ITC\" \/>\r\n<meta property=\"article:published_time\" content=\"2021-06-03T16:01:00+00:00\" \/>\r\n<meta property=\"article:modified_time\" content=\"2022-06-27T07:37:10+00:00\" \/>\r\n<meta property=\"og:image\" content=\"https:\/\/www.itc-packaging.com\/blog\/fr\/wp-content\/uploads\/sites\/3\/2022\/03\/banner-rpp-non-food.jpeg\" \/>\r\n\t<meta property=\"og:image:width\" content=\"880\" \/>\r\n\t<meta property=\"og:image:height\" content=\"450\" \/>\r\n\t<meta property=\"og:image:type\" content=\"image\/jpeg\" \/>\r\n<meta name=\"author\" content=\"pedro\" \/>\r\n<meta name=\"twitter:card\" content=\"summary_large_image\" \/>\r\n<meta name=\"twitter:label1\" content=\"\u00c9crit par\" \/>\n\t<meta name=\"twitter:data1\" content=\"pedro\" \/>\n\t<meta name=\"twitter:label2\" content=\"Dur\u00e9e de lecture estim\u00e9e\" \/>\n\t<meta name=\"twitter:data2\" content=\"2 minutes\" \/>\r\n<script type=\"application\/ld+json\" class=\"yoast-schema-graph\">{\"@context\":\"https:\/\/schema.org\",\"@graph\":[{\"@type\":\"WebPage\",\"@id\":\"https:\/\/www.itc-packaging.com\/blog\/fr\/quest-ce-que-le-pp-recycle-mecaniquement\/\",\"url\":\"https:\/\/www.itc-packaging.com\/blog\/fr\/quest-ce-que-le-pp-recycle-mecaniquement\/\",\"name\":\"Qu'est-ce que le PP recycl\u00e9 m\u00e9caniquement ? - Nouvelles ITC\",\"isPartOf\":{\"@id\":\"https:\/\/www.itc-packaging.com\/blog\/fr\/#website\"},\"datePublished\":\"2021-06-03T16:01:00+00:00\",\"dateModified\":\"2022-06-27T07:37:10+00:00\",\"author\":{\"@id\":\"https:\/\/www.itc-packaging.com\/blog\/fr\/#\/schema\/person\/f946f1c7b1d67c8e0231e17bcae52525\"},\"breadcrumb\":{\"@id\":\"https:\/\/www.itc-packaging.com\/blog\/fr\/quest-ce-que-le-pp-recycle-mecaniquement\/#breadcrumb\"},\"inLanguage\":\"fr-FR\",\"potentialAction\":[{\"@type\":\"ReadAction\",\"target\":[\"https:\/\/www.itc-packaging.com\/blog\/fr\/quest-ce-que-le-pp-recycle-mecaniquement\/\"]}]},{\"@type\":\"BreadcrumbList\",\"@id\":\"https:\/\/www.itc-packaging.com\/blog\/fr\/quest-ce-que-le-pp-recycle-mecaniquement\/#breadcrumb\",\"itemListElement\":[{\"@type\":\"ListItem\",\"position\":1,\"name\":\"Portada\",\"item\":\"https:\/\/www.itc-packaging.com\/blog\/fr\/\"},{\"@type\":\"ListItem\",\"position\":2,\"name\":\"Qu&#8217;est-ce que le PP recycl\u00e9 m\u00e9caniquement ?\"}]},{\"@type\":\"WebSite\",\"@id\":\"https:\/\/www.itc-packaging.com\/blog\/fr\/#website\",\"url\":\"https:\/\/www.itc-packaging.com\/blog\/fr\/\",\"name\":\"Nouvelles ITC\",\"description\":\"Fabricants des emballages pour les industries de l&#039;alimentation et des cosm\u00e9tiques\",\"potentialAction\":[{\"@type\":\"SearchAction\",\"target\":{\"@type\":\"EntryPoint\",\"urlTemplate\":\"https:\/\/www.itc-packaging.com\/blog\/fr\/?s={search_term_string}\"},\"query-input\":\"required name=search_term_string\"}],\"inLanguage\":\"fr-FR\"},{\"@type\":\"Person\",\"@id\":\"https:\/\/www.itc-packaging.com\/blog\/fr\/#\/schema\/person\/f946f1c7b1d67c8e0231e17bcae52525\",\"name\":\"pedro\",\"image\":{\"@type\":\"ImageObject\",\"inLanguage\":\"fr-FR\",\"@id\":\"https:\/\/www.itc-packaging.com\/blog\/fr\/#\/schema\/person\/image\/\",\"url\":\"https:\/\/secure.gravatar.com\/avatar\/c8d8bb2f3db0c346fa38a8963d9ef085?s=96&d=mm&r=g\",\"contentUrl\":\"https:\/\/secure.gravatar.com\/avatar\/c8d8bb2f3db0c346fa38a8963d9ef085?s=96&d=mm&r=g\",\"caption\":\"pedro\"},\"url\":\"https:\/\/www.itc-packaging.com\/blog\/fr\/author\/pedro\/\"}]}<\/script>\r\n<!-- \/ Yoast SEO plugin. -->","yoast_head_json":{"title":"Qu'est-ce que le PP recycl\u00e9 m\u00e9caniquement ? - Nouvelles ITC","robots":{"index":"index","follow":"follow","max-snippet":"max-snippet:-1","max-image-preview":"max-image-preview:large","max-video-preview":"max-video-preview:-1"},"canonical":"https:\/\/www.itc-packaging.com\/blog\/fr\/quest-ce-que-le-pp-recycle-mecaniquement\/","og_locale":"fr_FR","og_type":"article","og_title":"Qu'est-ce que le PP recycl\u00e9 m\u00e9caniquement ? - Nouvelles ITC","og_description":"Le polypropyl\u00e8ne recycl\u00e9 m\u00e9caniquement est destin\u00e9 au march\u00e9 non alimentaire.","og_url":"https:\/\/www.itc-packaging.com\/blog\/fr\/quest-ce-que-le-pp-recycle-mecaniquement\/","og_site_name":"Nouvelles ITC","article_published_time":"2021-06-03T16:01:00+00:00","article_modified_time":"2022-06-27T07:37:10+00:00","og_image":[{"width":880,"height":450,"url":"https:\/\/www.itc-packaging.com\/blog\/fr\/wp-content\/uploads\/sites\/3\/2022\/03\/banner-rpp-non-food.jpeg","type":"image\/jpeg"}],"author":"pedro","twitter_card":"summary_large_image","twitter_misc":{"\u00c9crit par":"pedro","Dur\u00e9e de lecture estim\u00e9e":"2 minutes"},"schema":{"@context":"https:\/\/schema.org","@graph":[{"@type":"WebPage","@id":"https:\/\/www.itc-packaging.com\/blog\/fr\/quest-ce-que-le-pp-recycle-mecaniquement\/","url":"https:\/\/www.itc-packaging.com\/blog\/fr\/quest-ce-que-le-pp-recycle-mecaniquement\/","name":"Qu'est-ce que le PP recycl\u00e9 m\u00e9caniquement ? - Nouvelles ITC","isPartOf":{"@id":"https:\/\/www.itc-packaging.com\/blog\/fr\/#website"},"datePublished":"2021-06-03T16:01:00+00:00","dateModified":"2022-06-27T07:37:10+00:00","author":{"@id":"https:\/\/www.itc-packaging.com\/blog\/fr\/#\/schema\/person\/f946f1c7b1d67c8e0231e17bcae52525"},"breadcrumb":{"@id":"https:\/\/www.itc-packaging.com\/blog\/fr\/quest-ce-que-le-pp-recycle-mecaniquement\/#breadcrumb"},"inLanguage":"fr-FR","potentialAction":[{"@type":"ReadAction","target":["https:\/\/www.itc-packaging.com\/blog\/fr\/quest-ce-que-le-pp-recycle-mecaniquement\/"]}]},{"@type":"BreadcrumbList","@id":"https:\/\/www.itc-packaging.com\/blog\/fr\/quest-ce-que-le-pp-recycle-mecaniquement\/#breadcrumb","itemListElement":[{"@type":"ListItem","position":1,"name":"Portada","item":"https:\/\/www.itc-packaging.com\/blog\/fr\/"},{"@type":"ListItem","position":2,"name":"Qu&#8217;est-ce que le PP recycl\u00e9 m\u00e9caniquement ?"}]},{"@type":"WebSite","@id":"https:\/\/www.itc-packaging.com\/blog\/fr\/#website","url":"https:\/\/www.itc-packaging.com\/blog\/fr\/","name":"Nouvelles ITC","description":"Fabricants des emballages pour les industries de l&#039;alimentation et des cosm\u00e9tiques","potentialAction":[{"@type":"SearchAction","target":{"@type":"EntryPoint","urlTemplate":"https:\/\/www.itc-packaging.com\/blog\/fr\/?s={search_term_string}"},"query-input":"required name=search_term_string"}],"inLanguage":"fr-FR"},{"@type":"Person","@id":"https:\/\/www.itc-packaging.com\/blog\/fr\/#\/schema\/person\/f946f1c7b1d67c8e0231e17bcae52525","name":"pedro","image":{"@type":"ImageObject","inLanguage":"fr-FR","@id":"https:\/\/www.itc-packaging.com\/blog\/fr\/#\/schema\/person\/image\/","url":"https:\/\/secure.gravatar.com\/avatar\/c8d8bb2f3db0c346fa38a8963d9ef085?s=96&d=mm&r=g","contentUrl":"https:\/\/secure.gravatar.com\/avatar\/c8d8bb2f3db0c346fa38a8963d9ef085?s=96&d=mm&r=g","caption":"pedro"},"url":"https:\/\/www.itc-packaging.com\/blog\/fr\/author\/pedro\/"}]}},"_links":{"self":[{"href":"https:\/\/www.itc-packaging.com\/blog\/fr\/wp-json\/wp\/v2\/posts\/55"}],"collection":[{"href":"https:\/\/www.itc-packaging.com\/blog\/fr\/wp-json\/wp\/v2\/posts"}],"about":[{"href":"https:\/\/www.itc-packaging.com\/blog\/fr\/wp-json\/wp\/v2\/types\/post"}],"author":[{"embeddable":true,"href":"https:\/\/www.itc-packaging.com\/blog\/fr\/wp-json\/wp\/v2\/users\/2"}],"replies":[{"embeddable":true,"href":"https:\/\/www.itc-packaging.com\/blog\/fr\/wp-json\/wp\/v2\/comments?post=55"}],"version-history":[{"count":1,"href":"https:\/\/www.itc-packaging.com\/blog\/fr\/wp-json\/wp\/v2\/posts\/55\/revisions"}],"predecessor-version":[{"id":58,"href":"https:\/\/www.itc-packaging.com\/blog\/fr\/wp-json\/wp\/v2\/posts\/55\/revisions\/58"}],"wp:featuredmedia":[{"embeddable":true,"href":"https:\/\/www.itc-packaging.com\/blog\/fr\/wp-json\/wp\/v2\/media\/57"}],"wp:attachment":[{"href":"https:\/\/www.itc-packaging.com\/blog\/fr\/wp-json\/wp\/v2\/media?parent=55"}],"wp:term":[{"taxonomy":"category","embeddable":true,"href":"https:\/\/www.itc-packaging.com\/blog\/fr\/wp-json\/wp\/v2\/categories?post=55"},{"taxonomy":"post_tag","embeddable":true,"href":"https:\/\/www.itc-packaging.com\/blog\/fr\/wp-json\/wp\/v2\/tags?post=55"}],"curies":[{"name":"wp","href":"https:\/\/api.w.org\/{rel}","templated":true}]}}