{"id":132,"date":"2020-11-03T14:00:58","date_gmt":"2020-11-03T14:00:58","guid":{"rendered":"https:\/\/20.107.179.91\/blog\/?p=132"},"modified":"2021-07-23T08:07:58","modified_gmt":"2021-07-23T08:07:58","slug":"proyecto-id-desarrollo-envases-biodegradables-compostables","status":"publish","type":"post","link":"https:\/\/www.itc-packaging.com\/blog\/proyecto-id-desarrollo-envases-biodegradables-compostables\/","title":{"rendered":"Proyecto de I+D para el desarrollo de envases biodegradables compostables"},"content":{"rendered":"\n<p>Siguiendo con la senda de innovaci\u00f3n continua en la l\u00ednea de productos sostenibles, durante 2020 hemos iniciado un ambicioso proyecto de I+D que tiene como objetivo el desarrollo de innovadores envases esterilizables con pl\u00e1sticos biodegradables compostables.<\/p>\n\n\n\n<p>Gracias a este proyecto obtendremos envases compostables para alimentaci\u00f3n, aptos para someterse a procesos de esterilizaci\u00f3n a alta temperatura, con los que nuestros clientes continuar\u00e1n comercializando sus alimentos de la manera m\u00e1s segura, eficiente y sostenible.<\/p>\n\n\n\n<p>Este proyecto, con n\u00famero de expediente INNTA2\/2020\/9, incluye la contrataci\u00f3n de personal investigador que ha sido apoyada por la Agencia Valenciana de la Innovaci\u00f3n en el programa de&nbsp;<em>Promoci\u00f3n del Talento<\/em>. L\u00cdNEA: L2.&nbsp;<em>Incorporaci\u00f3n de personas investigadoras y tecn\u00f3logas para proyectos de innovaci\u00f3n en empresas<\/em>. SUBL\u00cdNEA: 2.1&nbsp;<em>Contrataci\u00f3n de personal investigador o tecn\u00f3logo para desarrollar actividades de I+D+i<\/em>.<\/p>\n\n\n\n<div class=\"wp-block-image\"><figure class=\"aligncenter size-large is-resized\"><img decoding=\"async\" loading=\"lazy\" src=\"https:\/\/20.107.179.91\/blog\/wp-content\/uploads\/2021\/07\/gva-avi-1024x245.jpg\" alt=\"\" class=\"wp-image-144\" width=\"768\" height=\"184\" srcset=\"https:\/\/www.itc-packaging.com\/blog\/wp-content\/uploads\/2021\/07\/gva-avi-1024x245.jpg 1024w, https:\/\/www.itc-packaging.com\/blog\/wp-content\/uploads\/2021\/07\/gva-avi-300x72.jpg 300w, https:\/\/www.itc-packaging.com\/blog\/wp-content\/uploads\/2021\/07\/gva-avi-768x184.jpg 768w, https:\/\/www.itc-packaging.com\/blog\/wp-content\/uploads\/2021\/07\/gva-avi.jpg 1137w\" sizes=\"(max-width: 768px) 100vw, 768px\" \/><\/figure><\/div>\n\n\n\n<p><\/p>\n","protected":false},"excerpt":{"rendered":"<p>ITC Packaging participa en un ambicioso proyecto de i+D que tiene como objetivo desarrollar envases esterilizables con pl\u00e1sticos biodegradables compostables.<\/p>\n","protected":false},"author":2,"featured_media":134,"comment_status":"closed","ping_status":"closed","sticky":false,"template":"","format":"standard","meta":[],"categories":[22,11,10],"tags":[],"yoast_head":"<!-- This site is optimized with the Yoast SEO plugin v21.6 - https:\/\/yoast.com\/wordpress\/plugins\/seo\/ -->\r\n<title>Proyecto de I+D para el desarrollo de envases biodegradables compostables - ITC Noticias<\/title>\r\n<meta name=\"robots\" content=\"index, follow, max-snippet:-1, max-image-preview:large, max-video-preview:-1\" \/>\r\n<link rel=\"canonical\" href=\"https:\/\/www.itc-packaging.com\/blog\/proyecto-id-desarrollo-envases-biodegradables-compostables\/\" \/>\r\n<meta property=\"og:locale\" content=\"es_ES\" \/>\r\n<meta property=\"og:type\" content=\"article\" \/>\r\n<meta property=\"og:title\" content=\"Proyecto de I+D para el desarrollo de envases biodegradables compostables - ITC Noticias\" \/>\r\n<meta property=\"og:description\" content=\"ITC Packaging participa en un ambicioso proyecto de i+D que tiene como objetivo desarrollar envases esterilizables con pl\u00e1sticos biodegradables compostables.\" \/>\r\n<meta property=\"og:url\" content=\"https:\/\/www.itc-packaging.com\/blog\/proyecto-id-desarrollo-envases-biodegradables-compostables\/\" \/>\r\n<meta property=\"og:site_name\" content=\"ITC Noticias\" \/>\r\n<meta property=\"article:publisher\" content=\"http:\/\/www.facebook.com\/ITCpackaging\" \/>\r\n<meta property=\"article:published_time\" content=\"2020-11-03T14:00:58+00:00\" \/>\r\n<meta property=\"article:modified_time\" content=\"2021-07-23T08:07:58+00:00\" \/>\r\n<meta property=\"og:image\" content=\"https:\/\/www.itc-packaging.com\/blog\/wp-content\/uploads\/2021\/07\/compostable.jpg\" \/>\r\n\t<meta property=\"og:image:width\" content=\"1536\" \/>\r\n\t<meta property=\"og:image:height\" content=\"574\" \/>\r\n\t<meta property=\"og:image:type\" content=\"image\/jpeg\" \/>\r\n<meta name=\"author\" content=\"pedro\" \/>\r\n<meta name=\"twitter:card\" content=\"summary_large_image\" \/>\r\n<meta name=\"twitter:label1\" content=\"Escrito por\" \/>\n\t<meta name=\"twitter:data1\" content=\"pedro\" \/>\n\t<meta name=\"twitter:label2\" content=\"Tiempo de lectura\" \/>\n\t<meta name=\"twitter:data2\" content=\"1 minuto\" \/>\r\n<script type=\"application\/ld+json\" class=\"yoast-schema-graph\">{\"@context\":\"https:\/\/schema.org\",\"@graph\":[{\"@type\":\"Article\",\"@id\":\"https:\/\/www.itc-packaging.com\/blog\/proyecto-id-desarrollo-envases-biodegradables-compostables\/#article\",\"isPartOf\":{\"@id\":\"https:\/\/www.itc-packaging.com\/blog\/proyecto-id-desarrollo-envases-biodegradables-compostables\/\"},\"author\":{\"name\":\"pedro\",\"@id\":\"https:\/\/www.itc-packaging.com\/blog\/#\/schema\/person\/f946f1c7b1d67c8e0231e17bcae52525\"},\"headline\":\"Proyecto de I+D para el desarrollo de envases biodegradables compostables\",\"datePublished\":\"2020-11-03T14:00:58+00:00\",\"dateModified\":\"2021-07-23T08:07:58+00:00\",\"mainEntityOfPage\":{\"@id\":\"https:\/\/www.itc-packaging.com\/blog\/proyecto-id-desarrollo-envases-biodegradables-compostables\/\"},\"wordCount\":163,\"publisher\":{\"@id\":\"https:\/\/www.itc-packaging.com\/blog\/#organization\"},\"articleSection\":[\"Compostable\",\"Innovaci\u00f3n\",\"Sostenibilidad\"],\"inLanguage\":\"es\"},{\"@type\":\"WebPage\",\"@id\":\"https:\/\/www.itc-packaging.com\/blog\/proyecto-id-desarrollo-envases-biodegradables-compostables\/\",\"url\":\"https:\/\/www.itc-packaging.com\/blog\/proyecto-id-desarrollo-envases-biodegradables-compostables\/\",\"name\":\"Proyecto de I+D para el desarrollo de envases biodegradables compostables - ITC Noticias\",\"isPartOf\":{\"@id\":\"https:\/\/www.itc-packaging.com\/blog\/#website\"},\"datePublished\":\"2020-11-03T14:00:58+00:00\",\"dateModified\":\"2021-07-23T08:07:58+00:00\",\"breadcrumb\":{\"@id\":\"https:\/\/www.itc-packaging.com\/blog\/proyecto-id-desarrollo-envases-biodegradables-compostables\/#breadcrumb\"},\"inLanguage\":\"es\",\"potentialAction\":[{\"@type\":\"ReadAction\",\"target\":[\"https:\/\/www.itc-packaging.com\/blog\/proyecto-id-desarrollo-envases-biodegradables-compostables\/\"]}]},{\"@type\":\"BreadcrumbList\",\"@id\":\"https:\/\/www.itc-packaging.com\/blog\/proyecto-id-desarrollo-envases-biodegradables-compostables\/#breadcrumb\",\"itemListElement\":[{\"@type\":\"ListItem\",\"position\":1,\"name\":\"Portada\",\"item\":\"https:\/\/www.itc-packaging.com\/blog\/\"},{\"@type\":\"ListItem\",\"position\":2,\"name\":\"Proyecto de I+D para el desarrollo de envases biodegradables compostables\"}]},{\"@type\":\"WebSite\",\"@id\":\"https:\/\/www.itc-packaging.com\/blog\/#website\",\"url\":\"https:\/\/www.itc-packaging.com\/blog\/\",\"name\":\"ITC Noticias\",\"description\":\"Fabricantes de envases para la industria alimentaria y cosm\u00e9tica\",\"publisher\":{\"@id\":\"https:\/\/www.itc-packaging.com\/blog\/#organization\"},\"potentialAction\":[{\"@type\":\"SearchAction\",\"target\":{\"@type\":\"EntryPoint\",\"urlTemplate\":\"https:\/\/www.itc-packaging.com\/blog\/?s={search_term_string}\"},\"query-input\":\"required name=search_term_string\"}],\"inLanguage\":\"es\"},{\"@type\":\"Organization\",\"@id\":\"https:\/\/www.itc-packaging.com\/blog\/#organization\",\"name\":\"ITC Packaging\",\"url\":\"https:\/\/www.itc-packaging.com\/blog\/\",\"logo\":{\"@type\":\"ImageObject\",\"inLanguage\":\"es\",\"@id\":\"https:\/\/www.itc-packaging.com\/blog\/#\/schema\/logo\/image\/\",\"url\":\"https:\/\/www.itc-packaging.com\/blog\/wp-content\/uploads\/2021\/12\/logotipo-color.png\",\"contentUrl\":\"https:\/\/www.itc-packaging.com\/blog\/wp-content\/uploads\/2021\/12\/logotipo-color.png\",\"width\":250,\"height\":102,\"caption\":\"ITC Packaging\"},\"image\":{\"@id\":\"https:\/\/www.itc-packaging.com\/blog\/#\/schema\/logo\/image\/\"},\"sameAs\":[\"http:\/\/www.facebook.com\/ITCpackaging\",\"https:\/\/www.instagram.com\/itcpackaging\/\",\"http:\/\/www.linkedin.com\/company\/2999203\",\"http:\/\/www.youtube.com\/channel\/UCPsvreju-YrdJYJLBnTljMQ\"]},{\"@type\":\"Person\",\"@id\":\"https:\/\/www.itc-packaging.com\/blog\/#\/schema\/person\/f946f1c7b1d67c8e0231e17bcae52525\",\"name\":\"pedro\",\"image\":{\"@type\":\"ImageObject\",\"inLanguage\":\"es\",\"@id\":\"https:\/\/www.itc-packaging.com\/blog\/#\/schema\/person\/image\/\",\"url\":\"https:\/\/secure.gravatar.com\/avatar\/c8d8bb2f3db0c346fa38a8963d9ef085?s=96&d=mm&r=g\",\"contentUrl\":\"https:\/\/secure.gravatar.com\/avatar\/c8d8bb2f3db0c346fa38a8963d9ef085?s=96&d=mm&r=g\",\"caption\":\"pedro\"},\"url\":\"https:\/\/www.itc-packaging.com\/blog\/author\/pedro\/\"}]}<\/script>\r\n<!-- \/ Yoast SEO plugin. -->","yoast_head_json":{"title":"Proyecto de I+D para el desarrollo de envases biodegradables compostables - ITC Noticias","robots":{"index":"index","follow":"follow","max-snippet":"max-snippet:-1","max-image-preview":"max-image-preview:large","max-video-preview":"max-video-preview:-1"},"canonical":"https:\/\/www.itc-packaging.com\/blog\/proyecto-id-desarrollo-envases-biodegradables-compostables\/","og_locale":"es_ES","og_type":"article","og_title":"Proyecto de I+D para el desarrollo de envases biodegradables compostables - ITC Noticias","og_description":"ITC Packaging participa en un ambicioso proyecto de i+D que tiene como objetivo desarrollar envases esterilizables con pl\u00e1sticos biodegradables compostables.","og_url":"https:\/\/www.itc-packaging.com\/blog\/proyecto-id-desarrollo-envases-biodegradables-compostables\/","og_site_name":"ITC Noticias","article_publisher":"http:\/\/www.facebook.com\/ITCpackaging","article_published_time":"2020-11-03T14:00:58+00:00","article_modified_time":"2021-07-23T08:07:58+00:00","og_image":[{"width":1536,"height":574,"url":"https:\/\/www.itc-packaging.com\/blog\/wp-content\/uploads\/2021\/07\/compostable.jpg","type":"image\/jpeg"}],"author":"pedro","twitter_card":"summary_large_image","twitter_misc":{"Escrito por":"pedro","Tiempo de lectura":"1 minuto"},"schema":{"@context":"https:\/\/schema.org","@graph":[{"@type":"Article","@id":"https:\/\/www.itc-packaging.com\/blog\/proyecto-id-desarrollo-envases-biodegradables-compostables\/#article","isPartOf":{"@id":"https:\/\/www.itc-packaging.com\/blog\/proyecto-id-desarrollo-envases-biodegradables-compostables\/"},"author":{"name":"pedro","@id":"https:\/\/www.itc-packaging.com\/blog\/#\/schema\/person\/f946f1c7b1d67c8e0231e17bcae52525"},"headline":"Proyecto de I+D para el desarrollo de envases biodegradables compostables","datePublished":"2020-11-03T14:00:58+00:00","dateModified":"2021-07-23T08:07:58+00:00","mainEntityOfPage":{"@id":"https:\/\/www.itc-packaging.com\/blog\/proyecto-id-desarrollo-envases-biodegradables-compostables\/"},"wordCount":163,"publisher":{"@id":"https:\/\/www.itc-packaging.com\/blog\/#organization"},"articleSection":["Compostable","Innovaci\u00f3n","Sostenibilidad"],"inLanguage":"es"},{"@type":"WebPage","@id":"https:\/\/www.itc-packaging.com\/blog\/proyecto-id-desarrollo-envases-biodegradables-compostables\/","url":"https:\/\/www.itc-packaging.com\/blog\/proyecto-id-desarrollo-envases-biodegradables-compostables\/","name":"Proyecto de I+D para el desarrollo de envases biodegradables compostables - ITC Noticias","isPartOf":{"@id":"https:\/\/www.itc-packaging.com\/blog\/#website"},"datePublished":"2020-11-03T14:00:58+00:00","dateModified":"2021-07-23T08:07:58+00:00","breadcrumb":{"@id":"https:\/\/www.itc-packaging.com\/blog\/proyecto-id-desarrollo-envases-biodegradables-compostables\/#breadcrumb"},"inLanguage":"es","potentialAction":[{"@type":"ReadAction","target":["https:\/\/www.itc-packaging.com\/blog\/proyecto-id-desarrollo-envases-biodegradables-compostables\/"]}]},{"@type":"BreadcrumbList","@id":"https:\/\/www.itc-packaging.com\/blog\/proyecto-id-desarrollo-envases-biodegradables-compostables\/#breadcrumb","itemListElement":[{"@type":"ListItem","position":1,"name":"Portada","item":"https:\/\/www.itc-packaging.com\/blog\/"},{"@type":"ListItem","position":2,"name":"Proyecto de I+D para el desarrollo de envases biodegradables compostables"}]},{"@type":"WebSite","@id":"https:\/\/www.itc-packaging.com\/blog\/#website","url":"https:\/\/www.itc-packaging.com\/blog\/","name":"ITC Noticias","description":"Fabricantes de envases para la industria alimentaria y cosm\u00e9tica","publisher":{"@id":"https:\/\/www.itc-packaging.com\/blog\/#organization"},"potentialAction":[{"@type":"SearchAction","target":{"@type":"EntryPoint","urlTemplate":"https:\/\/www.itc-packaging.com\/blog\/?s={search_term_string}"},"query-input":"required name=search_term_string"}],"inLanguage":"es"},{"@type":"Organization","@id":"https:\/\/www.itc-packaging.com\/blog\/#organization","name":"ITC Packaging","url":"https:\/\/www.itc-packaging.com\/blog\/","logo":{"@type":"ImageObject","inLanguage":"es","@id":"https:\/\/www.itc-packaging.com\/blog\/#\/schema\/logo\/image\/","url":"https:\/\/www.itc-packaging.com\/blog\/wp-content\/uploads\/2021\/12\/logotipo-color.png","contentUrl":"https:\/\/www.itc-packaging.com\/blog\/wp-content\/uploads\/2021\/12\/logotipo-color.png","width":250,"height":102,"caption":"ITC Packaging"},"image":{"@id":"https:\/\/www.itc-packaging.com\/blog\/#\/schema\/logo\/image\/"},"sameAs":["http:\/\/www.facebook.com\/ITCpackaging","https:\/\/www.instagram.com\/itcpackaging\/","http:\/\/www.linkedin.com\/company\/2999203","http:\/\/www.youtube.com\/channel\/UCPsvreju-YrdJYJLBnTljMQ"]},{"@type":"Person","@id":"https:\/\/www.itc-packaging.com\/blog\/#\/schema\/person\/f946f1c7b1d67c8e0231e17bcae52525","name":"pedro","image":{"@type":"ImageObject","inLanguage":"es","@id":"https:\/\/www.itc-packaging.com\/blog\/#\/schema\/person\/image\/","url":"https:\/\/secure.gravatar.com\/avatar\/c8d8bb2f3db0c346fa38a8963d9ef085?s=96&d=mm&r=g","contentUrl":"https:\/\/secure.gravatar.com\/avatar\/c8d8bb2f3db0c346fa38a8963d9ef085?s=96&d=mm&r=g","caption":"pedro"},"url":"https:\/\/www.itc-packaging.com\/blog\/author\/pedro\/"}]}},"_links":{"self":[{"href":"https:\/\/www.itc-packaging.com\/blog\/wp-json\/wp\/v2\/posts\/132"}],"collection":[{"href":"https:\/\/www.itc-packaging.com\/blog\/wp-json\/wp\/v2\/posts"}],"about":[{"href":"https:\/\/www.itc-packaging.com\/blog\/wp-json\/wp\/v2\/types\/post"}],"author":[{"embeddable":true,"href":"https:\/\/www.itc-packaging.com\/blog\/wp-json\/wp\/v2\/users\/2"}],"replies":[{"embeddable":true,"href":"https:\/\/www.itc-packaging.com\/blog\/wp-json\/wp\/v2\/comments?post=132"}],"version-history":[{"count":6,"href":"https:\/\/www.itc-packaging.com\/blog\/wp-json\/wp\/v2\/posts\/132\/revisions"}],"predecessor-version":[{"id":149,"href":"https:\/\/www.itc-packaging.com\/blog\/wp-json\/wp\/v2\/posts\/132\/revisions\/149"}],"wp:featuredmedia":[{"embeddable":true,"href":"https:\/\/www.itc-packaging.com\/blog\/wp-json\/wp\/v2\/media\/134"}],"wp:attachment":[{"href":"https:\/\/www.itc-packaging.com\/blog\/wp-json\/wp\/v2\/media?parent=132"}],"wp:term":[{"taxonomy":"category","embeddable":true,"href":"https:\/\/www.itc-packaging.com\/blog\/wp-json\/wp\/v2\/categories?post=132"},{"taxonomy":"post_tag","embeddable":true,"href":"https:\/\/www.itc-packaging.com\/blog\/wp-json\/wp\/v2\/tags?post=132"}],"curies":[{"name":"wp","href":"https:\/\/api.w.org\/{rel}","templated":true}]}}