{"id":152,"date":"2020-03-13T08:11:00","date_gmt":"2020-03-13T08:11:00","guid":{"rendered":"https:\/\/20.107.179.91\/blog\/?p=152"},"modified":"2021-07-23T08:21:07","modified_gmt":"2021-07-23T08:21:07","slug":"plan-contingencia-itc-packaging-covid-19","status":"publish","type":"post","link":"https:\/\/www.itc-packaging.com\/blog\/plan-contingencia-itc-packaging-covid-19\/","title":{"rendered":"Plan de contingencia de ITC Packaging en relaci\u00f3n con el COVID-19"},"content":{"rendered":"\n<p>ITC Packaging quiere transmitir a sus clientes y p\u00fablicos de inter\u00e9s que, desde hace unas semanas viene trabajando proactivamente en la implementaci\u00f3n de un plan de contingencia encaminado a paliar las posibles consecuencias derivadas de la propagaci\u00f3n del virus COVID-19. Estas medidas van encaminadas a garantizar la salud de nuestros empleados y seguir ofreciendo servicio a nuestros clientes.<\/p>\n\n\n\n<p>Entre las medidas para evitar la propagaci\u00f3n del virus y para velar por la seguridad de nuestros empleados y colaboradores, hemos extremado las medidas de higiene y asepsia en nuestras instalaciones, implantando nuevos protocolos de limpieza m\u00e1s severos, prohibiendo el acceso a nuestra planta de producci\u00f3n a toda persona ajena a la organizaci\u00f3n, realizando medici\u00f3n de temperatura y a\u00f1adiendo, al habitual uniforme higi\u00e9nico, la obligatoriedad del uso de mascarillas a todo el personal, tanto de plantas productivas como de oficinas.<\/p>\n\n\n\n<p>Para limitar los contactos de riesgo, ITC Packaging ha suspendido los viajes de sus empleados hasta nuevo aviso, recomendando, en todo caso, su sustituci\u00f3n por reuniones en remoto a trav\u00e9s de medios telem\u00e1ticos. Tambi\u00e9n se ha procedido a habilitar los medios necesarios para implantaci\u00f3n del teletrabajo sin perjuicio para el servicio a los clientes.<\/p>\n\n\n\n<p>Desde el punto de vista operacional, en las \u00faltimas semanas hemos acometido un plan de aprovisionamiento para asegurar el flujo de insumos necesarios para la producci\u00f3n de nuestros envases. En caso de que la situaci\u00f3n se prolongue en el tiempo, hemos mantenido una comunicaci\u00f3n activa con nuestros proveedores quienes nos transmiten tranquilidad y nos aseguran el aprovisionamiento para afrontar compromisos futuros. En caso de que la situaci\u00f3n persista se elaborar\u00e1n nuevos planes de contingencia con el objetivo de seguir dando el mejor servicio a nuestros clientes.<\/p>\n\n\n\n<p>Por \u00faltimo, queremos lanzar un mensaje de tranquilidad y una recomendaci\u00f3n a toda la sociedad para que siga las recomendaciones marcadas por los diferentes gobiernos y organismos sanitarios para paliar los efectos derivados de la propagaci\u00f3n del COVID-19. Seguir escrupulosamente las medidas de higiene y las recomendaciones promulgadas por los organismos competentes es la v\u00eda m\u00e1s factible para conseguir ponerle freno.<\/p>\n\n\n\n<p>Lamentamos cualquier inconveniente que la excepcionalidad de la situaci\u00f3n y medidas adoptadas pueda generar.<\/p>\n\n\n\n<p>Atentamente,<\/p>\n\n\n\n<p>ITC Packaging<\/p>\n","protected":false},"excerpt":{"rendered":"<p>ITC Packaging quiere transmitir a sus clientes y p\u00fablicos de inter\u00e9s que, desde hace unas semanas viene trabajando proactivamente en la implementaci\u00f3n de un plan de contingencia encaminado a paliar las posibles consecuencias derivadas de la propagaci\u00f3n del virus COVID-19. Estas medidas van encaminadas a garantizar la salud de nuestros empleados y seguir ofreciendo servicio a nuestros clientes.<\/p>\n","protected":false},"author":2,"featured_media":157,"comment_status":"closed","ping_status":"","sticky":false,"template":"","format":"standard","meta":[],"categories":[3],"tags":[],"yoast_head":"<!-- This site is optimized with the Yoast SEO plugin v21.6 - https:\/\/yoast.com\/wordpress\/plugins\/seo\/ -->\r\n<title>Plan de contingencia de ITC Packaging en relaci\u00f3n con el COVID-19 - ITC Noticias<\/title>\r\n<meta name=\"robots\" content=\"index, follow, max-snippet:-1, max-image-preview:large, max-video-preview:-1\" \/>\r\n<link rel=\"canonical\" href=\"https:\/\/www.itc-packaging.com\/blog\/plan-contingencia-itc-packaging-covid-19\/\" \/>\r\n<meta property=\"og:locale\" content=\"es_ES\" \/>\r\n<meta property=\"og:type\" content=\"article\" \/>\r\n<meta property=\"og:title\" content=\"Plan de contingencia de ITC Packaging en relaci\u00f3n con el COVID-19 - ITC Noticias\" \/>\r\n<meta property=\"og:description\" content=\"ITC Packaging quiere transmitir a sus clientes y p\u00fablicos de inter\u00e9s que, desde hace unas semanas viene trabajando proactivamente en la implementaci\u00f3n de un plan de contingencia encaminado a paliar las posibles consecuencias derivadas de la propagaci\u00f3n del virus COVID-19. Estas medidas van encaminadas a garantizar la salud de nuestros empleados y seguir ofreciendo servicio a nuestros clientes.\" \/>\r\n<meta property=\"og:url\" content=\"https:\/\/www.itc-packaging.com\/blog\/plan-contingencia-itc-packaging-covid-19\/\" \/>\r\n<meta property=\"og:site_name\" content=\"ITC Noticias\" \/>\r\n<meta property=\"article:publisher\" content=\"http:\/\/www.facebook.com\/ITCpackaging\" \/>\r\n<meta property=\"article:published_time\" content=\"2020-03-13T08:11:00+00:00\" \/>\r\n<meta property=\"article:modified_time\" content=\"2021-07-23T08:21:07+00:00\" \/>\r\n<meta property=\"og:image\" content=\"https:\/\/www.itc-packaging.com\/blog\/wp-content\/uploads\/2020\/03\/itc-covid.jpg\" \/>\r\n\t<meta property=\"og:image:width\" content=\"1758\" \/>\r\n\t<meta property=\"og:image:height\" content=\"657\" \/>\r\n\t<meta property=\"og:image:type\" content=\"image\/jpeg\" \/>\r\n<meta name=\"author\" content=\"pedro\" \/>\r\n<meta name=\"twitter:card\" content=\"summary_large_image\" \/>\r\n<meta name=\"twitter:label1\" content=\"Escrito por\" \/>\n\t<meta name=\"twitter:data1\" content=\"pedro\" \/>\n\t<meta name=\"twitter:label2\" content=\"Tiempo de lectura\" \/>\n\t<meta name=\"twitter:data2\" content=\"2 minutos\" \/>\r\n<script type=\"application\/ld+json\" class=\"yoast-schema-graph\">{\"@context\":\"https:\/\/schema.org\",\"@graph\":[{\"@type\":\"Article\",\"@id\":\"https:\/\/www.itc-packaging.com\/blog\/plan-contingencia-itc-packaging-covid-19\/#article\",\"isPartOf\":{\"@id\":\"https:\/\/www.itc-packaging.com\/blog\/plan-contingencia-itc-packaging-covid-19\/\"},\"author\":{\"name\":\"pedro\",\"@id\":\"https:\/\/www.itc-packaging.com\/blog\/#\/schema\/person\/f946f1c7b1d67c8e0231e17bcae52525\"},\"headline\":\"Plan de contingencia de ITC Packaging en relaci\u00f3n con el COVID-19\",\"datePublished\":\"2020-03-13T08:11:00+00:00\",\"dateModified\":\"2021-07-23T08:21:07+00:00\",\"mainEntityOfPage\":{\"@id\":\"https:\/\/www.itc-packaging.com\/blog\/plan-contingencia-itc-packaging-covid-19\/\"},\"wordCount\":394,\"publisher\":{\"@id\":\"https:\/\/www.itc-packaging.com\/blog\/#organization\"},\"articleSection\":[\"Noticias corporativas\"],\"inLanguage\":\"es\"},{\"@type\":\"WebPage\",\"@id\":\"https:\/\/www.itc-packaging.com\/blog\/plan-contingencia-itc-packaging-covid-19\/\",\"url\":\"https:\/\/www.itc-packaging.com\/blog\/plan-contingencia-itc-packaging-covid-19\/\",\"name\":\"Plan de contingencia de ITC Packaging en relaci\u00f3n con el COVID-19 - ITC Noticias\",\"isPartOf\":{\"@id\":\"https:\/\/www.itc-packaging.com\/blog\/#website\"},\"datePublished\":\"2020-03-13T08:11:00+00:00\",\"dateModified\":\"2021-07-23T08:21:07+00:00\",\"breadcrumb\":{\"@id\":\"https:\/\/www.itc-packaging.com\/blog\/plan-contingencia-itc-packaging-covid-19\/#breadcrumb\"},\"inLanguage\":\"es\",\"potentialAction\":[{\"@type\":\"ReadAction\",\"target\":[\"https:\/\/www.itc-packaging.com\/blog\/plan-contingencia-itc-packaging-covid-19\/\"]}]},{\"@type\":\"BreadcrumbList\",\"@id\":\"https:\/\/www.itc-packaging.com\/blog\/plan-contingencia-itc-packaging-covid-19\/#breadcrumb\",\"itemListElement\":[{\"@type\":\"ListItem\",\"position\":1,\"name\":\"Portada\",\"item\":\"https:\/\/www.itc-packaging.com\/blog\/\"},{\"@type\":\"ListItem\",\"position\":2,\"name\":\"Plan de contingencia de ITC Packaging en relaci\u00f3n con el COVID-19\"}]},{\"@type\":\"WebSite\",\"@id\":\"https:\/\/www.itc-packaging.com\/blog\/#website\",\"url\":\"https:\/\/www.itc-packaging.com\/blog\/\",\"name\":\"ITC Noticias\",\"description\":\"Fabricantes de envases para la industria alimentaria y cosm\u00e9tica\",\"publisher\":{\"@id\":\"https:\/\/www.itc-packaging.com\/blog\/#organization\"},\"potentialAction\":[{\"@type\":\"SearchAction\",\"target\":{\"@type\":\"EntryPoint\",\"urlTemplate\":\"https:\/\/www.itc-packaging.com\/blog\/?s={search_term_string}\"},\"query-input\":\"required name=search_term_string\"}],\"inLanguage\":\"es\"},{\"@type\":\"Organization\",\"@id\":\"https:\/\/www.itc-packaging.com\/blog\/#organization\",\"name\":\"ITC Packaging\",\"url\":\"https:\/\/www.itc-packaging.com\/blog\/\",\"logo\":{\"@type\":\"ImageObject\",\"inLanguage\":\"es\",\"@id\":\"https:\/\/www.itc-packaging.com\/blog\/#\/schema\/logo\/image\/\",\"url\":\"https:\/\/www.itc-packaging.com\/blog\/wp-content\/uploads\/2021\/12\/logotipo-color.png\",\"contentUrl\":\"https:\/\/www.itc-packaging.com\/blog\/wp-content\/uploads\/2021\/12\/logotipo-color.png\",\"width\":250,\"height\":102,\"caption\":\"ITC Packaging\"},\"image\":{\"@id\":\"https:\/\/www.itc-packaging.com\/blog\/#\/schema\/logo\/image\/\"},\"sameAs\":[\"http:\/\/www.facebook.com\/ITCpackaging\",\"https:\/\/www.instagram.com\/itcpackaging\/\",\"http:\/\/www.linkedin.com\/company\/2999203\",\"http:\/\/www.youtube.com\/channel\/UCPsvreju-YrdJYJLBnTljMQ\"]},{\"@type\":\"Person\",\"@id\":\"https:\/\/www.itc-packaging.com\/blog\/#\/schema\/person\/f946f1c7b1d67c8e0231e17bcae52525\",\"name\":\"pedro\",\"image\":{\"@type\":\"ImageObject\",\"inLanguage\":\"es\",\"@id\":\"https:\/\/www.itc-packaging.com\/blog\/#\/schema\/person\/image\/\",\"url\":\"https:\/\/secure.gravatar.com\/avatar\/c8d8bb2f3db0c346fa38a8963d9ef085?s=96&d=mm&r=g\",\"contentUrl\":\"https:\/\/secure.gravatar.com\/avatar\/c8d8bb2f3db0c346fa38a8963d9ef085?s=96&d=mm&r=g\",\"caption\":\"pedro\"},\"url\":\"https:\/\/www.itc-packaging.com\/blog\/author\/pedro\/\"}]}<\/script>\r\n<!-- \/ Yoast SEO plugin. -->","yoast_head_json":{"title":"Plan de contingencia de ITC Packaging en relaci\u00f3n con el COVID-19 - ITC Noticias","robots":{"index":"index","follow":"follow","max-snippet":"max-snippet:-1","max-image-preview":"max-image-preview:large","max-video-preview":"max-video-preview:-1"},"canonical":"https:\/\/www.itc-packaging.com\/blog\/plan-contingencia-itc-packaging-covid-19\/","og_locale":"es_ES","og_type":"article","og_title":"Plan de contingencia de ITC Packaging en relaci\u00f3n con el COVID-19 - ITC Noticias","og_description":"ITC Packaging quiere transmitir a sus clientes y p\u00fablicos de inter\u00e9s que, desde hace unas semanas viene trabajando proactivamente en la implementaci\u00f3n de un plan de contingencia encaminado a paliar las posibles consecuencias derivadas de la propagaci\u00f3n del virus COVID-19. Estas medidas van encaminadas a garantizar la salud de nuestros empleados y seguir ofreciendo servicio a nuestros clientes.","og_url":"https:\/\/www.itc-packaging.com\/blog\/plan-contingencia-itc-packaging-covid-19\/","og_site_name":"ITC Noticias","article_publisher":"http:\/\/www.facebook.com\/ITCpackaging","article_published_time":"2020-03-13T08:11:00+00:00","article_modified_time":"2021-07-23T08:21:07+00:00","og_image":[{"width":1758,"height":657,"url":"https:\/\/www.itc-packaging.com\/blog\/wp-content\/uploads\/2020\/03\/itc-covid.jpg","type":"image\/jpeg"}],"author":"pedro","twitter_card":"summary_large_image","twitter_misc":{"Escrito por":"pedro","Tiempo de lectura":"2 minutos"},"schema":{"@context":"https:\/\/schema.org","@graph":[{"@type":"Article","@id":"https:\/\/www.itc-packaging.com\/blog\/plan-contingencia-itc-packaging-covid-19\/#article","isPartOf":{"@id":"https:\/\/www.itc-packaging.com\/blog\/plan-contingencia-itc-packaging-covid-19\/"},"author":{"name":"pedro","@id":"https:\/\/www.itc-packaging.com\/blog\/#\/schema\/person\/f946f1c7b1d67c8e0231e17bcae52525"},"headline":"Plan de contingencia de ITC Packaging en relaci\u00f3n con el COVID-19","datePublished":"2020-03-13T08:11:00+00:00","dateModified":"2021-07-23T08:21:07+00:00","mainEntityOfPage":{"@id":"https:\/\/www.itc-packaging.com\/blog\/plan-contingencia-itc-packaging-covid-19\/"},"wordCount":394,"publisher":{"@id":"https:\/\/www.itc-packaging.com\/blog\/#organization"},"articleSection":["Noticias corporativas"],"inLanguage":"es"},{"@type":"WebPage","@id":"https:\/\/www.itc-packaging.com\/blog\/plan-contingencia-itc-packaging-covid-19\/","url":"https:\/\/www.itc-packaging.com\/blog\/plan-contingencia-itc-packaging-covid-19\/","name":"Plan de contingencia de ITC Packaging en relaci\u00f3n con el COVID-19 - ITC Noticias","isPartOf":{"@id":"https:\/\/www.itc-packaging.com\/blog\/#website"},"datePublished":"2020-03-13T08:11:00+00:00","dateModified":"2021-07-23T08:21:07+00:00","breadcrumb":{"@id":"https:\/\/www.itc-packaging.com\/blog\/plan-contingencia-itc-packaging-covid-19\/#breadcrumb"},"inLanguage":"es","potentialAction":[{"@type":"ReadAction","target":["https:\/\/www.itc-packaging.com\/blog\/plan-contingencia-itc-packaging-covid-19\/"]}]},{"@type":"BreadcrumbList","@id":"https:\/\/www.itc-packaging.com\/blog\/plan-contingencia-itc-packaging-covid-19\/#breadcrumb","itemListElement":[{"@type":"ListItem","position":1,"name":"Portada","item":"https:\/\/www.itc-packaging.com\/blog\/"},{"@type":"ListItem","position":2,"name":"Plan de contingencia de ITC Packaging en relaci\u00f3n con el COVID-19"}]},{"@type":"WebSite","@id":"https:\/\/www.itc-packaging.com\/blog\/#website","url":"https:\/\/www.itc-packaging.com\/blog\/","name":"ITC Noticias","description":"Fabricantes de envases para la industria alimentaria y cosm\u00e9tica","publisher":{"@id":"https:\/\/www.itc-packaging.com\/blog\/#organization"},"potentialAction":[{"@type":"SearchAction","target":{"@type":"EntryPoint","urlTemplate":"https:\/\/www.itc-packaging.com\/blog\/?s={search_term_string}"},"query-input":"required name=search_term_string"}],"inLanguage":"es"},{"@type":"Organization","@id":"https:\/\/www.itc-packaging.com\/blog\/#organization","name":"ITC Packaging","url":"https:\/\/www.itc-packaging.com\/blog\/","logo":{"@type":"ImageObject","inLanguage":"es","@id":"https:\/\/www.itc-packaging.com\/blog\/#\/schema\/logo\/image\/","url":"https:\/\/www.itc-packaging.com\/blog\/wp-content\/uploads\/2021\/12\/logotipo-color.png","contentUrl":"https:\/\/www.itc-packaging.com\/blog\/wp-content\/uploads\/2021\/12\/logotipo-color.png","width":250,"height":102,"caption":"ITC Packaging"},"image":{"@id":"https:\/\/www.itc-packaging.com\/blog\/#\/schema\/logo\/image\/"},"sameAs":["http:\/\/www.facebook.com\/ITCpackaging","https:\/\/www.instagram.com\/itcpackaging\/","http:\/\/www.linkedin.com\/company\/2999203","http:\/\/www.youtube.com\/channel\/UCPsvreju-YrdJYJLBnTljMQ"]},{"@type":"Person","@id":"https:\/\/www.itc-packaging.com\/blog\/#\/schema\/person\/f946f1c7b1d67c8e0231e17bcae52525","name":"pedro","image":{"@type":"ImageObject","inLanguage":"es","@id":"https:\/\/www.itc-packaging.com\/blog\/#\/schema\/person\/image\/","url":"https:\/\/secure.gravatar.com\/avatar\/c8d8bb2f3db0c346fa38a8963d9ef085?s=96&d=mm&r=g","contentUrl":"https:\/\/secure.gravatar.com\/avatar\/c8d8bb2f3db0c346fa38a8963d9ef085?s=96&d=mm&r=g","caption":"pedro"},"url":"https:\/\/www.itc-packaging.com\/blog\/author\/pedro\/"}]}},"_links":{"self":[{"href":"https:\/\/www.itc-packaging.com\/blog\/wp-json\/wp\/v2\/posts\/152"}],"collection":[{"href":"https:\/\/www.itc-packaging.com\/blog\/wp-json\/wp\/v2\/posts"}],"about":[{"href":"https:\/\/www.itc-packaging.com\/blog\/wp-json\/wp\/v2\/types\/post"}],"author":[{"embeddable":true,"href":"https:\/\/www.itc-packaging.com\/blog\/wp-json\/wp\/v2\/users\/2"}],"replies":[{"embeddable":true,"href":"https:\/\/www.itc-packaging.com\/blog\/wp-json\/wp\/v2\/comments?post=152"}],"version-history":[{"count":1,"href":"https:\/\/www.itc-packaging.com\/blog\/wp-json\/wp\/v2\/posts\/152\/revisions"}],"predecessor-version":[{"id":153,"href":"https:\/\/www.itc-packaging.com\/blog\/wp-json\/wp\/v2\/posts\/152\/revisions\/153"}],"wp:featuredmedia":[{"embeddable":true,"href":"https:\/\/www.itc-packaging.com\/blog\/wp-json\/wp\/v2\/media\/157"}],"wp:attachment":[{"href":"https:\/\/www.itc-packaging.com\/blog\/wp-json\/wp\/v2\/media?parent=152"}],"wp:term":[{"taxonomy":"category","embeddable":true,"href":"https:\/\/www.itc-packaging.com\/blog\/wp-json\/wp\/v2\/categories?post=152"},{"taxonomy":"post_tag","embeddable":true,"href":"https:\/\/www.itc-packaging.com\/blog\/wp-json\/wp\/v2\/tags?post=152"}],"curies":[{"name":"wp","href":"https:\/\/api.w.org\/{rel}","templated":true}]}}