{"id":176,"date":"2019-06-26T00:00:10","date_gmt":"2019-06-26T00:00:10","guid":{"rendered":"https:\/\/20.107.179.91\/blog\/?p=176"},"modified":"2021-09-28T08:34:09","modified_gmt":"2021-09-28T08:34:09","slug":"itc-packaging-agricola-villena-desarrollado-conjuntamente-mypack","status":"publish","type":"post","link":"https:\/\/www.itc-packaging.com\/blog\/itc-packaging-agricola-villena-desarrollado-conjuntamente-mypack\/","title":{"rendered":"La transparencia m\u00e1s healthy"},"content":{"rendered":"\n<h4 class=\"wp-block-heading\"><strong>Vivimos en una \u00e9poca caracterizada por un alto ritmo de vida, unas intensas jornadas laborales y unos horarios cada vez menos estables, estos factores nos han llevado a una alimentaci\u00f3n con momentos de consumo m\u00e1s breves e indefinidos que chocan con la aspiraci\u00f3n de disfrutar de una alimentaci\u00f3n m\u00e1s sana y equilibrada.&nbsp;<\/strong><\/h4>\n\n\n\n<p>El consumidor actual busca alimentos sanos y listos para tomar en cualquier ocasi\u00f3n, ya sea en el trabajo, en el transporte o al salir del gym. Para responder a esta necesidad Agr\u00edcola Villena decidi\u00f3 lanzar sus palitos de zanahoria, un snack sabroso, natural y f\u00e1cil de consumir gracias a la posibilidad de tomar s\u00f3lo o acompa\u00f1ado de salsas o hummus a modo de crudit\u00e9s.<\/p>\n\n\n\n<p>Para este nuevo lanzamiento la compa\u00f1\u00eda agr\u00edcola necesitaba un envase que realzar\u00e1 la frescura del producto al tiempo que permitiera una total conservaci\u00f3n de las propiedades organol\u00e9pticas de la zanahoria. El trabajo en equipo de ITC Packaging y Agr\u00edcola Villena ha obtenido como resultado un nuevo MyPack, un envase desarrollado a medida que se ha convertido en el primero en aplicar la tecnolog\u00eda Ultra Clear.<\/p>\n\n\n\n<p>El vaso, fabricado en PP reciclable, incorpora un clarificante que ofrece una alta transparencia potenciada gracias a la decoraci\u00f3n mediante etiquetado IML tambi\u00e9n ultra transparente. Como resultado obtenemos un envase altamente atractivo en el lineal que permite mostrar sin barreras la frescura de los palitos de zanahoria, un snack \u2018healthy\u2019 muy demandado en la actualidad gracias a que se trata de un producto sano, apetitoso y divertido.&nbsp;<\/p>\n\n\n\n<p>Con capacidad de 240 ml el envase es termosellable, permite alargar la vida del producto e incorpora una original tapa que adem\u00e1s&nbsp;&nbsp;&nbsp;optimiza el apilado gracias a su particular geometr\u00eda.&nbsp;&nbsp;Agr\u00edcola Villena, a trav\u00e9s de su marca Hoymecuido, prev\u00e9 comercializarlo en las tiendas de Mercadona de todo&nbsp;&nbsp;el territorio nacional.<\/p>\n","protected":false},"excerpt":{"rendered":"<p>ITC Packaging y Agr\u00edcola Villena han desarrollado conjuntamente un MyPack con alta transparencia que potencia el atractivo de su nuevo snack saludable.<\/p>\n","protected":false},"author":2,"featured_media":250,"comment_status":"closed","ping_status":"closed","sticky":false,"template":"","format":"standard","meta":[],"categories":[5,3],"tags":[],"yoast_head":"<!-- This site is optimized with the Yoast SEO plugin v21.6 - https:\/\/yoast.com\/wordpress\/plugins\/seo\/ -->\r\n<title>La transparencia m\u00e1s healthy - ITC Noticias<\/title>\r\n<meta name=\"robots\" content=\"index, follow, max-snippet:-1, max-image-preview:large, max-video-preview:-1\" \/>\r\n<link rel=\"canonical\" href=\"https:\/\/www.itc-packaging.com\/blog\/itc-packaging-agricola-villena-desarrollado-conjuntamente-mypack\/\" \/>\r\n<meta property=\"og:locale\" content=\"es_ES\" \/>\r\n<meta property=\"og:type\" content=\"article\" \/>\r\n<meta property=\"og:title\" content=\"La transparencia m\u00e1s healthy - ITC Noticias\" \/>\r\n<meta property=\"og:description\" content=\"ITC Packaging y Agr\u00edcola Villena han desarrollado conjuntamente un MyPack con alta transparencia que potencia el atractivo de su nuevo snack saludable.\" \/>\r\n<meta property=\"og:url\" content=\"https:\/\/www.itc-packaging.com\/blog\/itc-packaging-agricola-villena-desarrollado-conjuntamente-mypack\/\" \/>\r\n<meta property=\"og:site_name\" content=\"ITC Noticias\" \/>\r\n<meta property=\"article:publisher\" content=\"http:\/\/www.facebook.com\/ITCpackaging\" \/>\r\n<meta property=\"article:published_time\" content=\"2019-06-26T00:00:10+00:00\" \/>\r\n<meta property=\"article:modified_time\" content=\"2021-09-28T08:34:09+00:00\" \/>\r\n<meta property=\"og:image\" content=\"https:\/\/www.itc-packaging.com\/blog\/wp-content\/uploads\/2019\/06\/palitos-zanahoria.jpg\" \/>\r\n\t<meta property=\"og:image:width\" content=\"1758\" \/>\r\n\t<meta property=\"og:image:height\" content=\"657\" \/>\r\n\t<meta property=\"og:image:type\" content=\"image\/jpeg\" \/>\r\n<meta name=\"author\" content=\"pedro\" \/>\r\n<meta name=\"twitter:card\" content=\"summary_large_image\" \/>\r\n<meta name=\"twitter:label1\" content=\"Escrito por\" \/>\n\t<meta name=\"twitter:data1\" content=\"pedro\" \/>\n\t<meta name=\"twitter:label2\" content=\"Tiempo de lectura\" \/>\n\t<meta name=\"twitter:data2\" content=\"2 minutos\" \/>\r\n<script type=\"application\/ld+json\" class=\"yoast-schema-graph\">{\"@context\":\"https:\/\/schema.org\",\"@graph\":[{\"@type\":\"Article\",\"@id\":\"https:\/\/www.itc-packaging.com\/blog\/itc-packaging-agricola-villena-desarrollado-conjuntamente-mypack\/#article\",\"isPartOf\":{\"@id\":\"https:\/\/www.itc-packaging.com\/blog\/itc-packaging-agricola-villena-desarrollado-conjuntamente-mypack\/\"},\"author\":{\"name\":\"pedro\",\"@id\":\"https:\/\/www.itc-packaging.com\/blog\/#\/schema\/person\/f946f1c7b1d67c8e0231e17bcae52525\"},\"headline\":\"La transparencia m\u00e1s healthy\",\"datePublished\":\"2019-06-26T00:00:10+00:00\",\"dateModified\":\"2021-09-28T08:34:09+00:00\",\"mainEntityOfPage\":{\"@id\":\"https:\/\/www.itc-packaging.com\/blog\/itc-packaging-agricola-villena-desarrollado-conjuntamente-mypack\/\"},\"wordCount\":334,\"publisher\":{\"@id\":\"https:\/\/www.itc-packaging.com\/blog\/#organization\"},\"articleSection\":[\"Envases a Medida\",\"Noticias corporativas\"],\"inLanguage\":\"es\"},{\"@type\":\"WebPage\",\"@id\":\"https:\/\/www.itc-packaging.com\/blog\/itc-packaging-agricola-villena-desarrollado-conjuntamente-mypack\/\",\"url\":\"https:\/\/www.itc-packaging.com\/blog\/itc-packaging-agricola-villena-desarrollado-conjuntamente-mypack\/\",\"name\":\"La transparencia m\u00e1s healthy - ITC Noticias\",\"isPartOf\":{\"@id\":\"https:\/\/www.itc-packaging.com\/blog\/#website\"},\"datePublished\":\"2019-06-26T00:00:10+00:00\",\"dateModified\":\"2021-09-28T08:34:09+00:00\",\"breadcrumb\":{\"@id\":\"https:\/\/www.itc-packaging.com\/blog\/itc-packaging-agricola-villena-desarrollado-conjuntamente-mypack\/#breadcrumb\"},\"inLanguage\":\"es\",\"potentialAction\":[{\"@type\":\"ReadAction\",\"target\":[\"https:\/\/www.itc-packaging.com\/blog\/itc-packaging-agricola-villena-desarrollado-conjuntamente-mypack\/\"]}]},{\"@type\":\"BreadcrumbList\",\"@id\":\"https:\/\/www.itc-packaging.com\/blog\/itc-packaging-agricola-villena-desarrollado-conjuntamente-mypack\/#breadcrumb\",\"itemListElement\":[{\"@type\":\"ListItem\",\"position\":1,\"name\":\"Portada\",\"item\":\"https:\/\/www.itc-packaging.com\/blog\/\"},{\"@type\":\"ListItem\",\"position\":2,\"name\":\"La transparencia m\u00e1s healthy\"}]},{\"@type\":\"WebSite\",\"@id\":\"https:\/\/www.itc-packaging.com\/blog\/#website\",\"url\":\"https:\/\/www.itc-packaging.com\/blog\/\",\"name\":\"ITC Noticias\",\"description\":\"Fabricantes de envases para la industria alimentaria y cosm\u00e9tica\",\"publisher\":{\"@id\":\"https:\/\/www.itc-packaging.com\/blog\/#organization\"},\"potentialAction\":[{\"@type\":\"SearchAction\",\"target\":{\"@type\":\"EntryPoint\",\"urlTemplate\":\"https:\/\/www.itc-packaging.com\/blog\/?s={search_term_string}\"},\"query-input\":\"required name=search_term_string\"}],\"inLanguage\":\"es\"},{\"@type\":\"Organization\",\"@id\":\"https:\/\/www.itc-packaging.com\/blog\/#organization\",\"name\":\"ITC Packaging\",\"url\":\"https:\/\/www.itc-packaging.com\/blog\/\",\"logo\":{\"@type\":\"ImageObject\",\"inLanguage\":\"es\",\"@id\":\"https:\/\/www.itc-packaging.com\/blog\/#\/schema\/logo\/image\/\",\"url\":\"https:\/\/www.itc-packaging.com\/blog\/wp-content\/uploads\/2021\/12\/logotipo-color.png\",\"contentUrl\":\"https:\/\/www.itc-packaging.com\/blog\/wp-content\/uploads\/2021\/12\/logotipo-color.png\",\"width\":250,\"height\":102,\"caption\":\"ITC Packaging\"},\"image\":{\"@id\":\"https:\/\/www.itc-packaging.com\/blog\/#\/schema\/logo\/image\/\"},\"sameAs\":[\"http:\/\/www.facebook.com\/ITCpackaging\",\"https:\/\/www.instagram.com\/itcpackaging\/\",\"http:\/\/www.linkedin.com\/company\/2999203\",\"http:\/\/www.youtube.com\/channel\/UCPsvreju-YrdJYJLBnTljMQ\"]},{\"@type\":\"Person\",\"@id\":\"https:\/\/www.itc-packaging.com\/blog\/#\/schema\/person\/f946f1c7b1d67c8e0231e17bcae52525\",\"name\":\"pedro\",\"image\":{\"@type\":\"ImageObject\",\"inLanguage\":\"es\",\"@id\":\"https:\/\/www.itc-packaging.com\/blog\/#\/schema\/person\/image\/\",\"url\":\"https:\/\/secure.gravatar.com\/avatar\/c8d8bb2f3db0c346fa38a8963d9ef085?s=96&d=mm&r=g\",\"contentUrl\":\"https:\/\/secure.gravatar.com\/avatar\/c8d8bb2f3db0c346fa38a8963d9ef085?s=96&d=mm&r=g\",\"caption\":\"pedro\"},\"url\":\"https:\/\/www.itc-packaging.com\/blog\/author\/pedro\/\"}]}<\/script>\r\n<!-- \/ Yoast SEO plugin. -->","yoast_head_json":{"title":"La transparencia m\u00e1s healthy - ITC Noticias","robots":{"index":"index","follow":"follow","max-snippet":"max-snippet:-1","max-image-preview":"max-image-preview:large","max-video-preview":"max-video-preview:-1"},"canonical":"https:\/\/www.itc-packaging.com\/blog\/itc-packaging-agricola-villena-desarrollado-conjuntamente-mypack\/","og_locale":"es_ES","og_type":"article","og_title":"La transparencia m\u00e1s healthy - ITC Noticias","og_description":"ITC Packaging y Agr\u00edcola Villena han desarrollado conjuntamente un MyPack con alta transparencia que potencia el atractivo de su nuevo snack saludable.","og_url":"https:\/\/www.itc-packaging.com\/blog\/itc-packaging-agricola-villena-desarrollado-conjuntamente-mypack\/","og_site_name":"ITC Noticias","article_publisher":"http:\/\/www.facebook.com\/ITCpackaging","article_published_time":"2019-06-26T00:00:10+00:00","article_modified_time":"2021-09-28T08:34:09+00:00","og_image":[{"width":1758,"height":657,"url":"https:\/\/www.itc-packaging.com\/blog\/wp-content\/uploads\/2019\/06\/palitos-zanahoria.jpg","type":"image\/jpeg"}],"author":"pedro","twitter_card":"summary_large_image","twitter_misc":{"Escrito por":"pedro","Tiempo de lectura":"2 minutos"},"schema":{"@context":"https:\/\/schema.org","@graph":[{"@type":"Article","@id":"https:\/\/www.itc-packaging.com\/blog\/itc-packaging-agricola-villena-desarrollado-conjuntamente-mypack\/#article","isPartOf":{"@id":"https:\/\/www.itc-packaging.com\/blog\/itc-packaging-agricola-villena-desarrollado-conjuntamente-mypack\/"},"author":{"name":"pedro","@id":"https:\/\/www.itc-packaging.com\/blog\/#\/schema\/person\/f946f1c7b1d67c8e0231e17bcae52525"},"headline":"La transparencia m\u00e1s healthy","datePublished":"2019-06-26T00:00:10+00:00","dateModified":"2021-09-28T08:34:09+00:00","mainEntityOfPage":{"@id":"https:\/\/www.itc-packaging.com\/blog\/itc-packaging-agricola-villena-desarrollado-conjuntamente-mypack\/"},"wordCount":334,"publisher":{"@id":"https:\/\/www.itc-packaging.com\/blog\/#organization"},"articleSection":["Envases a Medida","Noticias corporativas"],"inLanguage":"es"},{"@type":"WebPage","@id":"https:\/\/www.itc-packaging.com\/blog\/itc-packaging-agricola-villena-desarrollado-conjuntamente-mypack\/","url":"https:\/\/www.itc-packaging.com\/blog\/itc-packaging-agricola-villena-desarrollado-conjuntamente-mypack\/","name":"La transparencia m\u00e1s healthy - ITC Noticias","isPartOf":{"@id":"https:\/\/www.itc-packaging.com\/blog\/#website"},"datePublished":"2019-06-26T00:00:10+00:00","dateModified":"2021-09-28T08:34:09+00:00","breadcrumb":{"@id":"https:\/\/www.itc-packaging.com\/blog\/itc-packaging-agricola-villena-desarrollado-conjuntamente-mypack\/#breadcrumb"},"inLanguage":"es","potentialAction":[{"@type":"ReadAction","target":["https:\/\/www.itc-packaging.com\/blog\/itc-packaging-agricola-villena-desarrollado-conjuntamente-mypack\/"]}]},{"@type":"BreadcrumbList","@id":"https:\/\/www.itc-packaging.com\/blog\/itc-packaging-agricola-villena-desarrollado-conjuntamente-mypack\/#breadcrumb","itemListElement":[{"@type":"ListItem","position":1,"name":"Portada","item":"https:\/\/www.itc-packaging.com\/blog\/"},{"@type":"ListItem","position":2,"name":"La transparencia m\u00e1s healthy"}]},{"@type":"WebSite","@id":"https:\/\/www.itc-packaging.com\/blog\/#website","url":"https:\/\/www.itc-packaging.com\/blog\/","name":"ITC Noticias","description":"Fabricantes de envases para la industria alimentaria y cosm\u00e9tica","publisher":{"@id":"https:\/\/www.itc-packaging.com\/blog\/#organization"},"potentialAction":[{"@type":"SearchAction","target":{"@type":"EntryPoint","urlTemplate":"https:\/\/www.itc-packaging.com\/blog\/?s={search_term_string}"},"query-input":"required name=search_term_string"}],"inLanguage":"es"},{"@type":"Organization","@id":"https:\/\/www.itc-packaging.com\/blog\/#organization","name":"ITC Packaging","url":"https:\/\/www.itc-packaging.com\/blog\/","logo":{"@type":"ImageObject","inLanguage":"es","@id":"https:\/\/www.itc-packaging.com\/blog\/#\/schema\/logo\/image\/","url":"https:\/\/www.itc-packaging.com\/blog\/wp-content\/uploads\/2021\/12\/logotipo-color.png","contentUrl":"https:\/\/www.itc-packaging.com\/blog\/wp-content\/uploads\/2021\/12\/logotipo-color.png","width":250,"height":102,"caption":"ITC Packaging"},"image":{"@id":"https:\/\/www.itc-packaging.com\/blog\/#\/schema\/logo\/image\/"},"sameAs":["http:\/\/www.facebook.com\/ITCpackaging","https:\/\/www.instagram.com\/itcpackaging\/","http:\/\/www.linkedin.com\/company\/2999203","http:\/\/www.youtube.com\/channel\/UCPsvreju-YrdJYJLBnTljMQ"]},{"@type":"Person","@id":"https:\/\/www.itc-packaging.com\/blog\/#\/schema\/person\/f946f1c7b1d67c8e0231e17bcae52525","name":"pedro","image":{"@type":"ImageObject","inLanguage":"es","@id":"https:\/\/www.itc-packaging.com\/blog\/#\/schema\/person\/image\/","url":"https:\/\/secure.gravatar.com\/avatar\/c8d8bb2f3db0c346fa38a8963d9ef085?s=96&d=mm&r=g","contentUrl":"https:\/\/secure.gravatar.com\/avatar\/c8d8bb2f3db0c346fa38a8963d9ef085?s=96&d=mm&r=g","caption":"pedro"},"url":"https:\/\/www.itc-packaging.com\/blog\/author\/pedro\/"}]}},"_links":{"self":[{"href":"https:\/\/www.itc-packaging.com\/blog\/wp-json\/wp\/v2\/posts\/176"}],"collection":[{"href":"https:\/\/www.itc-packaging.com\/blog\/wp-json\/wp\/v2\/posts"}],"about":[{"href":"https:\/\/www.itc-packaging.com\/blog\/wp-json\/wp\/v2\/types\/post"}],"author":[{"embeddable":true,"href":"https:\/\/www.itc-packaging.com\/blog\/wp-json\/wp\/v2\/users\/2"}],"replies":[{"embeddable":true,"href":"https:\/\/www.itc-packaging.com\/blog\/wp-json\/wp\/v2\/comments?post=176"}],"version-history":[{"count":3,"href":"https:\/\/www.itc-packaging.com\/blog\/wp-json\/wp\/v2\/posts\/176\/revisions"}],"predecessor-version":[{"id":189,"href":"https:\/\/www.itc-packaging.com\/blog\/wp-json\/wp\/v2\/posts\/176\/revisions\/189"}],"wp:featuredmedia":[{"embeddable":true,"href":"https:\/\/www.itc-packaging.com\/blog\/wp-json\/wp\/v2\/media\/250"}],"wp:attachment":[{"href":"https:\/\/www.itc-packaging.com\/blog\/wp-json\/wp\/v2\/media?parent=176"}],"wp:term":[{"taxonomy":"category","embeddable":true,"href":"https:\/\/www.itc-packaging.com\/blog\/wp-json\/wp\/v2\/categories?post=176"},{"taxonomy":"post_tag","embeddable":true,"href":"https:\/\/www.itc-packaging.com\/blog\/wp-json\/wp\/v2\/tags?post=176"}],"curies":[{"name":"wp","href":"https:\/\/api.w.org\/{rel}","templated":true}]}}