{"id":180,"date":"2019-05-30T08:00:57","date_gmt":"2019-05-30T08:00:57","guid":{"rendered":"https:\/\/20.107.179.91\/blog\/?p=180"},"modified":"2021-09-28T07:59:59","modified_gmt":"2021-09-28T07:59:59","slug":"itc-packaging-finaliza-exito-proyecto-id-coat4pack","status":"publish","type":"post","link":"https:\/\/www.itc-packaging.com\/blog\/itc-packaging-finaliza-exito-proyecto-id-coat4pack\/","title":{"rendered":"ITC Packaging finaliza con \u00e9xito el proyecto de I+D Coat4Pack"},"content":{"rendered":"\n<p>ITC Packaging ha finalizado recientemente con \u00e9xito el proyecto Coat4Pack, una iniciativa que ten\u00eda por objetivo el desarrollo de nuevos recubrimientos barrera al ox\u00edgeno que sustituyan los laminados multicapa con EVOH por estructuras menos complejas aligerando el conjunto, aumentando la reciclabilidad y ofreciendo envases m\u00e1s sostenibles.<\/p>\n\n\n\n<p>Este proyecto se ha desarrollado durante los \u00faltimos tres a\u00f1os por un consorcio coordinado por el centro tecnol\u00f3gico AIMPLAS y compuesto por las empresas Artibal, ITC Packaging y Pl\u00e1sticos Romero. El importante trabajo de I+D desarrollado por todos los participantes ha dado como fruto el desarrollo de nuevos recubrimientos funcionales para envases pl\u00e1sticos que mejoran sensiblemente los anteriores desarrollos.<\/p>\n\n\n\n<p>En el caso concreto de ITC Packaging nos ha permitido emplear con \u00e9xito este tipo de soluci\u00f3n para envases r\u00edgidos con decoraci\u00f3n IML. La nueva soluci\u00f3n basada en nuevos recubrimientos presenta menor sensibilidad a la humedad mejorando los valores de OTR siendo una soluci\u00f3n totalmente apta para consumo alimentario.<\/p>\n\n\n\n<p>Este proyecto ha sido apoyado por el ministerio de Econom\u00eda, Industria y Competitividad, dentro de la convocatoria Retos de Colaboraci\u00f3n 2016. Con n\u00famero de expediente RTC-2016-5352-2.<\/p>\n","protected":false},"excerpt":{"rendered":"<p>ITC Packaging ha finalizado recientemente con \u00e9xito el proyecto Coat4Pack, una iniciativa que ten\u00eda por objetivo el desarrollo de nuevos recubrimientos barrera al ox\u00edgeno menos complejos y m\u00e1s sostenibles.<\/p>\n","protected":false},"author":2,"featured_media":247,"comment_status":"closed","ping_status":"closed","sticky":false,"template":"","format":"standard","meta":[],"categories":[1,3],"tags":[],"yoast_head":"<!-- This site is optimized with the Yoast SEO plugin v21.6 - https:\/\/yoast.com\/wordpress\/plugins\/seo\/ -->\r\n<title>ITC Packaging finaliza con \u00e9xito el proyecto de I+D Coat4Pack - ITC Noticias<\/title>\r\n<meta name=\"robots\" content=\"index, follow, max-snippet:-1, max-image-preview:large, max-video-preview:-1\" \/>\r\n<link rel=\"canonical\" href=\"https:\/\/www.itc-packaging.com\/blog\/itc-packaging-finaliza-exito-proyecto-id-coat4pack\/\" \/>\r\n<meta property=\"og:locale\" content=\"es_ES\" \/>\r\n<meta property=\"og:type\" content=\"article\" \/>\r\n<meta property=\"og:title\" content=\"ITC Packaging finaliza con \u00e9xito el proyecto de I+D Coat4Pack - ITC Noticias\" \/>\r\n<meta property=\"og:description\" content=\"ITC Packaging ha finalizado recientemente con \u00e9xito el proyecto Coat4Pack, una iniciativa que ten\u00eda por objetivo el desarrollo de nuevos recubrimientos barrera al ox\u00edgeno menos complejos y m\u00e1s sostenibles.\" \/>\r\n<meta property=\"og:url\" content=\"https:\/\/www.itc-packaging.com\/blog\/itc-packaging-finaliza-exito-proyecto-id-coat4pack\/\" \/>\r\n<meta property=\"og:site_name\" content=\"ITC Noticias\" \/>\r\n<meta property=\"article:publisher\" content=\"http:\/\/www.facebook.com\/ITCpackaging\" \/>\r\n<meta property=\"article:published_time\" content=\"2019-05-30T08:00:57+00:00\" \/>\r\n<meta property=\"article:modified_time\" content=\"2021-09-28T07:59:59+00:00\" \/>\r\n<meta property=\"og:image\" content=\"https:\/\/www.itc-packaging.com\/blog\/wp-content\/uploads\/2019\/05\/coat4pack.jpg\" \/>\r\n\t<meta property=\"og:image:width\" content=\"1758\" \/>\r\n\t<meta property=\"og:image:height\" content=\"657\" \/>\r\n\t<meta property=\"og:image:type\" content=\"image\/jpeg\" \/>\r\n<meta name=\"author\" content=\"pedro\" \/>\r\n<meta name=\"twitter:card\" content=\"summary_large_image\" \/>\r\n<meta name=\"twitter:label1\" content=\"Escrito por\" \/>\n\t<meta name=\"twitter:data1\" content=\"pedro\" \/>\n\t<meta name=\"twitter:label2\" content=\"Tiempo de lectura\" \/>\n\t<meta name=\"twitter:data2\" content=\"1 minuto\" \/>\r\n<script type=\"application\/ld+json\" class=\"yoast-schema-graph\">{\"@context\":\"https:\/\/schema.org\",\"@graph\":[{\"@type\":\"Article\",\"@id\":\"https:\/\/www.itc-packaging.com\/blog\/itc-packaging-finaliza-exito-proyecto-id-coat4pack\/#article\",\"isPartOf\":{\"@id\":\"https:\/\/www.itc-packaging.com\/blog\/itc-packaging-finaliza-exito-proyecto-id-coat4pack\/\"},\"author\":{\"name\":\"pedro\",\"@id\":\"https:\/\/www.itc-packaging.com\/blog\/#\/schema\/person\/f946f1c7b1d67c8e0231e17bcae52525\"},\"headline\":\"ITC Packaging finaliza con \u00e9xito el proyecto de I+D Coat4Pack\",\"datePublished\":\"2019-05-30T08:00:57+00:00\",\"dateModified\":\"2021-09-28T07:59:59+00:00\",\"mainEntityOfPage\":{\"@id\":\"https:\/\/www.itc-packaging.com\/blog\/itc-packaging-finaliza-exito-proyecto-id-coat4pack\/\"},\"wordCount\":210,\"publisher\":{\"@id\":\"https:\/\/www.itc-packaging.com\/blog\/#organization\"},\"articleSection\":[\"Apariciones en prensa\",\"Noticias corporativas\"],\"inLanguage\":\"es\"},{\"@type\":\"WebPage\",\"@id\":\"https:\/\/www.itc-packaging.com\/blog\/itc-packaging-finaliza-exito-proyecto-id-coat4pack\/\",\"url\":\"https:\/\/www.itc-packaging.com\/blog\/itc-packaging-finaliza-exito-proyecto-id-coat4pack\/\",\"name\":\"ITC Packaging finaliza con \u00e9xito el proyecto de I+D Coat4Pack - ITC Noticias\",\"isPartOf\":{\"@id\":\"https:\/\/www.itc-packaging.com\/blog\/#website\"},\"datePublished\":\"2019-05-30T08:00:57+00:00\",\"dateModified\":\"2021-09-28T07:59:59+00:00\",\"breadcrumb\":{\"@id\":\"https:\/\/www.itc-packaging.com\/blog\/itc-packaging-finaliza-exito-proyecto-id-coat4pack\/#breadcrumb\"},\"inLanguage\":\"es\",\"potentialAction\":[{\"@type\":\"ReadAction\",\"target\":[\"https:\/\/www.itc-packaging.com\/blog\/itc-packaging-finaliza-exito-proyecto-id-coat4pack\/\"]}]},{\"@type\":\"BreadcrumbList\",\"@id\":\"https:\/\/www.itc-packaging.com\/blog\/itc-packaging-finaliza-exito-proyecto-id-coat4pack\/#breadcrumb\",\"itemListElement\":[{\"@type\":\"ListItem\",\"position\":1,\"name\":\"Portada\",\"item\":\"https:\/\/www.itc-packaging.com\/blog\/\"},{\"@type\":\"ListItem\",\"position\":2,\"name\":\"ITC Packaging finaliza con \u00e9xito el proyecto de I+D Coat4Pack\"}]},{\"@type\":\"WebSite\",\"@id\":\"https:\/\/www.itc-packaging.com\/blog\/#website\",\"url\":\"https:\/\/www.itc-packaging.com\/blog\/\",\"name\":\"ITC Noticias\",\"description\":\"Fabricantes de envases para la industria alimentaria y cosm\u00e9tica\",\"publisher\":{\"@id\":\"https:\/\/www.itc-packaging.com\/blog\/#organization\"},\"potentialAction\":[{\"@type\":\"SearchAction\",\"target\":{\"@type\":\"EntryPoint\",\"urlTemplate\":\"https:\/\/www.itc-packaging.com\/blog\/?s={search_term_string}\"},\"query-input\":\"required name=search_term_string\"}],\"inLanguage\":\"es\"},{\"@type\":\"Organization\",\"@id\":\"https:\/\/www.itc-packaging.com\/blog\/#organization\",\"name\":\"ITC Packaging\",\"url\":\"https:\/\/www.itc-packaging.com\/blog\/\",\"logo\":{\"@type\":\"ImageObject\",\"inLanguage\":\"es\",\"@id\":\"https:\/\/www.itc-packaging.com\/blog\/#\/schema\/logo\/image\/\",\"url\":\"https:\/\/www.itc-packaging.com\/blog\/wp-content\/uploads\/2021\/12\/logotipo-color.png\",\"contentUrl\":\"https:\/\/www.itc-packaging.com\/blog\/wp-content\/uploads\/2021\/12\/logotipo-color.png\",\"width\":250,\"height\":102,\"caption\":\"ITC Packaging\"},\"image\":{\"@id\":\"https:\/\/www.itc-packaging.com\/blog\/#\/schema\/logo\/image\/\"},\"sameAs\":[\"http:\/\/www.facebook.com\/ITCpackaging\",\"https:\/\/www.instagram.com\/itcpackaging\/\",\"http:\/\/www.linkedin.com\/company\/2999203\",\"http:\/\/www.youtube.com\/channel\/UCPsvreju-YrdJYJLBnTljMQ\"]},{\"@type\":\"Person\",\"@id\":\"https:\/\/www.itc-packaging.com\/blog\/#\/schema\/person\/f946f1c7b1d67c8e0231e17bcae52525\",\"name\":\"pedro\",\"image\":{\"@type\":\"ImageObject\",\"inLanguage\":\"es\",\"@id\":\"https:\/\/www.itc-packaging.com\/blog\/#\/schema\/person\/image\/\",\"url\":\"https:\/\/secure.gravatar.com\/avatar\/c8d8bb2f3db0c346fa38a8963d9ef085?s=96&d=mm&r=g\",\"contentUrl\":\"https:\/\/secure.gravatar.com\/avatar\/c8d8bb2f3db0c346fa38a8963d9ef085?s=96&d=mm&r=g\",\"caption\":\"pedro\"},\"url\":\"https:\/\/www.itc-packaging.com\/blog\/author\/pedro\/\"}]}<\/script>\r\n<!-- \/ Yoast SEO plugin. -->","yoast_head_json":{"title":"ITC Packaging finaliza con \u00e9xito el proyecto de I+D Coat4Pack - ITC Noticias","robots":{"index":"index","follow":"follow","max-snippet":"max-snippet:-1","max-image-preview":"max-image-preview:large","max-video-preview":"max-video-preview:-1"},"canonical":"https:\/\/www.itc-packaging.com\/blog\/itc-packaging-finaliza-exito-proyecto-id-coat4pack\/","og_locale":"es_ES","og_type":"article","og_title":"ITC Packaging finaliza con \u00e9xito el proyecto de I+D Coat4Pack - ITC Noticias","og_description":"ITC Packaging ha finalizado recientemente con \u00e9xito el proyecto Coat4Pack, una iniciativa que ten\u00eda por objetivo el desarrollo de nuevos recubrimientos barrera al ox\u00edgeno menos complejos y m\u00e1s sostenibles.","og_url":"https:\/\/www.itc-packaging.com\/blog\/itc-packaging-finaliza-exito-proyecto-id-coat4pack\/","og_site_name":"ITC Noticias","article_publisher":"http:\/\/www.facebook.com\/ITCpackaging","article_published_time":"2019-05-30T08:00:57+00:00","article_modified_time":"2021-09-28T07:59:59+00:00","og_image":[{"width":1758,"height":657,"url":"https:\/\/www.itc-packaging.com\/blog\/wp-content\/uploads\/2019\/05\/coat4pack.jpg","type":"image\/jpeg"}],"author":"pedro","twitter_card":"summary_large_image","twitter_misc":{"Escrito por":"pedro","Tiempo de lectura":"1 minuto"},"schema":{"@context":"https:\/\/schema.org","@graph":[{"@type":"Article","@id":"https:\/\/www.itc-packaging.com\/blog\/itc-packaging-finaliza-exito-proyecto-id-coat4pack\/#article","isPartOf":{"@id":"https:\/\/www.itc-packaging.com\/blog\/itc-packaging-finaliza-exito-proyecto-id-coat4pack\/"},"author":{"name":"pedro","@id":"https:\/\/www.itc-packaging.com\/blog\/#\/schema\/person\/f946f1c7b1d67c8e0231e17bcae52525"},"headline":"ITC Packaging finaliza con \u00e9xito el proyecto de I+D Coat4Pack","datePublished":"2019-05-30T08:00:57+00:00","dateModified":"2021-09-28T07:59:59+00:00","mainEntityOfPage":{"@id":"https:\/\/www.itc-packaging.com\/blog\/itc-packaging-finaliza-exito-proyecto-id-coat4pack\/"},"wordCount":210,"publisher":{"@id":"https:\/\/www.itc-packaging.com\/blog\/#organization"},"articleSection":["Apariciones en prensa","Noticias corporativas"],"inLanguage":"es"},{"@type":"WebPage","@id":"https:\/\/www.itc-packaging.com\/blog\/itc-packaging-finaliza-exito-proyecto-id-coat4pack\/","url":"https:\/\/www.itc-packaging.com\/blog\/itc-packaging-finaliza-exito-proyecto-id-coat4pack\/","name":"ITC Packaging finaliza con \u00e9xito el proyecto de I+D Coat4Pack - ITC Noticias","isPartOf":{"@id":"https:\/\/www.itc-packaging.com\/blog\/#website"},"datePublished":"2019-05-30T08:00:57+00:00","dateModified":"2021-09-28T07:59:59+00:00","breadcrumb":{"@id":"https:\/\/www.itc-packaging.com\/blog\/itc-packaging-finaliza-exito-proyecto-id-coat4pack\/#breadcrumb"},"inLanguage":"es","potentialAction":[{"@type":"ReadAction","target":["https:\/\/www.itc-packaging.com\/blog\/itc-packaging-finaliza-exito-proyecto-id-coat4pack\/"]}]},{"@type":"BreadcrumbList","@id":"https:\/\/www.itc-packaging.com\/blog\/itc-packaging-finaliza-exito-proyecto-id-coat4pack\/#breadcrumb","itemListElement":[{"@type":"ListItem","position":1,"name":"Portada","item":"https:\/\/www.itc-packaging.com\/blog\/"},{"@type":"ListItem","position":2,"name":"ITC Packaging finaliza con \u00e9xito el proyecto de I+D Coat4Pack"}]},{"@type":"WebSite","@id":"https:\/\/www.itc-packaging.com\/blog\/#website","url":"https:\/\/www.itc-packaging.com\/blog\/","name":"ITC Noticias","description":"Fabricantes de envases para la industria alimentaria y cosm\u00e9tica","publisher":{"@id":"https:\/\/www.itc-packaging.com\/blog\/#organization"},"potentialAction":[{"@type":"SearchAction","target":{"@type":"EntryPoint","urlTemplate":"https:\/\/www.itc-packaging.com\/blog\/?s={search_term_string}"},"query-input":"required name=search_term_string"}],"inLanguage":"es"},{"@type":"Organization","@id":"https:\/\/www.itc-packaging.com\/blog\/#organization","name":"ITC Packaging","url":"https:\/\/www.itc-packaging.com\/blog\/","logo":{"@type":"ImageObject","inLanguage":"es","@id":"https:\/\/www.itc-packaging.com\/blog\/#\/schema\/logo\/image\/","url":"https:\/\/www.itc-packaging.com\/blog\/wp-content\/uploads\/2021\/12\/logotipo-color.png","contentUrl":"https:\/\/www.itc-packaging.com\/blog\/wp-content\/uploads\/2021\/12\/logotipo-color.png","width":250,"height":102,"caption":"ITC Packaging"},"image":{"@id":"https:\/\/www.itc-packaging.com\/blog\/#\/schema\/logo\/image\/"},"sameAs":["http:\/\/www.facebook.com\/ITCpackaging","https:\/\/www.instagram.com\/itcpackaging\/","http:\/\/www.linkedin.com\/company\/2999203","http:\/\/www.youtube.com\/channel\/UCPsvreju-YrdJYJLBnTljMQ"]},{"@type":"Person","@id":"https:\/\/www.itc-packaging.com\/blog\/#\/schema\/person\/f946f1c7b1d67c8e0231e17bcae52525","name":"pedro","image":{"@type":"ImageObject","inLanguage":"es","@id":"https:\/\/www.itc-packaging.com\/blog\/#\/schema\/person\/image\/","url":"https:\/\/secure.gravatar.com\/avatar\/c8d8bb2f3db0c346fa38a8963d9ef085?s=96&d=mm&r=g","contentUrl":"https:\/\/secure.gravatar.com\/avatar\/c8d8bb2f3db0c346fa38a8963d9ef085?s=96&d=mm&r=g","caption":"pedro"},"url":"https:\/\/www.itc-packaging.com\/blog\/author\/pedro\/"}]}},"_links":{"self":[{"href":"https:\/\/www.itc-packaging.com\/blog\/wp-json\/wp\/v2\/posts\/180"}],"collection":[{"href":"https:\/\/www.itc-packaging.com\/blog\/wp-json\/wp\/v2\/posts"}],"about":[{"href":"https:\/\/www.itc-packaging.com\/blog\/wp-json\/wp\/v2\/types\/post"}],"author":[{"embeddable":true,"href":"https:\/\/www.itc-packaging.com\/blog\/wp-json\/wp\/v2\/users\/2"}],"replies":[{"embeddable":true,"href":"https:\/\/www.itc-packaging.com\/blog\/wp-json\/wp\/v2\/comments?post=180"}],"version-history":[{"count":1,"href":"https:\/\/www.itc-packaging.com\/blog\/wp-json\/wp\/v2\/posts\/180\/revisions"}],"predecessor-version":[{"id":181,"href":"https:\/\/www.itc-packaging.com\/blog\/wp-json\/wp\/v2\/posts\/180\/revisions\/181"}],"wp:featuredmedia":[{"embeddable":true,"href":"https:\/\/www.itc-packaging.com\/blog\/wp-json\/wp\/v2\/media\/247"}],"wp:attachment":[{"href":"https:\/\/www.itc-packaging.com\/blog\/wp-json\/wp\/v2\/media?parent=180"}],"wp:term":[{"taxonomy":"category","embeddable":true,"href":"https:\/\/www.itc-packaging.com\/blog\/wp-json\/wp\/v2\/categories?post=180"},{"taxonomy":"post_tag","embeddable":true,"href":"https:\/\/www.itc-packaging.com\/blog\/wp-json\/wp\/v2\/tags?post=180"}],"curies":[{"name":"wp","href":"https:\/\/api.w.org\/{rel}","templated":true}]}}