{"id":186,"date":"2019-05-13T09:02:25","date_gmt":"2019-05-13T09:02:25","guid":{"rendered":"https:\/\/20.107.179.91\/blog\/?p=186"},"modified":"2021-09-28T08:39:18","modified_gmt":"2021-09-28T08:39:18","slug":"itc-packaging-ampliacion-modernizacion-centro-productivo-ibi","status":"publish","type":"post","link":"https:\/\/www.itc-packaging.com\/blog\/itc-packaging-ampliacion-modernizacion-centro-productivo-ibi\/","title":{"rendered":"ITC Packaging culmina la ampliaci\u00f3n y modernizaci\u00f3n de su centro productivo de Ibi"},"content":{"rendered":"\n<p>ITC Packaging ha culminado recientemente la remodelaci\u00f3n de su centro productivo de Ibi, un proyecto que ha ido encaminado a la racionalizaci\u00f3n del espacio y la adecuaci\u00f3n del proceso productivo a las necesidades actuales y futuras del mercado. Gracias a esta importante actuaci\u00f3n, ITC Packaging ha conseguido aumentar en un 20% su espacio productivo al tiempo que ha mejorado la eficiencia de la planta de inyecci\u00f3n gracias a la renovaci\u00f3n de buena parte del equipamiento.<\/p>\n\n\n\n<p>El plan de inversi\u00f3n ha supuesto la ampliaci\u00f3n de la superficie dedicada a producci\u00f3n y almac\u00e9n de materia prima en 2.500 m<sup>2<\/sup>. Tambi\u00e9n se ha procedido a la uni\u00f3n de las dos salas de inyecci\u00f3n, lo que ha supuesto aumentar sensiblemente el \u00e1rea destinada a producci\u00f3n ofreciendo una mejor racionalizaci\u00f3n del espacio y una mejor organizaci\u00f3n del flujo de trabajo. Mediante esta importante mejora se persigue un mejor aprovechamiento de los recursos productivos al tiempo que se optimizar\u00e1n los est\u00e1ndares de calidad e higiene de nuestras salas de inyecci\u00f3n.<\/p>\n\n\n\n<p>Desde el punto de vista log\u00edstico, la planta de Ibi ha incorporado dos nuevos almacenes para aprovisionamiento de materia prima y etiquetado IML. El nuevo espacio destinado para materia prima cuenta con un almac\u00e9n vertical de 14 metros que aumenta la capacidad de almacenamiento en 1500 palets. Por su parte, el nuevo almac\u00e9n de IML cuenta con un sistema totalmente automatizado de ubicaci\u00f3n de la mercanc\u00eda y capacidad para 120 millones de etiquetas IML.<\/p>\n\n\n\n<p>Dentro del compromiso con la sostenibilidad implantado por la compa\u00f1\u00eda se han llevado a cabo una serie de mejoras encaminadas a la reducci\u00f3n del consumo de agua y de energ\u00eda el\u00e9ctrica. Esta actuaci\u00f3n ha afectado a la instalaci\u00f3n el\u00e9ctrica mediante la sustituci\u00f3n de equipos que reducir\u00e1n sensiblemente el consumo energ\u00e9tico, en este sentido se ha procedido a reemplazar toda la luminaria de la planta de inyecci\u00f3n y de almac\u00e9n por una nueva de tecnolog\u00eda LED m\u00e1s eficiente. Tambi\u00e9n se ha realizado una nueva instalaci\u00f3n de anillos de agua para la optimizaci\u00f3n del consumo de agua.<\/p>\n\n\n\n<p>La implantaci\u00f3n de este importante plan de inversi\u00f3n, que en esta fase ha supuesto un desembolso de 3,5m\u20ac, permitir\u00e1 a ITC Packaging ofrecer un servicio acorde a las necesidades actuales y futuras del mercado al tiempo que preparar\u00e1 a la compa\u00f1\u00eda para cumplir su firme apuesta por un crecimiento sostenible y sostenido.<br><\/p>\n","protected":false},"excerpt":{"rendered":"<p>Esta actuaci\u00f3n supone un importante hito dentro del plan inversor encaminado a la renovaci\u00f3n y optimizaci\u00f3n de los centros productivos de la compa\u00f1\u00eda.<\/p>\n","protected":false},"author":2,"featured_media":251,"comment_status":"closed","ping_status":"closed","sticky":false,"template":"","format":"standard","meta":[],"categories":[3],"tags":[],"yoast_head":"<!-- This site is optimized with the Yoast SEO plugin v21.6 - https:\/\/yoast.com\/wordpress\/plugins\/seo\/ -->\r\n<title>ITC Packaging culmina la ampliaci\u00f3n y modernizaci\u00f3n de su centro productivo de Ibi - ITC Noticias<\/title>\r\n<meta name=\"robots\" content=\"index, follow, max-snippet:-1, max-image-preview:large, max-video-preview:-1\" \/>\r\n<link rel=\"canonical\" href=\"https:\/\/www.itc-packaging.com\/blog\/itc-packaging-ampliacion-modernizacion-centro-productivo-ibi\/\" \/>\r\n<meta property=\"og:locale\" content=\"es_ES\" \/>\r\n<meta property=\"og:type\" content=\"article\" \/>\r\n<meta property=\"og:title\" content=\"ITC Packaging culmina la ampliaci\u00f3n y modernizaci\u00f3n de su centro productivo de Ibi - ITC Noticias\" \/>\r\n<meta property=\"og:description\" content=\"Esta actuaci\u00f3n supone un importante hito dentro del plan inversor encaminado a la renovaci\u00f3n y optimizaci\u00f3n de los centros productivos de la compa\u00f1\u00eda.\" \/>\r\n<meta property=\"og:url\" content=\"https:\/\/www.itc-packaging.com\/blog\/itc-packaging-ampliacion-modernizacion-centro-productivo-ibi\/\" \/>\r\n<meta property=\"og:site_name\" content=\"ITC Noticias\" \/>\r\n<meta property=\"article:publisher\" content=\"http:\/\/www.facebook.com\/ITCpackaging\" \/>\r\n<meta property=\"article:published_time\" content=\"2019-05-13T09:02:25+00:00\" \/>\r\n<meta property=\"article:modified_time\" content=\"2021-09-28T08:39:18+00:00\" \/>\r\n<meta property=\"og:image\" content=\"https:\/\/www.itc-packaging.com\/blog\/wp-content\/uploads\/2019\/05\/instalaciones.jpg\" \/>\r\n\t<meta property=\"og:image:width\" content=\"1758\" \/>\r\n\t<meta property=\"og:image:height\" content=\"657\" \/>\r\n\t<meta property=\"og:image:type\" content=\"image\/jpeg\" \/>\r\n<meta name=\"author\" content=\"pedro\" \/>\r\n<meta name=\"twitter:card\" content=\"summary_large_image\" \/>\r\n<meta name=\"twitter:label1\" content=\"Escrito por\" \/>\n\t<meta name=\"twitter:data1\" content=\"pedro\" \/>\n\t<meta name=\"twitter:label2\" content=\"Tiempo de lectura\" \/>\n\t<meta name=\"twitter:data2\" content=\"2 minutos\" \/>\r\n<script type=\"application\/ld+json\" class=\"yoast-schema-graph\">{\"@context\":\"https:\/\/schema.org\",\"@graph\":[{\"@type\":\"Article\",\"@id\":\"https:\/\/www.itc-packaging.com\/blog\/itc-packaging-ampliacion-modernizacion-centro-productivo-ibi\/#article\",\"isPartOf\":{\"@id\":\"https:\/\/www.itc-packaging.com\/blog\/itc-packaging-ampliacion-modernizacion-centro-productivo-ibi\/\"},\"author\":{\"name\":\"pedro\",\"@id\":\"https:\/\/www.itc-packaging.com\/blog\/#\/schema\/person\/f946f1c7b1d67c8e0231e17bcae52525\"},\"headline\":\"ITC Packaging culmina la ampliaci\u00f3n y modernizaci\u00f3n de su centro productivo de Ibi\",\"datePublished\":\"2019-05-13T09:02:25+00:00\",\"dateModified\":\"2021-09-28T08:39:18+00:00\",\"mainEntityOfPage\":{\"@id\":\"https:\/\/www.itc-packaging.com\/blog\/itc-packaging-ampliacion-modernizacion-centro-productivo-ibi\/\"},\"wordCount\":439,\"publisher\":{\"@id\":\"https:\/\/www.itc-packaging.com\/blog\/#organization\"},\"articleSection\":[\"Noticias corporativas\"],\"inLanguage\":\"es\"},{\"@type\":\"WebPage\",\"@id\":\"https:\/\/www.itc-packaging.com\/blog\/itc-packaging-ampliacion-modernizacion-centro-productivo-ibi\/\",\"url\":\"https:\/\/www.itc-packaging.com\/blog\/itc-packaging-ampliacion-modernizacion-centro-productivo-ibi\/\",\"name\":\"ITC Packaging culmina la ampliaci\u00f3n y modernizaci\u00f3n de su centro productivo de Ibi - ITC Noticias\",\"isPartOf\":{\"@id\":\"https:\/\/www.itc-packaging.com\/blog\/#website\"},\"datePublished\":\"2019-05-13T09:02:25+00:00\",\"dateModified\":\"2021-09-28T08:39:18+00:00\",\"breadcrumb\":{\"@id\":\"https:\/\/www.itc-packaging.com\/blog\/itc-packaging-ampliacion-modernizacion-centro-productivo-ibi\/#breadcrumb\"},\"inLanguage\":\"es\",\"potentialAction\":[{\"@type\":\"ReadAction\",\"target\":[\"https:\/\/www.itc-packaging.com\/blog\/itc-packaging-ampliacion-modernizacion-centro-productivo-ibi\/\"]}]},{\"@type\":\"BreadcrumbList\",\"@id\":\"https:\/\/www.itc-packaging.com\/blog\/itc-packaging-ampliacion-modernizacion-centro-productivo-ibi\/#breadcrumb\",\"itemListElement\":[{\"@type\":\"ListItem\",\"position\":1,\"name\":\"Portada\",\"item\":\"https:\/\/www.itc-packaging.com\/blog\/\"},{\"@type\":\"ListItem\",\"position\":2,\"name\":\"ITC Packaging culmina la ampliaci\u00f3n y modernizaci\u00f3n de su centro productivo de Ibi\"}]},{\"@type\":\"WebSite\",\"@id\":\"https:\/\/www.itc-packaging.com\/blog\/#website\",\"url\":\"https:\/\/www.itc-packaging.com\/blog\/\",\"name\":\"ITC Noticias\",\"description\":\"Fabricantes de envases para la industria alimentaria y cosm\u00e9tica\",\"publisher\":{\"@id\":\"https:\/\/www.itc-packaging.com\/blog\/#organization\"},\"potentialAction\":[{\"@type\":\"SearchAction\",\"target\":{\"@type\":\"EntryPoint\",\"urlTemplate\":\"https:\/\/www.itc-packaging.com\/blog\/?s={search_term_string}\"},\"query-input\":\"required name=search_term_string\"}],\"inLanguage\":\"es\"},{\"@type\":\"Organization\",\"@id\":\"https:\/\/www.itc-packaging.com\/blog\/#organization\",\"name\":\"ITC Packaging\",\"url\":\"https:\/\/www.itc-packaging.com\/blog\/\",\"logo\":{\"@type\":\"ImageObject\",\"inLanguage\":\"es\",\"@id\":\"https:\/\/www.itc-packaging.com\/blog\/#\/schema\/logo\/image\/\",\"url\":\"https:\/\/www.itc-packaging.com\/blog\/wp-content\/uploads\/2021\/12\/logotipo-color.png\",\"contentUrl\":\"https:\/\/www.itc-packaging.com\/blog\/wp-content\/uploads\/2021\/12\/logotipo-color.png\",\"width\":250,\"height\":102,\"caption\":\"ITC Packaging\"},\"image\":{\"@id\":\"https:\/\/www.itc-packaging.com\/blog\/#\/schema\/logo\/image\/\"},\"sameAs\":[\"http:\/\/www.facebook.com\/ITCpackaging\",\"https:\/\/www.instagram.com\/itcpackaging\/\",\"http:\/\/www.linkedin.com\/company\/2999203\",\"http:\/\/www.youtube.com\/channel\/UCPsvreju-YrdJYJLBnTljMQ\"]},{\"@type\":\"Person\",\"@id\":\"https:\/\/www.itc-packaging.com\/blog\/#\/schema\/person\/f946f1c7b1d67c8e0231e17bcae52525\",\"name\":\"pedro\",\"image\":{\"@type\":\"ImageObject\",\"inLanguage\":\"es\",\"@id\":\"https:\/\/www.itc-packaging.com\/blog\/#\/schema\/person\/image\/\",\"url\":\"https:\/\/secure.gravatar.com\/avatar\/c8d8bb2f3db0c346fa38a8963d9ef085?s=96&d=mm&r=g\",\"contentUrl\":\"https:\/\/secure.gravatar.com\/avatar\/c8d8bb2f3db0c346fa38a8963d9ef085?s=96&d=mm&r=g\",\"caption\":\"pedro\"},\"url\":\"https:\/\/www.itc-packaging.com\/blog\/author\/pedro\/\"}]}<\/script>\r\n<!-- \/ Yoast SEO plugin. -->","yoast_head_json":{"title":"ITC Packaging culmina la ampliaci\u00f3n y modernizaci\u00f3n de su centro productivo de Ibi - ITC Noticias","robots":{"index":"index","follow":"follow","max-snippet":"max-snippet:-1","max-image-preview":"max-image-preview:large","max-video-preview":"max-video-preview:-1"},"canonical":"https:\/\/www.itc-packaging.com\/blog\/itc-packaging-ampliacion-modernizacion-centro-productivo-ibi\/","og_locale":"es_ES","og_type":"article","og_title":"ITC Packaging culmina la ampliaci\u00f3n y modernizaci\u00f3n de su centro productivo de Ibi - ITC Noticias","og_description":"Esta actuaci\u00f3n supone un importante hito dentro del plan inversor encaminado a la renovaci\u00f3n y optimizaci\u00f3n de los centros productivos de la compa\u00f1\u00eda.","og_url":"https:\/\/www.itc-packaging.com\/blog\/itc-packaging-ampliacion-modernizacion-centro-productivo-ibi\/","og_site_name":"ITC Noticias","article_publisher":"http:\/\/www.facebook.com\/ITCpackaging","article_published_time":"2019-05-13T09:02:25+00:00","article_modified_time":"2021-09-28T08:39:18+00:00","og_image":[{"width":1758,"height":657,"url":"https:\/\/www.itc-packaging.com\/blog\/wp-content\/uploads\/2019\/05\/instalaciones.jpg","type":"image\/jpeg"}],"author":"pedro","twitter_card":"summary_large_image","twitter_misc":{"Escrito por":"pedro","Tiempo de lectura":"2 minutos"},"schema":{"@context":"https:\/\/schema.org","@graph":[{"@type":"Article","@id":"https:\/\/www.itc-packaging.com\/blog\/itc-packaging-ampliacion-modernizacion-centro-productivo-ibi\/#article","isPartOf":{"@id":"https:\/\/www.itc-packaging.com\/blog\/itc-packaging-ampliacion-modernizacion-centro-productivo-ibi\/"},"author":{"name":"pedro","@id":"https:\/\/www.itc-packaging.com\/blog\/#\/schema\/person\/f946f1c7b1d67c8e0231e17bcae52525"},"headline":"ITC Packaging culmina la ampliaci\u00f3n y modernizaci\u00f3n de su centro productivo de Ibi","datePublished":"2019-05-13T09:02:25+00:00","dateModified":"2021-09-28T08:39:18+00:00","mainEntityOfPage":{"@id":"https:\/\/www.itc-packaging.com\/blog\/itc-packaging-ampliacion-modernizacion-centro-productivo-ibi\/"},"wordCount":439,"publisher":{"@id":"https:\/\/www.itc-packaging.com\/blog\/#organization"},"articleSection":["Noticias corporativas"],"inLanguage":"es"},{"@type":"WebPage","@id":"https:\/\/www.itc-packaging.com\/blog\/itc-packaging-ampliacion-modernizacion-centro-productivo-ibi\/","url":"https:\/\/www.itc-packaging.com\/blog\/itc-packaging-ampliacion-modernizacion-centro-productivo-ibi\/","name":"ITC Packaging culmina la ampliaci\u00f3n y modernizaci\u00f3n de su centro productivo de Ibi - ITC Noticias","isPartOf":{"@id":"https:\/\/www.itc-packaging.com\/blog\/#website"},"datePublished":"2019-05-13T09:02:25+00:00","dateModified":"2021-09-28T08:39:18+00:00","breadcrumb":{"@id":"https:\/\/www.itc-packaging.com\/blog\/itc-packaging-ampliacion-modernizacion-centro-productivo-ibi\/#breadcrumb"},"inLanguage":"es","potentialAction":[{"@type":"ReadAction","target":["https:\/\/www.itc-packaging.com\/blog\/itc-packaging-ampliacion-modernizacion-centro-productivo-ibi\/"]}]},{"@type":"BreadcrumbList","@id":"https:\/\/www.itc-packaging.com\/blog\/itc-packaging-ampliacion-modernizacion-centro-productivo-ibi\/#breadcrumb","itemListElement":[{"@type":"ListItem","position":1,"name":"Portada","item":"https:\/\/www.itc-packaging.com\/blog\/"},{"@type":"ListItem","position":2,"name":"ITC Packaging culmina la ampliaci\u00f3n y modernizaci\u00f3n de su centro productivo de Ibi"}]},{"@type":"WebSite","@id":"https:\/\/www.itc-packaging.com\/blog\/#website","url":"https:\/\/www.itc-packaging.com\/blog\/","name":"ITC Noticias","description":"Fabricantes de envases para la industria alimentaria y cosm\u00e9tica","publisher":{"@id":"https:\/\/www.itc-packaging.com\/blog\/#organization"},"potentialAction":[{"@type":"SearchAction","target":{"@type":"EntryPoint","urlTemplate":"https:\/\/www.itc-packaging.com\/blog\/?s={search_term_string}"},"query-input":"required name=search_term_string"}],"inLanguage":"es"},{"@type":"Organization","@id":"https:\/\/www.itc-packaging.com\/blog\/#organization","name":"ITC Packaging","url":"https:\/\/www.itc-packaging.com\/blog\/","logo":{"@type":"ImageObject","inLanguage":"es","@id":"https:\/\/www.itc-packaging.com\/blog\/#\/schema\/logo\/image\/","url":"https:\/\/www.itc-packaging.com\/blog\/wp-content\/uploads\/2021\/12\/logotipo-color.png","contentUrl":"https:\/\/www.itc-packaging.com\/blog\/wp-content\/uploads\/2021\/12\/logotipo-color.png","width":250,"height":102,"caption":"ITC Packaging"},"image":{"@id":"https:\/\/www.itc-packaging.com\/blog\/#\/schema\/logo\/image\/"},"sameAs":["http:\/\/www.facebook.com\/ITCpackaging","https:\/\/www.instagram.com\/itcpackaging\/","http:\/\/www.linkedin.com\/company\/2999203","http:\/\/www.youtube.com\/channel\/UCPsvreju-YrdJYJLBnTljMQ"]},{"@type":"Person","@id":"https:\/\/www.itc-packaging.com\/blog\/#\/schema\/person\/f946f1c7b1d67c8e0231e17bcae52525","name":"pedro","image":{"@type":"ImageObject","inLanguage":"es","@id":"https:\/\/www.itc-packaging.com\/blog\/#\/schema\/person\/image\/","url":"https:\/\/secure.gravatar.com\/avatar\/c8d8bb2f3db0c346fa38a8963d9ef085?s=96&d=mm&r=g","contentUrl":"https:\/\/secure.gravatar.com\/avatar\/c8d8bb2f3db0c346fa38a8963d9ef085?s=96&d=mm&r=g","caption":"pedro"},"url":"https:\/\/www.itc-packaging.com\/blog\/author\/pedro\/"}]}},"_links":{"self":[{"href":"https:\/\/www.itc-packaging.com\/blog\/wp-json\/wp\/v2\/posts\/186"}],"collection":[{"href":"https:\/\/www.itc-packaging.com\/blog\/wp-json\/wp\/v2\/posts"}],"about":[{"href":"https:\/\/www.itc-packaging.com\/blog\/wp-json\/wp\/v2\/types\/post"}],"author":[{"embeddable":true,"href":"https:\/\/www.itc-packaging.com\/blog\/wp-json\/wp\/v2\/users\/2"}],"replies":[{"embeddable":true,"href":"https:\/\/www.itc-packaging.com\/blog\/wp-json\/wp\/v2\/comments?post=186"}],"version-history":[{"count":2,"href":"https:\/\/www.itc-packaging.com\/blog\/wp-json\/wp\/v2\/posts\/186\/revisions"}],"predecessor-version":[{"id":188,"href":"https:\/\/www.itc-packaging.com\/blog\/wp-json\/wp\/v2\/posts\/186\/revisions\/188"}],"wp:featuredmedia":[{"embeddable":true,"href":"https:\/\/www.itc-packaging.com\/blog\/wp-json\/wp\/v2\/media\/251"}],"wp:attachment":[{"href":"https:\/\/www.itc-packaging.com\/blog\/wp-json\/wp\/v2\/media?parent=186"}],"wp:term":[{"taxonomy":"category","embeddable":true,"href":"https:\/\/www.itc-packaging.com\/blog\/wp-json\/wp\/v2\/categories?post=186"},{"taxonomy":"post_tag","embeddable":true,"href":"https:\/\/www.itc-packaging.com\/blog\/wp-json\/wp\/v2\/tags?post=186"}],"curies":[{"name":"wp","href":"https:\/\/api.w.org\/{rel}","templated":true}]}}