{"id":190,"date":"2019-03-21T09:06:00","date_gmt":"2019-03-21T09:06:00","guid":{"rendered":"https:\/\/20.107.179.91\/blog\/?p=190"},"modified":"2021-09-28T08:18:36","modified_gmt":"2021-09-28T08:18:36","slug":"itc-packaging-calificacion-maxima-brc-plantas-ibi-sopelana","status":"publish","type":"post","link":"https:\/\/www.itc-packaging.com\/blog\/itc-packaging-calificacion-maxima-brc-plantas-ibi-sopelana\/","title":{"rendered":"ITC Packaging alcanza la calificaci\u00f3n m\u00e1xima de BRC para sus plantas de Ibi y Sopelana"},"content":{"rendered":"\n<p>Esta certificaci\u00f3n, obtenida ininterrumpidamente desde el a\u00f1o 2006, garantiza la seguridad, legalidad y calidad de los envases producidos en las plantas de producci\u00f3n de ITC Packaging. BRC (British Retail Consortium) est\u00e1 considerada como el marco de referencia para garantizar la calidad de los envases, siendo la norma m\u00e1s demandada por los fabricantes de productos alimentarios, farmac\u00e9uticos y cosm\u00e9ticos. Mediante el cumplimiento de este protocolo, ITC Packaging satisface los requisitos exigidos por sus clientes en materia de gesti\u00f3n de riesgos, personal, instalaciones, calidad, seguridad del producto, control de procesos y productos.<\/p>\n\n\n\n<p>La reciente remodelaci\u00f3n de las instalaciones y planta de producci\u00f3n de ITC Packaging ha sido altamente valorada por la auditor\u00eda gracias a los cambios introducidos que han permitido extremar las condiciones de higiene y seguridad alimentaria para cumplir con las m\u00e1s altas exigencias que marca el mercado, posicionando a la nueva planta de producci\u00f3n de ITC como un referente dentro del sector del packaging alimentario.<\/p>\n\n\n\n<p>Adem\u00e1s de la auditor\u00eda BRC, ITC Packaging recibe anualmente una decena de auditor\u00edas externas realizadas por sus clientes, marcas de referencia global y principales actores del mercado, esta exigencia constante permite fabricar un producto que cumple estrictamente con los est\u00e1ndares de calidad sostenida en el tiempo gracias a la implantaci\u00f3n de un proceso estructurado de fabricaci\u00f3n y calidad.<\/p>\n\n\n\n<p><a href=\"http:\/\/\/descargas\/\" data-type=\"URL\">Ver Certificados BRC<\/a><\/p>\n\n\n\n<p><\/p>\n","protected":false},"excerpt":{"rendered":"<p>ITC Packaging ha renovado recientemente el certificado \u2018BRC for Packaging\u2019 para sus plantas de Ibi y Sopelana, alcanzando la calificaci\u00f3n m\u00e1xima para auditor\u00edas anunciadas: el grado AA.<\/p>\n","protected":false},"author":2,"featured_media":10,"comment_status":"closed","ping_status":"closed","sticky":false,"template":"","format":"standard","meta":[],"categories":[3],"tags":[],"yoast_head":"<!-- This site is optimized with the Yoast SEO plugin v21.6 - https:\/\/yoast.com\/wordpress\/plugins\/seo\/ -->\r\n<title>ITC Packaging alcanza la calificaci\u00f3n m\u00e1xima de BRC para sus plantas de Ibi y Sopelana - ITC Noticias<\/title>\r\n<meta name=\"robots\" content=\"index, follow, max-snippet:-1, max-image-preview:large, max-video-preview:-1\" \/>\r\n<link rel=\"canonical\" href=\"https:\/\/www.itc-packaging.com\/blog\/itc-packaging-calificacion-maxima-brc-plantas-ibi-sopelana\/\" \/>\r\n<meta property=\"og:locale\" content=\"es_ES\" \/>\r\n<meta property=\"og:type\" content=\"article\" \/>\r\n<meta property=\"og:title\" content=\"ITC Packaging alcanza la calificaci\u00f3n m\u00e1xima de BRC para sus plantas de Ibi y Sopelana - ITC Noticias\" \/>\r\n<meta property=\"og:description\" content=\"ITC Packaging ha renovado recientemente el certificado \u2018BRC for Packaging\u2019 para sus plantas de Ibi y Sopelana, alcanzando la calificaci\u00f3n m\u00e1xima para auditor\u00edas anunciadas: el grado AA.\" \/>\r\n<meta property=\"og:url\" content=\"https:\/\/www.itc-packaging.com\/blog\/itc-packaging-calificacion-maxima-brc-plantas-ibi-sopelana\/\" \/>\r\n<meta property=\"og:site_name\" content=\"ITC Noticias\" \/>\r\n<meta property=\"article:publisher\" content=\"http:\/\/www.facebook.com\/ITCpackaging\" \/>\r\n<meta property=\"article:published_time\" content=\"2019-03-21T09:06:00+00:00\" \/>\r\n<meta property=\"article:modified_time\" content=\"2021-09-28T08:18:36+00:00\" \/>\r\n<meta property=\"og:image\" content=\"https:\/\/www.itc-packaging.com\/blog\/wp-content\/uploads\/2020\/12\/blog02.jpg\" \/>\r\n\t<meta property=\"og:image:width\" content=\"645\" \/>\r\n\t<meta property=\"og:image:height\" content=\"337\" \/>\r\n\t<meta property=\"og:image:type\" content=\"image\/jpeg\" \/>\r\n<meta name=\"author\" content=\"pedro\" \/>\r\n<meta name=\"twitter:card\" content=\"summary_large_image\" \/>\r\n<meta name=\"twitter:label1\" content=\"Escrito por\" \/>\n\t<meta name=\"twitter:data1\" content=\"pedro\" \/>\n\t<meta name=\"twitter:label2\" content=\"Tiempo de lectura\" \/>\n\t<meta name=\"twitter:data2\" content=\"1 minuto\" \/>\r\n<script type=\"application\/ld+json\" class=\"yoast-schema-graph\">{\"@context\":\"https:\/\/schema.org\",\"@graph\":[{\"@type\":\"Article\",\"@id\":\"https:\/\/www.itc-packaging.com\/blog\/itc-packaging-calificacion-maxima-brc-plantas-ibi-sopelana\/#article\",\"isPartOf\":{\"@id\":\"https:\/\/www.itc-packaging.com\/blog\/itc-packaging-calificacion-maxima-brc-plantas-ibi-sopelana\/\"},\"author\":{\"name\":\"pedro\",\"@id\":\"https:\/\/www.itc-packaging.com\/blog\/#\/schema\/person\/f946f1c7b1d67c8e0231e17bcae52525\"},\"headline\":\"ITC Packaging alcanza la calificaci\u00f3n m\u00e1xima de BRC para sus plantas de Ibi y Sopelana\",\"datePublished\":\"2019-03-21T09:06:00+00:00\",\"dateModified\":\"2021-09-28T08:18:36+00:00\",\"mainEntityOfPage\":{\"@id\":\"https:\/\/www.itc-packaging.com\/blog\/itc-packaging-calificacion-maxima-brc-plantas-ibi-sopelana\/\"},\"wordCount\":250,\"publisher\":{\"@id\":\"https:\/\/www.itc-packaging.com\/blog\/#organization\"},\"articleSection\":[\"Noticias corporativas\"],\"inLanguage\":\"es\"},{\"@type\":\"WebPage\",\"@id\":\"https:\/\/www.itc-packaging.com\/blog\/itc-packaging-calificacion-maxima-brc-plantas-ibi-sopelana\/\",\"url\":\"https:\/\/www.itc-packaging.com\/blog\/itc-packaging-calificacion-maxima-brc-plantas-ibi-sopelana\/\",\"name\":\"ITC Packaging alcanza la calificaci\u00f3n m\u00e1xima de BRC para sus plantas de Ibi y Sopelana - ITC Noticias\",\"isPartOf\":{\"@id\":\"https:\/\/www.itc-packaging.com\/blog\/#website\"},\"datePublished\":\"2019-03-21T09:06:00+00:00\",\"dateModified\":\"2021-09-28T08:18:36+00:00\",\"breadcrumb\":{\"@id\":\"https:\/\/www.itc-packaging.com\/blog\/itc-packaging-calificacion-maxima-brc-plantas-ibi-sopelana\/#breadcrumb\"},\"inLanguage\":\"es\",\"potentialAction\":[{\"@type\":\"ReadAction\",\"target\":[\"https:\/\/www.itc-packaging.com\/blog\/itc-packaging-calificacion-maxima-brc-plantas-ibi-sopelana\/\"]}]},{\"@type\":\"BreadcrumbList\",\"@id\":\"https:\/\/www.itc-packaging.com\/blog\/itc-packaging-calificacion-maxima-brc-plantas-ibi-sopelana\/#breadcrumb\",\"itemListElement\":[{\"@type\":\"ListItem\",\"position\":1,\"name\":\"Portada\",\"item\":\"https:\/\/www.itc-packaging.com\/blog\/\"},{\"@type\":\"ListItem\",\"position\":2,\"name\":\"ITC Packaging alcanza la calificaci\u00f3n m\u00e1xima de BRC para sus plantas de Ibi y Sopelana\"}]},{\"@type\":\"WebSite\",\"@id\":\"https:\/\/www.itc-packaging.com\/blog\/#website\",\"url\":\"https:\/\/www.itc-packaging.com\/blog\/\",\"name\":\"ITC Noticias\",\"description\":\"Fabricantes de envases para la industria alimentaria y cosm\u00e9tica\",\"publisher\":{\"@id\":\"https:\/\/www.itc-packaging.com\/blog\/#organization\"},\"potentialAction\":[{\"@type\":\"SearchAction\",\"target\":{\"@type\":\"EntryPoint\",\"urlTemplate\":\"https:\/\/www.itc-packaging.com\/blog\/?s={search_term_string}\"},\"query-input\":\"required name=search_term_string\"}],\"inLanguage\":\"es\"},{\"@type\":\"Organization\",\"@id\":\"https:\/\/www.itc-packaging.com\/blog\/#organization\",\"name\":\"ITC Packaging\",\"url\":\"https:\/\/www.itc-packaging.com\/blog\/\",\"logo\":{\"@type\":\"ImageObject\",\"inLanguage\":\"es\",\"@id\":\"https:\/\/www.itc-packaging.com\/blog\/#\/schema\/logo\/image\/\",\"url\":\"https:\/\/www.itc-packaging.com\/blog\/wp-content\/uploads\/2021\/12\/logotipo-color.png\",\"contentUrl\":\"https:\/\/www.itc-packaging.com\/blog\/wp-content\/uploads\/2021\/12\/logotipo-color.png\",\"width\":250,\"height\":102,\"caption\":\"ITC Packaging\"},\"image\":{\"@id\":\"https:\/\/www.itc-packaging.com\/blog\/#\/schema\/logo\/image\/\"},\"sameAs\":[\"http:\/\/www.facebook.com\/ITCpackaging\",\"https:\/\/www.instagram.com\/itcpackaging\/\",\"http:\/\/www.linkedin.com\/company\/2999203\",\"http:\/\/www.youtube.com\/channel\/UCPsvreju-YrdJYJLBnTljMQ\"]},{\"@type\":\"Person\",\"@id\":\"https:\/\/www.itc-packaging.com\/blog\/#\/schema\/person\/f946f1c7b1d67c8e0231e17bcae52525\",\"name\":\"pedro\",\"image\":{\"@type\":\"ImageObject\",\"inLanguage\":\"es\",\"@id\":\"https:\/\/www.itc-packaging.com\/blog\/#\/schema\/person\/image\/\",\"url\":\"https:\/\/secure.gravatar.com\/avatar\/c8d8bb2f3db0c346fa38a8963d9ef085?s=96&d=mm&r=g\",\"contentUrl\":\"https:\/\/secure.gravatar.com\/avatar\/c8d8bb2f3db0c346fa38a8963d9ef085?s=96&d=mm&r=g\",\"caption\":\"pedro\"},\"url\":\"https:\/\/www.itc-packaging.com\/blog\/author\/pedro\/\"}]}<\/script>\r\n<!-- \/ Yoast SEO plugin. -->","yoast_head_json":{"title":"ITC Packaging alcanza la calificaci\u00f3n m\u00e1xima de BRC para sus plantas de Ibi y Sopelana - ITC Noticias","robots":{"index":"index","follow":"follow","max-snippet":"max-snippet:-1","max-image-preview":"max-image-preview:large","max-video-preview":"max-video-preview:-1"},"canonical":"https:\/\/www.itc-packaging.com\/blog\/itc-packaging-calificacion-maxima-brc-plantas-ibi-sopelana\/","og_locale":"es_ES","og_type":"article","og_title":"ITC Packaging alcanza la calificaci\u00f3n m\u00e1xima de BRC para sus plantas de Ibi y Sopelana - ITC Noticias","og_description":"ITC Packaging ha renovado recientemente el certificado \u2018BRC for Packaging\u2019 para sus plantas de Ibi y Sopelana, alcanzando la calificaci\u00f3n m\u00e1xima para auditor\u00edas anunciadas: el grado AA.","og_url":"https:\/\/www.itc-packaging.com\/blog\/itc-packaging-calificacion-maxima-brc-plantas-ibi-sopelana\/","og_site_name":"ITC Noticias","article_publisher":"http:\/\/www.facebook.com\/ITCpackaging","article_published_time":"2019-03-21T09:06:00+00:00","article_modified_time":"2021-09-28T08:18:36+00:00","og_image":[{"width":645,"height":337,"url":"https:\/\/www.itc-packaging.com\/blog\/wp-content\/uploads\/2020\/12\/blog02.jpg","type":"image\/jpeg"}],"author":"pedro","twitter_card":"summary_large_image","twitter_misc":{"Escrito por":"pedro","Tiempo de lectura":"1 minuto"},"schema":{"@context":"https:\/\/schema.org","@graph":[{"@type":"Article","@id":"https:\/\/www.itc-packaging.com\/blog\/itc-packaging-calificacion-maxima-brc-plantas-ibi-sopelana\/#article","isPartOf":{"@id":"https:\/\/www.itc-packaging.com\/blog\/itc-packaging-calificacion-maxima-brc-plantas-ibi-sopelana\/"},"author":{"name":"pedro","@id":"https:\/\/www.itc-packaging.com\/blog\/#\/schema\/person\/f946f1c7b1d67c8e0231e17bcae52525"},"headline":"ITC Packaging alcanza la calificaci\u00f3n m\u00e1xima de BRC para sus plantas de Ibi y Sopelana","datePublished":"2019-03-21T09:06:00+00:00","dateModified":"2021-09-28T08:18:36+00:00","mainEntityOfPage":{"@id":"https:\/\/www.itc-packaging.com\/blog\/itc-packaging-calificacion-maxima-brc-plantas-ibi-sopelana\/"},"wordCount":250,"publisher":{"@id":"https:\/\/www.itc-packaging.com\/blog\/#organization"},"articleSection":["Noticias corporativas"],"inLanguage":"es"},{"@type":"WebPage","@id":"https:\/\/www.itc-packaging.com\/blog\/itc-packaging-calificacion-maxima-brc-plantas-ibi-sopelana\/","url":"https:\/\/www.itc-packaging.com\/blog\/itc-packaging-calificacion-maxima-brc-plantas-ibi-sopelana\/","name":"ITC Packaging alcanza la calificaci\u00f3n m\u00e1xima de BRC para sus plantas de Ibi y Sopelana - ITC Noticias","isPartOf":{"@id":"https:\/\/www.itc-packaging.com\/blog\/#website"},"datePublished":"2019-03-21T09:06:00+00:00","dateModified":"2021-09-28T08:18:36+00:00","breadcrumb":{"@id":"https:\/\/www.itc-packaging.com\/blog\/itc-packaging-calificacion-maxima-brc-plantas-ibi-sopelana\/#breadcrumb"},"inLanguage":"es","potentialAction":[{"@type":"ReadAction","target":["https:\/\/www.itc-packaging.com\/blog\/itc-packaging-calificacion-maxima-brc-plantas-ibi-sopelana\/"]}]},{"@type":"BreadcrumbList","@id":"https:\/\/www.itc-packaging.com\/blog\/itc-packaging-calificacion-maxima-brc-plantas-ibi-sopelana\/#breadcrumb","itemListElement":[{"@type":"ListItem","position":1,"name":"Portada","item":"https:\/\/www.itc-packaging.com\/blog\/"},{"@type":"ListItem","position":2,"name":"ITC Packaging alcanza la calificaci\u00f3n m\u00e1xima de BRC para sus plantas de Ibi y Sopelana"}]},{"@type":"WebSite","@id":"https:\/\/www.itc-packaging.com\/blog\/#website","url":"https:\/\/www.itc-packaging.com\/blog\/","name":"ITC Noticias","description":"Fabricantes de envases para la industria alimentaria y cosm\u00e9tica","publisher":{"@id":"https:\/\/www.itc-packaging.com\/blog\/#organization"},"potentialAction":[{"@type":"SearchAction","target":{"@type":"EntryPoint","urlTemplate":"https:\/\/www.itc-packaging.com\/blog\/?s={search_term_string}"},"query-input":"required name=search_term_string"}],"inLanguage":"es"},{"@type":"Organization","@id":"https:\/\/www.itc-packaging.com\/blog\/#organization","name":"ITC Packaging","url":"https:\/\/www.itc-packaging.com\/blog\/","logo":{"@type":"ImageObject","inLanguage":"es","@id":"https:\/\/www.itc-packaging.com\/blog\/#\/schema\/logo\/image\/","url":"https:\/\/www.itc-packaging.com\/blog\/wp-content\/uploads\/2021\/12\/logotipo-color.png","contentUrl":"https:\/\/www.itc-packaging.com\/blog\/wp-content\/uploads\/2021\/12\/logotipo-color.png","width":250,"height":102,"caption":"ITC Packaging"},"image":{"@id":"https:\/\/www.itc-packaging.com\/blog\/#\/schema\/logo\/image\/"},"sameAs":["http:\/\/www.facebook.com\/ITCpackaging","https:\/\/www.instagram.com\/itcpackaging\/","http:\/\/www.linkedin.com\/company\/2999203","http:\/\/www.youtube.com\/channel\/UCPsvreju-YrdJYJLBnTljMQ"]},{"@type":"Person","@id":"https:\/\/www.itc-packaging.com\/blog\/#\/schema\/person\/f946f1c7b1d67c8e0231e17bcae52525","name":"pedro","image":{"@type":"ImageObject","inLanguage":"es","@id":"https:\/\/www.itc-packaging.com\/blog\/#\/schema\/person\/image\/","url":"https:\/\/secure.gravatar.com\/avatar\/c8d8bb2f3db0c346fa38a8963d9ef085?s=96&d=mm&r=g","contentUrl":"https:\/\/secure.gravatar.com\/avatar\/c8d8bb2f3db0c346fa38a8963d9ef085?s=96&d=mm&r=g","caption":"pedro"},"url":"https:\/\/www.itc-packaging.com\/blog\/author\/pedro\/"}]}},"_links":{"self":[{"href":"https:\/\/www.itc-packaging.com\/blog\/wp-json\/wp\/v2\/posts\/190"}],"collection":[{"href":"https:\/\/www.itc-packaging.com\/blog\/wp-json\/wp\/v2\/posts"}],"about":[{"href":"https:\/\/www.itc-packaging.com\/blog\/wp-json\/wp\/v2\/types\/post"}],"author":[{"embeddable":true,"href":"https:\/\/www.itc-packaging.com\/blog\/wp-json\/wp\/v2\/users\/2"}],"replies":[{"embeddable":true,"href":"https:\/\/www.itc-packaging.com\/blog\/wp-json\/wp\/v2\/comments?post=190"}],"version-history":[{"count":1,"href":"https:\/\/www.itc-packaging.com\/blog\/wp-json\/wp\/v2\/posts\/190\/revisions"}],"predecessor-version":[{"id":191,"href":"https:\/\/www.itc-packaging.com\/blog\/wp-json\/wp\/v2\/posts\/190\/revisions\/191"}],"wp:featuredmedia":[{"embeddable":true,"href":"https:\/\/www.itc-packaging.com\/blog\/wp-json\/wp\/v2\/media\/10"}],"wp:attachment":[{"href":"https:\/\/www.itc-packaging.com\/blog\/wp-json\/wp\/v2\/media?parent=190"}],"wp:term":[{"taxonomy":"category","embeddable":true,"href":"https:\/\/www.itc-packaging.com\/blog\/wp-json\/wp\/v2\/categories?post=190"},{"taxonomy":"post_tag","embeddable":true,"href":"https:\/\/www.itc-packaging.com\/blog\/wp-json\/wp\/v2\/tags?post=190"}],"curies":[{"name":"wp","href":"https:\/\/api.w.org\/{rel}","templated":true}]}}