{"id":203,"date":"2017-05-09T10:14:00","date_gmt":"2017-05-09T10:14:00","guid":{"rendered":"https:\/\/20.107.179.91\/blog\/?p=203"},"modified":"2021-09-28T07:35:35","modified_gmt":"2021-09-28T07:35:35","slug":"itc-packaging-esta-desarrollando-innovadores-envases-con-etiquetas-funcionales","status":"publish","type":"post","link":"https:\/\/www.itc-packaging.com\/blog\/itc-packaging-esta-desarrollando-innovadores-envases-con-etiquetas-funcionales\/","title":{"rendered":"ITC Packaging est\u00e1 desarrollando innovadores envases con etiquetas funcionales"},"content":{"rendered":"\n<p>El objetivo general del presente proyecto, ser\u00e1 el desarrollo de una innovadora soluci\u00f3n tecnol\u00f3gica, a trav\u00e9s de una etiqueta IML compuesta por materiales que reduzcan el nivel de fricci\u00f3n y tensi\u00f3n superficial de las paredes del envase con los productos que contienen. De forma que se facilite el vaciado de \u00e9stos y se reduzca de forma muy importante la cantidad de desperdicios por quedar en el interior del envase.<\/p>\n\n\n\n<p>Este proyecto ha sido apoyado con una ayuda de 30.995,40\u20ac por el Instituto Valenciano de Competitividad Empresarial (IVACE), con la cofinanciaci\u00f3n de fondos europeos FEDER, a trav\u00e9s del programa de ayudas para Proyectos de I+D de Pyme, convocadas por la resoluci\u00f3n de 15 de febrero de 2016 del presidente del IVACE por la que se convoca la concesi\u00f3n del PLAN DE I+D+I EMPRESARIAL PARA EL EJERCICIO 2016 para el ejercicio 2016 (DOCV n\u00fam. 7733, de 03\/03\/2016). N\u00ba EXPEDIENTE: IMIDTA\/2016\/226<\/p>\n","protected":false},"excerpt":{"rendered":"<p>En la actualidad, el equipo de I+D de ITC Packaging se encuentra en pleno desarrollo de un ambicioso proyecto de I+D, que tiene como objetivo el desarrollo de innovadoras etiquetas IML que evitar\u00e1n la generaci\u00f3n de residuos de alimentos en el envase.<\/p>\n","protected":false},"author":2,"featured_media":240,"comment_status":"closed","ping_status":"","sticky":false,"template":"","format":"standard","meta":[],"categories":[11,3],"tags":[],"yoast_head":"<!-- This site is optimized with the Yoast SEO plugin v21.6 - https:\/\/yoast.com\/wordpress\/plugins\/seo\/ -->\r\n<title>ITC Packaging est\u00e1 desarrollando innovadores envases con etiquetas funcionales - ITC Noticias<\/title>\r\n<meta name=\"robots\" content=\"index, follow, max-snippet:-1, max-image-preview:large, max-video-preview:-1\" \/>\r\n<link rel=\"canonical\" href=\"https:\/\/www.itc-packaging.com\/blog\/itc-packaging-esta-desarrollando-innovadores-envases-con-etiquetas-funcionales\/\" \/>\r\n<meta property=\"og:locale\" content=\"es_ES\" \/>\r\n<meta property=\"og:type\" content=\"article\" \/>\r\n<meta property=\"og:title\" content=\"ITC Packaging est\u00e1 desarrollando innovadores envases con etiquetas funcionales - ITC Noticias\" \/>\r\n<meta property=\"og:description\" content=\"En la actualidad, el equipo de I+D de ITC Packaging se encuentra en pleno desarrollo de un ambicioso proyecto de I+D, que tiene como objetivo el desarrollo de innovadoras etiquetas IML que evitar\u00e1n la generaci\u00f3n de residuos de alimentos en el envase.\" \/>\r\n<meta property=\"og:url\" content=\"https:\/\/www.itc-packaging.com\/blog\/itc-packaging-esta-desarrollando-innovadores-envases-con-etiquetas-funcionales\/\" \/>\r\n<meta property=\"og:site_name\" content=\"ITC Noticias\" \/>\r\n<meta property=\"article:publisher\" content=\"http:\/\/www.facebook.com\/ITCpackaging\" \/>\r\n<meta property=\"article:published_time\" content=\"2017-05-09T10:14:00+00:00\" \/>\r\n<meta property=\"article:modified_time\" content=\"2021-09-28T07:35:35+00:00\" \/>\r\n<meta property=\"og:image\" content=\"https:\/\/www.itc-packaging.com\/blog\/wp-content\/uploads\/2017\/05\/feder.jpg\" \/>\r\n\t<meta property=\"og:image:width\" content=\"1758\" \/>\r\n\t<meta property=\"og:image:height\" content=\"657\" \/>\r\n\t<meta property=\"og:image:type\" content=\"image\/jpeg\" \/>\r\n<meta name=\"author\" content=\"pedro\" \/>\r\n<meta name=\"twitter:card\" content=\"summary_large_image\" \/>\r\n<meta name=\"twitter:label1\" content=\"Escrito por\" \/>\n\t<meta name=\"twitter:data1\" content=\"pedro\" \/>\n\t<meta name=\"twitter:label2\" content=\"Tiempo de lectura\" \/>\n\t<meta name=\"twitter:data2\" content=\"1 minuto\" \/>\r\n<script type=\"application\/ld+json\" class=\"yoast-schema-graph\">{\"@context\":\"https:\/\/schema.org\",\"@graph\":[{\"@type\":\"Article\",\"@id\":\"https:\/\/www.itc-packaging.com\/blog\/itc-packaging-esta-desarrollando-innovadores-envases-con-etiquetas-funcionales\/#article\",\"isPartOf\":{\"@id\":\"https:\/\/www.itc-packaging.com\/blog\/itc-packaging-esta-desarrollando-innovadores-envases-con-etiquetas-funcionales\/\"},\"author\":{\"name\":\"pedro\",\"@id\":\"https:\/\/www.itc-packaging.com\/blog\/#\/schema\/person\/f946f1c7b1d67c8e0231e17bcae52525\"},\"headline\":\"ITC Packaging est\u00e1 desarrollando innovadores envases con etiquetas funcionales\",\"datePublished\":\"2017-05-09T10:14:00+00:00\",\"dateModified\":\"2021-09-28T07:35:35+00:00\",\"mainEntityOfPage\":{\"@id\":\"https:\/\/www.itc-packaging.com\/blog\/itc-packaging-esta-desarrollando-innovadores-envases-con-etiquetas-funcionales\/\"},\"wordCount\":163,\"publisher\":{\"@id\":\"https:\/\/www.itc-packaging.com\/blog\/#organization\"},\"articleSection\":[\"Innovaci\u00f3n\",\"Noticias corporativas\"],\"inLanguage\":\"es\"},{\"@type\":\"WebPage\",\"@id\":\"https:\/\/www.itc-packaging.com\/blog\/itc-packaging-esta-desarrollando-innovadores-envases-con-etiquetas-funcionales\/\",\"url\":\"https:\/\/www.itc-packaging.com\/blog\/itc-packaging-esta-desarrollando-innovadores-envases-con-etiquetas-funcionales\/\",\"name\":\"ITC Packaging est\u00e1 desarrollando innovadores envases con etiquetas funcionales - ITC Noticias\",\"isPartOf\":{\"@id\":\"https:\/\/www.itc-packaging.com\/blog\/#website\"},\"datePublished\":\"2017-05-09T10:14:00+00:00\",\"dateModified\":\"2021-09-28T07:35:35+00:00\",\"breadcrumb\":{\"@id\":\"https:\/\/www.itc-packaging.com\/blog\/itc-packaging-esta-desarrollando-innovadores-envases-con-etiquetas-funcionales\/#breadcrumb\"},\"inLanguage\":\"es\",\"potentialAction\":[{\"@type\":\"ReadAction\",\"target\":[\"https:\/\/www.itc-packaging.com\/blog\/itc-packaging-esta-desarrollando-innovadores-envases-con-etiquetas-funcionales\/\"]}]},{\"@type\":\"BreadcrumbList\",\"@id\":\"https:\/\/www.itc-packaging.com\/blog\/itc-packaging-esta-desarrollando-innovadores-envases-con-etiquetas-funcionales\/#breadcrumb\",\"itemListElement\":[{\"@type\":\"ListItem\",\"position\":1,\"name\":\"Portada\",\"item\":\"https:\/\/www.itc-packaging.com\/blog\/\"},{\"@type\":\"ListItem\",\"position\":2,\"name\":\"ITC Packaging est\u00e1 desarrollando innovadores envases con etiquetas funcionales\"}]},{\"@type\":\"WebSite\",\"@id\":\"https:\/\/www.itc-packaging.com\/blog\/#website\",\"url\":\"https:\/\/www.itc-packaging.com\/blog\/\",\"name\":\"ITC Noticias\",\"description\":\"Fabricantes de envases para la industria alimentaria y cosm\u00e9tica\",\"publisher\":{\"@id\":\"https:\/\/www.itc-packaging.com\/blog\/#organization\"},\"potentialAction\":[{\"@type\":\"SearchAction\",\"target\":{\"@type\":\"EntryPoint\",\"urlTemplate\":\"https:\/\/www.itc-packaging.com\/blog\/?s={search_term_string}\"},\"query-input\":\"required name=search_term_string\"}],\"inLanguage\":\"es\"},{\"@type\":\"Organization\",\"@id\":\"https:\/\/www.itc-packaging.com\/blog\/#organization\",\"name\":\"ITC Packaging\",\"url\":\"https:\/\/www.itc-packaging.com\/blog\/\",\"logo\":{\"@type\":\"ImageObject\",\"inLanguage\":\"es\",\"@id\":\"https:\/\/www.itc-packaging.com\/blog\/#\/schema\/logo\/image\/\",\"url\":\"https:\/\/www.itc-packaging.com\/blog\/wp-content\/uploads\/2021\/12\/logotipo-color.png\",\"contentUrl\":\"https:\/\/www.itc-packaging.com\/blog\/wp-content\/uploads\/2021\/12\/logotipo-color.png\",\"width\":250,\"height\":102,\"caption\":\"ITC Packaging\"},\"image\":{\"@id\":\"https:\/\/www.itc-packaging.com\/blog\/#\/schema\/logo\/image\/\"},\"sameAs\":[\"http:\/\/www.facebook.com\/ITCpackaging\",\"https:\/\/www.instagram.com\/itcpackaging\/\",\"http:\/\/www.linkedin.com\/company\/2999203\",\"http:\/\/www.youtube.com\/channel\/UCPsvreju-YrdJYJLBnTljMQ\"]},{\"@type\":\"Person\",\"@id\":\"https:\/\/www.itc-packaging.com\/blog\/#\/schema\/person\/f946f1c7b1d67c8e0231e17bcae52525\",\"name\":\"pedro\",\"image\":{\"@type\":\"ImageObject\",\"inLanguage\":\"es\",\"@id\":\"https:\/\/www.itc-packaging.com\/blog\/#\/schema\/person\/image\/\",\"url\":\"https:\/\/secure.gravatar.com\/avatar\/c8d8bb2f3db0c346fa38a8963d9ef085?s=96&d=mm&r=g\",\"contentUrl\":\"https:\/\/secure.gravatar.com\/avatar\/c8d8bb2f3db0c346fa38a8963d9ef085?s=96&d=mm&r=g\",\"caption\":\"pedro\"},\"url\":\"https:\/\/www.itc-packaging.com\/blog\/author\/pedro\/\"}]}<\/script>\r\n<!-- \/ Yoast SEO plugin. -->","yoast_head_json":{"title":"ITC Packaging est\u00e1 desarrollando innovadores envases con etiquetas funcionales - ITC Noticias","robots":{"index":"index","follow":"follow","max-snippet":"max-snippet:-1","max-image-preview":"max-image-preview:large","max-video-preview":"max-video-preview:-1"},"canonical":"https:\/\/www.itc-packaging.com\/blog\/itc-packaging-esta-desarrollando-innovadores-envases-con-etiquetas-funcionales\/","og_locale":"es_ES","og_type":"article","og_title":"ITC Packaging est\u00e1 desarrollando innovadores envases con etiquetas funcionales - ITC Noticias","og_description":"En la actualidad, el equipo de I+D de ITC Packaging se encuentra en pleno desarrollo de un ambicioso proyecto de I+D, que tiene como objetivo el desarrollo de innovadoras etiquetas IML que evitar\u00e1n la generaci\u00f3n de residuos de alimentos en el envase.","og_url":"https:\/\/www.itc-packaging.com\/blog\/itc-packaging-esta-desarrollando-innovadores-envases-con-etiquetas-funcionales\/","og_site_name":"ITC Noticias","article_publisher":"http:\/\/www.facebook.com\/ITCpackaging","article_published_time":"2017-05-09T10:14:00+00:00","article_modified_time":"2021-09-28T07:35:35+00:00","og_image":[{"width":1758,"height":657,"url":"https:\/\/www.itc-packaging.com\/blog\/wp-content\/uploads\/2017\/05\/feder.jpg","type":"image\/jpeg"}],"author":"pedro","twitter_card":"summary_large_image","twitter_misc":{"Escrito por":"pedro","Tiempo de lectura":"1 minuto"},"schema":{"@context":"https:\/\/schema.org","@graph":[{"@type":"Article","@id":"https:\/\/www.itc-packaging.com\/blog\/itc-packaging-esta-desarrollando-innovadores-envases-con-etiquetas-funcionales\/#article","isPartOf":{"@id":"https:\/\/www.itc-packaging.com\/blog\/itc-packaging-esta-desarrollando-innovadores-envases-con-etiquetas-funcionales\/"},"author":{"name":"pedro","@id":"https:\/\/www.itc-packaging.com\/blog\/#\/schema\/person\/f946f1c7b1d67c8e0231e17bcae52525"},"headline":"ITC Packaging est\u00e1 desarrollando innovadores envases con etiquetas funcionales","datePublished":"2017-05-09T10:14:00+00:00","dateModified":"2021-09-28T07:35:35+00:00","mainEntityOfPage":{"@id":"https:\/\/www.itc-packaging.com\/blog\/itc-packaging-esta-desarrollando-innovadores-envases-con-etiquetas-funcionales\/"},"wordCount":163,"publisher":{"@id":"https:\/\/www.itc-packaging.com\/blog\/#organization"},"articleSection":["Innovaci\u00f3n","Noticias corporativas"],"inLanguage":"es"},{"@type":"WebPage","@id":"https:\/\/www.itc-packaging.com\/blog\/itc-packaging-esta-desarrollando-innovadores-envases-con-etiquetas-funcionales\/","url":"https:\/\/www.itc-packaging.com\/blog\/itc-packaging-esta-desarrollando-innovadores-envases-con-etiquetas-funcionales\/","name":"ITC Packaging est\u00e1 desarrollando innovadores envases con etiquetas funcionales - ITC Noticias","isPartOf":{"@id":"https:\/\/www.itc-packaging.com\/blog\/#website"},"datePublished":"2017-05-09T10:14:00+00:00","dateModified":"2021-09-28T07:35:35+00:00","breadcrumb":{"@id":"https:\/\/www.itc-packaging.com\/blog\/itc-packaging-esta-desarrollando-innovadores-envases-con-etiquetas-funcionales\/#breadcrumb"},"inLanguage":"es","potentialAction":[{"@type":"ReadAction","target":["https:\/\/www.itc-packaging.com\/blog\/itc-packaging-esta-desarrollando-innovadores-envases-con-etiquetas-funcionales\/"]}]},{"@type":"BreadcrumbList","@id":"https:\/\/www.itc-packaging.com\/blog\/itc-packaging-esta-desarrollando-innovadores-envases-con-etiquetas-funcionales\/#breadcrumb","itemListElement":[{"@type":"ListItem","position":1,"name":"Portada","item":"https:\/\/www.itc-packaging.com\/blog\/"},{"@type":"ListItem","position":2,"name":"ITC Packaging est\u00e1 desarrollando innovadores envases con etiquetas funcionales"}]},{"@type":"WebSite","@id":"https:\/\/www.itc-packaging.com\/blog\/#website","url":"https:\/\/www.itc-packaging.com\/blog\/","name":"ITC Noticias","description":"Fabricantes de envases para la industria alimentaria y cosm\u00e9tica","publisher":{"@id":"https:\/\/www.itc-packaging.com\/blog\/#organization"},"potentialAction":[{"@type":"SearchAction","target":{"@type":"EntryPoint","urlTemplate":"https:\/\/www.itc-packaging.com\/blog\/?s={search_term_string}"},"query-input":"required name=search_term_string"}],"inLanguage":"es"},{"@type":"Organization","@id":"https:\/\/www.itc-packaging.com\/blog\/#organization","name":"ITC Packaging","url":"https:\/\/www.itc-packaging.com\/blog\/","logo":{"@type":"ImageObject","inLanguage":"es","@id":"https:\/\/www.itc-packaging.com\/blog\/#\/schema\/logo\/image\/","url":"https:\/\/www.itc-packaging.com\/blog\/wp-content\/uploads\/2021\/12\/logotipo-color.png","contentUrl":"https:\/\/www.itc-packaging.com\/blog\/wp-content\/uploads\/2021\/12\/logotipo-color.png","width":250,"height":102,"caption":"ITC Packaging"},"image":{"@id":"https:\/\/www.itc-packaging.com\/blog\/#\/schema\/logo\/image\/"},"sameAs":["http:\/\/www.facebook.com\/ITCpackaging","https:\/\/www.instagram.com\/itcpackaging\/","http:\/\/www.linkedin.com\/company\/2999203","http:\/\/www.youtube.com\/channel\/UCPsvreju-YrdJYJLBnTljMQ"]},{"@type":"Person","@id":"https:\/\/www.itc-packaging.com\/blog\/#\/schema\/person\/f946f1c7b1d67c8e0231e17bcae52525","name":"pedro","image":{"@type":"ImageObject","inLanguage":"es","@id":"https:\/\/www.itc-packaging.com\/blog\/#\/schema\/person\/image\/","url":"https:\/\/secure.gravatar.com\/avatar\/c8d8bb2f3db0c346fa38a8963d9ef085?s=96&d=mm&r=g","contentUrl":"https:\/\/secure.gravatar.com\/avatar\/c8d8bb2f3db0c346fa38a8963d9ef085?s=96&d=mm&r=g","caption":"pedro"},"url":"https:\/\/www.itc-packaging.com\/blog\/author\/pedro\/"}]}},"_links":{"self":[{"href":"https:\/\/www.itc-packaging.com\/blog\/wp-json\/wp\/v2\/posts\/203"}],"collection":[{"href":"https:\/\/www.itc-packaging.com\/blog\/wp-json\/wp\/v2\/posts"}],"about":[{"href":"https:\/\/www.itc-packaging.com\/blog\/wp-json\/wp\/v2\/types\/post"}],"author":[{"embeddable":true,"href":"https:\/\/www.itc-packaging.com\/blog\/wp-json\/wp\/v2\/users\/2"}],"replies":[{"embeddable":true,"href":"https:\/\/www.itc-packaging.com\/blog\/wp-json\/wp\/v2\/comments?post=203"}],"version-history":[{"count":2,"href":"https:\/\/www.itc-packaging.com\/blog\/wp-json\/wp\/v2\/posts\/203\/revisions"}],"predecessor-version":[{"id":241,"href":"https:\/\/www.itc-packaging.com\/blog\/wp-json\/wp\/v2\/posts\/203\/revisions\/241"}],"wp:featuredmedia":[{"embeddable":true,"href":"https:\/\/www.itc-packaging.com\/blog\/wp-json\/wp\/v2\/media\/240"}],"wp:attachment":[{"href":"https:\/\/www.itc-packaging.com\/blog\/wp-json\/wp\/v2\/media?parent=203"}],"wp:term":[{"taxonomy":"category","embeddable":true,"href":"https:\/\/www.itc-packaging.com\/blog\/wp-json\/wp\/v2\/categories?post=203"},{"taxonomy":"post_tag","embeddable":true,"href":"https:\/\/www.itc-packaging.com\/blog\/wp-json\/wp\/v2\/tags?post=203"}],"curies":[{"name":"wp","href":"https:\/\/api.w.org\/{rel}","templated":true}]}}