{"id":205,"date":"2017-04-27T10:18:00","date_gmt":"2017-04-27T10:18:00","guid":{"rendered":"https:\/\/20.107.179.91\/blog\/?p=205"},"modified":"2021-09-27T11:04:44","modified_gmt":"2021-09-27T11:04:44","slug":"itc-packaging-corea-envase-premium-maeil","status":"publish","type":"post","link":"https:\/\/www.itc-packaging.com\/blog\/itc-packaging-corea-envase-premium-maeil\/","title":{"rendered":"ITC Packaging llega a Corea con un envase \u00abPremium\u00bb para Maeil"},"content":{"rendered":"\n<p>Se trata de un envase con alto valor a\u00f1adido cuidando cada&nbsp;detalle&nbsp;para ofrecer al usuario una experiencia excepcional. Una tapa con cuchara integrada para nutrici\u00f3n infantil, donde la higiene es la premisa m\u00e1s importante y donde el dise\u00f1o se ha concebido&nbsp;a medida con formas m\u00e1s suaves y un color caracter\u00edstico para Maeil.&nbsp;<\/p>\n\n\n\n<p>Nuestro haber cuenta con m\u00e1s de 30 tapas desarrolladas para la industria de alimentaci\u00f3n infantil y por tanto para&nbsp;los principales fabricantes europeos como son Arla Foods, Hero y Hochdorff, entre otros.<br>Ahora, ITC llega a Corea de la mano de Maeil con el lanzamiento de una tapa que re\u00fane el&nbsp;<em>expertise<\/em>&nbsp;adquirido y las necesidades especiales para el mercado Coreano.<\/p>\n\n\n\n<p>Los detalles t\u00e9cnicos ofrecen un acabado impecable, permitiendo que la misma tapa contenga la cuchara sin necesidad de buscarla en el interior, y que adem\u00e1s, garantiza la higiene en cada uso con la posibilidad de colocar&nbsp;de nuevo la cuchara en la tapa.&nbsp;<br>Esto sumado a la posibilidad de decoraci\u00f3n que ofrece la tecnolog\u00eda IML pone a disposici\u00f3n de la marca una herramienta de branding y comunicaci\u00f3n directa con el consumidor. As\u00ed pues, para que esta tapa tenga una identidad propia, se ha escogido un color a medida que re\u00fana valores culturales y represente a la marca.<br><br>Esta oportunidad viene de nuestro colaborador&nbsp;Bara \/ Donjon Group, que han formado parte del desarrollo desde el principio para hacer posible este proyecto.&nbsp;<\/p>\n\n\n\n<hr class=\"wp-block-separator\"\/>\n\n\n\n<p>Empresa l\u00edder en el sector l\u00e1cteo que trabaja bajo criterios de innovaci\u00f3n y conoce perfectamente que debe reinventarse y aportar valor al consumidor. Prueba de ello es el lanzamiento del proyecto que os presentamos en esta noticia. El mercado, los consumidores y en general la sociedad necesita que se lo pongan todo \u00aben bandeja\u00bb. Mail tiene m\u00e1s de 45 a\u00f1os de historia con una facturaci\u00f3n de 1,140 millones de d\u00f3lares, su equipo humano lo forman 2.085 empleados.&nbsp;<\/p>\n\n\n\n<h2 class=\"wp-block-heading\">La visi\u00f3n de Maeil<\/h2>\n\n\n\n<blockquote class=\"wp-block-quote is-style-default\"><p><em>Hemos lanzado la primera SpoonCap en Corea y est\u00e1 siendo todo un \u00e9xito, un paso en pro de la seguridad y la higiene de la mano de ITC Packaging. Un proyecto que hemos madurado durante 2 a\u00f1os y que es ahora una realidad.&nbsp;Con el&nbsp;expertise&nbsp;y profesionalidad de ITC hemos llegado al equilibrio perfecto entre las necesidades del mercado, las necesidades de producto y la cadena de valor. Destacamos de ITC Packaging su gran capacidad de aportar valor y la profesionalidad del equipo humano, que han hecho posible que la SpoonCap llegue a Corea.&nbsp;<\/em><\/p><cite>Jeff LEE<\/cite><\/blockquote>\n","protected":false},"excerpt":{"rendered":"<p>Se trata de un envase con alto valor a\u00f1adido cuidando cada\u00a0detalle\u00a0para ofrecer al usuario una experiencia excepcional. Una tapa con cuchara integrada para nutrici\u00f3n infantil, donde la higiene es la premisa m\u00e1s importante y donde el dise\u00f1o se ha concebido\u00a0a medida con formas m\u00e1s suaves y un color caracter\u00edstico para Maeil.<\/p>\n","protected":false},"author":2,"featured_media":228,"comment_status":"closed","ping_status":"","sticky":false,"template":"","format":"standard","meta":[],"categories":[3,14,12],"tags":[],"yoast_head":"<!-- This site is optimized with the Yoast SEO plugin v21.6 - https:\/\/yoast.com\/wordpress\/plugins\/seo\/ -->\r\n<title>ITC Packaging llega a Corea con un envase &quot;Premium&quot; para Maeil - ITC Noticias<\/title>\r\n<meta name=\"robots\" content=\"index, follow, max-snippet:-1, max-image-preview:large, max-video-preview:-1\" \/>\r\n<link rel=\"canonical\" href=\"https:\/\/www.itc-packaging.com\/blog\/itc-packaging-corea-envase-premium-maeil\/\" \/>\r\n<meta property=\"og:locale\" content=\"es_ES\" \/>\r\n<meta property=\"og:type\" content=\"article\" \/>\r\n<meta property=\"og:title\" content=\"ITC Packaging llega a Corea con un envase &quot;Premium&quot; para Maeil - ITC Noticias\" \/>\r\n<meta property=\"og:description\" content=\"Se trata de un envase con alto valor a\u00f1adido cuidando cada\u00a0detalle\u00a0para ofrecer al usuario una experiencia excepcional. Una tapa con cuchara integrada para nutrici\u00f3n infantil, donde la higiene es la premisa m\u00e1s importante y donde el dise\u00f1o se ha concebido\u00a0a medida con formas m\u00e1s suaves y un color caracter\u00edstico para Maeil.\" \/>\r\n<meta property=\"og:url\" content=\"https:\/\/www.itc-packaging.com\/blog\/itc-packaging-corea-envase-premium-maeil\/\" \/>\r\n<meta property=\"og:site_name\" content=\"ITC Noticias\" \/>\r\n<meta property=\"article:publisher\" content=\"http:\/\/www.facebook.com\/ITCpackaging\" \/>\r\n<meta property=\"article:published_time\" content=\"2017-04-27T10:18:00+00:00\" \/>\r\n<meta property=\"article:modified_time\" content=\"2021-09-27T11:04:44+00:00\" \/>\r\n<meta property=\"og:image\" content=\"https:\/\/www.itc-packaging.com\/blog\/wp-content\/uploads\/2017\/04\/pack-maeil-sc.jpg\" \/>\r\n\t<meta property=\"og:image:width\" content=\"1758\" \/>\r\n\t<meta property=\"og:image:height\" content=\"657\" \/>\r\n\t<meta property=\"og:image:type\" content=\"image\/jpeg\" \/>\r\n<meta name=\"author\" content=\"pedro\" \/>\r\n<meta name=\"twitter:card\" content=\"summary_large_image\" \/>\r\n<meta name=\"twitter:label1\" content=\"Escrito por\" \/>\n\t<meta name=\"twitter:data1\" content=\"pedro\" \/>\n\t<meta name=\"twitter:label2\" content=\"Tiempo de lectura\" \/>\n\t<meta name=\"twitter:data2\" content=\"2 minutos\" \/>\r\n<script type=\"application\/ld+json\" class=\"yoast-schema-graph\">{\"@context\":\"https:\/\/schema.org\",\"@graph\":[{\"@type\":\"Article\",\"@id\":\"https:\/\/www.itc-packaging.com\/blog\/itc-packaging-corea-envase-premium-maeil\/#article\",\"isPartOf\":{\"@id\":\"https:\/\/www.itc-packaging.com\/blog\/itc-packaging-corea-envase-premium-maeil\/\"},\"author\":{\"name\":\"pedro\",\"@id\":\"https:\/\/www.itc-packaging.com\/blog\/#\/schema\/person\/f946f1c7b1d67c8e0231e17bcae52525\"},\"headline\":\"ITC Packaging llega a Corea con un envase \u00abPremium\u00bb para Maeil\",\"datePublished\":\"2017-04-27T10:18:00+00:00\",\"dateModified\":\"2021-09-27T11:04:44+00:00\",\"mainEntityOfPage\":{\"@id\":\"https:\/\/www.itc-packaging.com\/blog\/itc-packaging-corea-envase-premium-maeil\/\"},\"wordCount\":460,\"publisher\":{\"@id\":\"https:\/\/www.itc-packaging.com\/blog\/#organization\"},\"articleSection\":[\"Noticias corporativas\",\"Soluciones\",\"Spooncaps\"],\"inLanguage\":\"es\"},{\"@type\":\"WebPage\",\"@id\":\"https:\/\/www.itc-packaging.com\/blog\/itc-packaging-corea-envase-premium-maeil\/\",\"url\":\"https:\/\/www.itc-packaging.com\/blog\/itc-packaging-corea-envase-premium-maeil\/\",\"name\":\"ITC Packaging llega a Corea con un envase \\\"Premium\\\" para Maeil - ITC Noticias\",\"isPartOf\":{\"@id\":\"https:\/\/www.itc-packaging.com\/blog\/#website\"},\"datePublished\":\"2017-04-27T10:18:00+00:00\",\"dateModified\":\"2021-09-27T11:04:44+00:00\",\"breadcrumb\":{\"@id\":\"https:\/\/www.itc-packaging.com\/blog\/itc-packaging-corea-envase-premium-maeil\/#breadcrumb\"},\"inLanguage\":\"es\",\"potentialAction\":[{\"@type\":\"ReadAction\",\"target\":[\"https:\/\/www.itc-packaging.com\/blog\/itc-packaging-corea-envase-premium-maeil\/\"]}]},{\"@type\":\"BreadcrumbList\",\"@id\":\"https:\/\/www.itc-packaging.com\/blog\/itc-packaging-corea-envase-premium-maeil\/#breadcrumb\",\"itemListElement\":[{\"@type\":\"ListItem\",\"position\":1,\"name\":\"Portada\",\"item\":\"https:\/\/www.itc-packaging.com\/blog\/\"},{\"@type\":\"ListItem\",\"position\":2,\"name\":\"ITC Packaging llega a Corea con un envase \u00abPremium\u00bb para Maeil\"}]},{\"@type\":\"WebSite\",\"@id\":\"https:\/\/www.itc-packaging.com\/blog\/#website\",\"url\":\"https:\/\/www.itc-packaging.com\/blog\/\",\"name\":\"ITC Noticias\",\"description\":\"Fabricantes de envases para la industria alimentaria y cosm\u00e9tica\",\"publisher\":{\"@id\":\"https:\/\/www.itc-packaging.com\/blog\/#organization\"},\"potentialAction\":[{\"@type\":\"SearchAction\",\"target\":{\"@type\":\"EntryPoint\",\"urlTemplate\":\"https:\/\/www.itc-packaging.com\/blog\/?s={search_term_string}\"},\"query-input\":\"required name=search_term_string\"}],\"inLanguage\":\"es\"},{\"@type\":\"Organization\",\"@id\":\"https:\/\/www.itc-packaging.com\/blog\/#organization\",\"name\":\"ITC Packaging\",\"url\":\"https:\/\/www.itc-packaging.com\/blog\/\",\"logo\":{\"@type\":\"ImageObject\",\"inLanguage\":\"es\",\"@id\":\"https:\/\/www.itc-packaging.com\/blog\/#\/schema\/logo\/image\/\",\"url\":\"https:\/\/www.itc-packaging.com\/blog\/wp-content\/uploads\/2021\/12\/logotipo-color.png\",\"contentUrl\":\"https:\/\/www.itc-packaging.com\/blog\/wp-content\/uploads\/2021\/12\/logotipo-color.png\",\"width\":250,\"height\":102,\"caption\":\"ITC Packaging\"},\"image\":{\"@id\":\"https:\/\/www.itc-packaging.com\/blog\/#\/schema\/logo\/image\/\"},\"sameAs\":[\"http:\/\/www.facebook.com\/ITCpackaging\",\"https:\/\/www.instagram.com\/itcpackaging\/\",\"http:\/\/www.linkedin.com\/company\/2999203\",\"http:\/\/www.youtube.com\/channel\/UCPsvreju-YrdJYJLBnTljMQ\"]},{\"@type\":\"Person\",\"@id\":\"https:\/\/www.itc-packaging.com\/blog\/#\/schema\/person\/f946f1c7b1d67c8e0231e17bcae52525\",\"name\":\"pedro\",\"image\":{\"@type\":\"ImageObject\",\"inLanguage\":\"es\",\"@id\":\"https:\/\/www.itc-packaging.com\/blog\/#\/schema\/person\/image\/\",\"url\":\"https:\/\/secure.gravatar.com\/avatar\/c8d8bb2f3db0c346fa38a8963d9ef085?s=96&d=mm&r=g\",\"contentUrl\":\"https:\/\/secure.gravatar.com\/avatar\/c8d8bb2f3db0c346fa38a8963d9ef085?s=96&d=mm&r=g\",\"caption\":\"pedro\"},\"url\":\"https:\/\/www.itc-packaging.com\/blog\/author\/pedro\/\"}]}<\/script>\r\n<!-- \/ Yoast SEO plugin. -->","yoast_head_json":{"title":"ITC Packaging llega a Corea con un envase \"Premium\" para Maeil - ITC Noticias","robots":{"index":"index","follow":"follow","max-snippet":"max-snippet:-1","max-image-preview":"max-image-preview:large","max-video-preview":"max-video-preview:-1"},"canonical":"https:\/\/www.itc-packaging.com\/blog\/itc-packaging-corea-envase-premium-maeil\/","og_locale":"es_ES","og_type":"article","og_title":"ITC Packaging llega a Corea con un envase \"Premium\" para Maeil - ITC Noticias","og_description":"Se trata de un envase con alto valor a\u00f1adido cuidando cada\u00a0detalle\u00a0para ofrecer al usuario una experiencia excepcional. Una tapa con cuchara integrada para nutrici\u00f3n infantil, donde la higiene es la premisa m\u00e1s importante y donde el dise\u00f1o se ha concebido\u00a0a medida con formas m\u00e1s suaves y un color caracter\u00edstico para Maeil.","og_url":"https:\/\/www.itc-packaging.com\/blog\/itc-packaging-corea-envase-premium-maeil\/","og_site_name":"ITC Noticias","article_publisher":"http:\/\/www.facebook.com\/ITCpackaging","article_published_time":"2017-04-27T10:18:00+00:00","article_modified_time":"2021-09-27T11:04:44+00:00","og_image":[{"width":1758,"height":657,"url":"https:\/\/www.itc-packaging.com\/blog\/wp-content\/uploads\/2017\/04\/pack-maeil-sc.jpg","type":"image\/jpeg"}],"author":"pedro","twitter_card":"summary_large_image","twitter_misc":{"Escrito por":"pedro","Tiempo de lectura":"2 minutos"},"schema":{"@context":"https:\/\/schema.org","@graph":[{"@type":"Article","@id":"https:\/\/www.itc-packaging.com\/blog\/itc-packaging-corea-envase-premium-maeil\/#article","isPartOf":{"@id":"https:\/\/www.itc-packaging.com\/blog\/itc-packaging-corea-envase-premium-maeil\/"},"author":{"name":"pedro","@id":"https:\/\/www.itc-packaging.com\/blog\/#\/schema\/person\/f946f1c7b1d67c8e0231e17bcae52525"},"headline":"ITC Packaging llega a Corea con un envase \u00abPremium\u00bb para Maeil","datePublished":"2017-04-27T10:18:00+00:00","dateModified":"2021-09-27T11:04:44+00:00","mainEntityOfPage":{"@id":"https:\/\/www.itc-packaging.com\/blog\/itc-packaging-corea-envase-premium-maeil\/"},"wordCount":460,"publisher":{"@id":"https:\/\/www.itc-packaging.com\/blog\/#organization"},"articleSection":["Noticias corporativas","Soluciones","Spooncaps"],"inLanguage":"es"},{"@type":"WebPage","@id":"https:\/\/www.itc-packaging.com\/blog\/itc-packaging-corea-envase-premium-maeil\/","url":"https:\/\/www.itc-packaging.com\/blog\/itc-packaging-corea-envase-premium-maeil\/","name":"ITC Packaging llega a Corea con un envase \"Premium\" para Maeil - ITC Noticias","isPartOf":{"@id":"https:\/\/www.itc-packaging.com\/blog\/#website"},"datePublished":"2017-04-27T10:18:00+00:00","dateModified":"2021-09-27T11:04:44+00:00","breadcrumb":{"@id":"https:\/\/www.itc-packaging.com\/blog\/itc-packaging-corea-envase-premium-maeil\/#breadcrumb"},"inLanguage":"es","potentialAction":[{"@type":"ReadAction","target":["https:\/\/www.itc-packaging.com\/blog\/itc-packaging-corea-envase-premium-maeil\/"]}]},{"@type":"BreadcrumbList","@id":"https:\/\/www.itc-packaging.com\/blog\/itc-packaging-corea-envase-premium-maeil\/#breadcrumb","itemListElement":[{"@type":"ListItem","position":1,"name":"Portada","item":"https:\/\/www.itc-packaging.com\/blog\/"},{"@type":"ListItem","position":2,"name":"ITC Packaging llega a Corea con un envase \u00abPremium\u00bb para Maeil"}]},{"@type":"WebSite","@id":"https:\/\/www.itc-packaging.com\/blog\/#website","url":"https:\/\/www.itc-packaging.com\/blog\/","name":"ITC Noticias","description":"Fabricantes de envases para la industria alimentaria y cosm\u00e9tica","publisher":{"@id":"https:\/\/www.itc-packaging.com\/blog\/#organization"},"potentialAction":[{"@type":"SearchAction","target":{"@type":"EntryPoint","urlTemplate":"https:\/\/www.itc-packaging.com\/blog\/?s={search_term_string}"},"query-input":"required name=search_term_string"}],"inLanguage":"es"},{"@type":"Organization","@id":"https:\/\/www.itc-packaging.com\/blog\/#organization","name":"ITC Packaging","url":"https:\/\/www.itc-packaging.com\/blog\/","logo":{"@type":"ImageObject","inLanguage":"es","@id":"https:\/\/www.itc-packaging.com\/blog\/#\/schema\/logo\/image\/","url":"https:\/\/www.itc-packaging.com\/blog\/wp-content\/uploads\/2021\/12\/logotipo-color.png","contentUrl":"https:\/\/www.itc-packaging.com\/blog\/wp-content\/uploads\/2021\/12\/logotipo-color.png","width":250,"height":102,"caption":"ITC Packaging"},"image":{"@id":"https:\/\/www.itc-packaging.com\/blog\/#\/schema\/logo\/image\/"},"sameAs":["http:\/\/www.facebook.com\/ITCpackaging","https:\/\/www.instagram.com\/itcpackaging\/","http:\/\/www.linkedin.com\/company\/2999203","http:\/\/www.youtube.com\/channel\/UCPsvreju-YrdJYJLBnTljMQ"]},{"@type":"Person","@id":"https:\/\/www.itc-packaging.com\/blog\/#\/schema\/person\/f946f1c7b1d67c8e0231e17bcae52525","name":"pedro","image":{"@type":"ImageObject","inLanguage":"es","@id":"https:\/\/www.itc-packaging.com\/blog\/#\/schema\/person\/image\/","url":"https:\/\/secure.gravatar.com\/avatar\/c8d8bb2f3db0c346fa38a8963d9ef085?s=96&d=mm&r=g","contentUrl":"https:\/\/secure.gravatar.com\/avatar\/c8d8bb2f3db0c346fa38a8963d9ef085?s=96&d=mm&r=g","caption":"pedro"},"url":"https:\/\/www.itc-packaging.com\/blog\/author\/pedro\/"}]}},"_links":{"self":[{"href":"https:\/\/www.itc-packaging.com\/blog\/wp-json\/wp\/v2\/posts\/205"}],"collection":[{"href":"https:\/\/www.itc-packaging.com\/blog\/wp-json\/wp\/v2\/posts"}],"about":[{"href":"https:\/\/www.itc-packaging.com\/blog\/wp-json\/wp\/v2\/types\/post"}],"author":[{"embeddable":true,"href":"https:\/\/www.itc-packaging.com\/blog\/wp-json\/wp\/v2\/users\/2"}],"replies":[{"embeddable":true,"href":"https:\/\/www.itc-packaging.com\/blog\/wp-json\/wp\/v2\/comments?post=205"}],"version-history":[{"count":3,"href":"https:\/\/www.itc-packaging.com\/blog\/wp-json\/wp\/v2\/posts\/205\/revisions"}],"predecessor-version":[{"id":229,"href":"https:\/\/www.itc-packaging.com\/blog\/wp-json\/wp\/v2\/posts\/205\/revisions\/229"}],"wp:featuredmedia":[{"embeddable":true,"href":"https:\/\/www.itc-packaging.com\/blog\/wp-json\/wp\/v2\/media\/228"}],"wp:attachment":[{"href":"https:\/\/www.itc-packaging.com\/blog\/wp-json\/wp\/v2\/media?parent=205"}],"wp:term":[{"taxonomy":"category","embeddable":true,"href":"https:\/\/www.itc-packaging.com\/blog\/wp-json\/wp\/v2\/categories?post=205"},{"taxonomy":"post_tag","embeddable":true,"href":"https:\/\/www.itc-packaging.com\/blog\/wp-json\/wp\/v2\/tags?post=205"}],"curies":[{"name":"wp","href":"https:\/\/api.w.org\/{rel}","templated":true}]}}