{"id":298,"date":"2022-02-15T10:08:37","date_gmt":"2022-02-15T10:08:37","guid":{"rendered":"https:\/\/www.itc-packaging.com\/blog\/?p=298"},"modified":"2022-02-15T10:09:23","modified_gmt":"2022-02-15T10:09:23","slug":"itc-packaging-politica-sostenibilidad-nuevo-plan-accion","status":"publish","type":"post","link":"https:\/\/www.itc-packaging.com\/blog\/itc-packaging-politica-sostenibilidad-nuevo-plan-accion\/","title":{"rendered":"ITC Packaging refuerza su pol\u00edtica de sostenibilidad mediante un nuevo plan de acci\u00f3n"},"content":{"rendered":"\n<p><em>ITC pasa a una nueva etapa de su plan estrat\u00e9gico en la que apuesta por un crecimiento basado en el posicionamiento como empresa sostenible, desarrollando nuevas v\u00edas de trabajo que aprovechen las oportunidades generadas por la creciente demanda de envases circulares.<\/em><\/p>\n\n\n\n<p>Durante los \u00faltimos a\u00f1os ITC Packaging ha centrado sus esfuerzos en la implantaci\u00f3n de una s\u00f3lida pol\u00edtica de sostenibilidad encaminada a optimizar sus envases y a mejorar la imagen percibida del packaging de pl\u00e1stico.<\/p>\n\n\n\n<p>En el marco de esta pol\u00edtica, un paso importante para la compa\u00f1\u00eda ha sido la obtenci\u00f3n de dos certificaciones: la ISO:14001 en materia medioambiental y el sello ISCC Plus, certificaci\u00f3n que permite incorporar al proceso productivo materia prima procedente del reciclado qu\u00edmico, y por tanto apta para contacto alimentario.<\/p>\n\n\n\n<p>La incorporaci\u00f3n de nuevos materiales es otro de los pilares sobre los que se sostiene la pol\u00edtica de sostenibilidad de la compa\u00f1\u00eda. Esta visi\u00f3n ha permitido a ITC disponer de un amplio portfolio de soluciones sostenibles, entre las que se encuentran los pol\u00edmeros reciclados (mec\u00e1nico y qu\u00edmico), los biopl\u00e1sticos y los materiales compostables.<\/p>\n\n\n\n<p>Este portfolio de soluciones sostenibles se ha plasmado en diferentes proyectos que han visto la luz recientemente. En lo referente a materiales reciclados ITC ha lanzado sus primeros proyectos que incorporan rPET y rPP en productos dirigidos al mercado de la cosm\u00e9tica y de la limpieza del hogar. Gracias al sello ISCC Plus, en 2021 lleg\u00f3 a los lineales el primer proyecto de ITC con rPP reciclado y apto para uso alimentario, destinado al mercado del helado. En lo relativo a materiales biodegradables, ITC se ha convertido en una de las empresas pioneras del mercado en la fabricaci\u00f3n de c\u00e1psulas compostables para caf\u00e9.<\/p>\n\n\n\n<p>En los pr\u00f3ximos a\u00f1os este plan ver\u00e1 prolongada su continuidad gracias a la labor de ITC Crea, el centro de innovaci\u00f3n y sostenibilidad de la compa\u00f1\u00eda, actualmente involucrado en varios proyectos con base sostenible, como Holy Grail o Guacapack entre otros, iniciativas que persiguen mejorar los sistemas de reciclaje o reutilizar los residuos alimentarios para el desarrollo de biopl\u00e1sticos, respectivamente.<\/p>\n\n\n\n<p>La labor de ITC Crea se ha complementado con una serie de acciones encaminadas a mejorar la imagen percibida de los envases pl\u00e1sticos. En este sentido, ITC ha promovido una serie de presentaciones y encuentros con clientes en los que se les informa del nuevo marco legislativo y de las nuevas soluciones circulares para el envasado y protecci\u00f3n de sus productos.<\/p>\n\n\n\n<p>En lo referente a la eficiencia energ\u00e9tica, la compa\u00f1\u00eda ha realizado inversiones de cara a optimizar la eficiencia energ\u00e9tica del parque de maquinaria, mediante la progresiva incorporaci\u00f3n de maquinar\u00eda \u2018full electric\u2019 asi como la inminente inversi\u00f3n en una instalaci\u00f3n fotovoltaica para la generaci\u00f3n de energ\u00eda verde y renovable.&nbsp;<\/p>\n","protected":false},"excerpt":{"rendered":"<p>ITC pasa a una nueva etapa de su plan estrat\u00e9gico en la que apuesta por un crecimiento basado en el posicionamiento como empresa sostenible, desarrollando nuevas v\u00edas de trabajo que aprovechen las oportunidades generadas por la creciente demanda de envases circulares. Durante los \u00faltimos a\u00f1os ITC Packaging ha centrado sus esfuerzos en la implantaci\u00f3n de [&hellip;]<\/p>\n","protected":false},"author":2,"featured_media":299,"comment_status":"closed","ping_status":"closed","sticky":false,"template":"","format":"standard","meta":[],"categories":[11,3,10],"tags":[],"yoast_head":"<!-- This site is optimized with the Yoast SEO plugin v21.6 - https:\/\/yoast.com\/wordpress\/plugins\/seo\/ -->\r\n<title>ITC Packaging refuerza su pol\u00edtica de sostenibilidad mediante un nuevo plan de acci\u00f3n - ITC Noticias<\/title>\r\n<meta name=\"robots\" content=\"index, follow, max-snippet:-1, max-image-preview:large, max-video-preview:-1\" \/>\r\n<link rel=\"canonical\" href=\"https:\/\/www.itc-packaging.com\/blog\/itc-packaging-politica-sostenibilidad-nuevo-plan-accion\/\" \/>\r\n<meta property=\"og:locale\" content=\"es_ES\" \/>\r\n<meta property=\"og:type\" content=\"article\" \/>\r\n<meta property=\"og:title\" content=\"ITC Packaging refuerza su pol\u00edtica de sostenibilidad mediante un nuevo plan de acci\u00f3n - ITC Noticias\" \/>\r\n<meta property=\"og:description\" content=\"ITC pasa a una nueva etapa de su plan estrat\u00e9gico en la que apuesta por un crecimiento basado en el posicionamiento como empresa sostenible, desarrollando nuevas v\u00edas de trabajo que aprovechen las oportunidades generadas por la creciente demanda de envases circulares. Durante los \u00faltimos a\u00f1os ITC Packaging ha centrado sus esfuerzos en la implantaci\u00f3n de [&hellip;]\" \/>\r\n<meta property=\"og:url\" content=\"https:\/\/www.itc-packaging.com\/blog\/itc-packaging-politica-sostenibilidad-nuevo-plan-accion\/\" \/>\r\n<meta property=\"og:site_name\" content=\"ITC Noticias\" \/>\r\n<meta property=\"article:publisher\" content=\"http:\/\/www.facebook.com\/ITCpackaging\" \/>\r\n<meta property=\"article:published_time\" content=\"2022-02-15T10:08:37+00:00\" \/>\r\n<meta property=\"article:modified_time\" content=\"2022-02-15T10:09:23+00:00\" \/>\r\n<meta property=\"og:image\" content=\"https:\/\/www.itc-packaging.com\/blog\/wp-content\/uploads\/2022\/02\/instalaciones-interior-ibi-iml.jpg\" \/>\r\n\t<meta property=\"og:image:width\" content=\"800\" \/>\r\n\t<meta property=\"og:image:height\" content=\"463\" \/>\r\n\t<meta property=\"og:image:type\" content=\"image\/jpeg\" \/>\r\n<meta name=\"author\" content=\"pedro\" \/>\r\n<meta name=\"twitter:card\" content=\"summary_large_image\" \/>\r\n<meta name=\"twitter:label1\" content=\"Escrito por\" \/>\n\t<meta name=\"twitter:data1\" content=\"pedro\" \/>\n\t<meta name=\"twitter:label2\" content=\"Tiempo de lectura\" \/>\n\t<meta name=\"twitter:data2\" content=\"3 minutos\" \/>\r\n<script type=\"application\/ld+json\" class=\"yoast-schema-graph\">{\"@context\":\"https:\/\/schema.org\",\"@graph\":[{\"@type\":\"Article\",\"@id\":\"https:\/\/www.itc-packaging.com\/blog\/itc-packaging-politica-sostenibilidad-nuevo-plan-accion\/#article\",\"isPartOf\":{\"@id\":\"https:\/\/www.itc-packaging.com\/blog\/itc-packaging-politica-sostenibilidad-nuevo-plan-accion\/\"},\"author\":{\"name\":\"pedro\",\"@id\":\"https:\/\/www.itc-packaging.com\/blog\/#\/schema\/person\/f946f1c7b1d67c8e0231e17bcae52525\"},\"headline\":\"ITC Packaging refuerza su pol\u00edtica de sostenibilidad mediante un nuevo plan de acci\u00f3n\",\"datePublished\":\"2022-02-15T10:08:37+00:00\",\"dateModified\":\"2022-02-15T10:09:23+00:00\",\"mainEntityOfPage\":{\"@id\":\"https:\/\/www.itc-packaging.com\/blog\/itc-packaging-politica-sostenibilidad-nuevo-plan-accion\/\"},\"wordCount\":503,\"publisher\":{\"@id\":\"https:\/\/www.itc-packaging.com\/blog\/#organization\"},\"articleSection\":[\"Innovaci\u00f3n\",\"Noticias corporativas\",\"Sostenibilidad\"],\"inLanguage\":\"es\"},{\"@type\":\"WebPage\",\"@id\":\"https:\/\/www.itc-packaging.com\/blog\/itc-packaging-politica-sostenibilidad-nuevo-plan-accion\/\",\"url\":\"https:\/\/www.itc-packaging.com\/blog\/itc-packaging-politica-sostenibilidad-nuevo-plan-accion\/\",\"name\":\"ITC Packaging refuerza su pol\u00edtica de sostenibilidad mediante un nuevo plan de acci\u00f3n - ITC Noticias\",\"isPartOf\":{\"@id\":\"https:\/\/www.itc-packaging.com\/blog\/#website\"},\"datePublished\":\"2022-02-15T10:08:37+00:00\",\"dateModified\":\"2022-02-15T10:09:23+00:00\",\"breadcrumb\":{\"@id\":\"https:\/\/www.itc-packaging.com\/blog\/itc-packaging-politica-sostenibilidad-nuevo-plan-accion\/#breadcrumb\"},\"inLanguage\":\"es\",\"potentialAction\":[{\"@type\":\"ReadAction\",\"target\":[\"https:\/\/www.itc-packaging.com\/blog\/itc-packaging-politica-sostenibilidad-nuevo-plan-accion\/\"]}]},{\"@type\":\"BreadcrumbList\",\"@id\":\"https:\/\/www.itc-packaging.com\/blog\/itc-packaging-politica-sostenibilidad-nuevo-plan-accion\/#breadcrumb\",\"itemListElement\":[{\"@type\":\"ListItem\",\"position\":1,\"name\":\"Portada\",\"item\":\"https:\/\/www.itc-packaging.com\/blog\/\"},{\"@type\":\"ListItem\",\"position\":2,\"name\":\"ITC Packaging refuerza su pol\u00edtica de sostenibilidad mediante un nuevo plan de acci\u00f3n\"}]},{\"@type\":\"WebSite\",\"@id\":\"https:\/\/www.itc-packaging.com\/blog\/#website\",\"url\":\"https:\/\/www.itc-packaging.com\/blog\/\",\"name\":\"ITC Noticias\",\"description\":\"Fabricantes de envases para la industria alimentaria y cosm\u00e9tica\",\"publisher\":{\"@id\":\"https:\/\/www.itc-packaging.com\/blog\/#organization\"},\"potentialAction\":[{\"@type\":\"SearchAction\",\"target\":{\"@type\":\"EntryPoint\",\"urlTemplate\":\"https:\/\/www.itc-packaging.com\/blog\/?s={search_term_string}\"},\"query-input\":\"required name=search_term_string\"}],\"inLanguage\":\"es\"},{\"@type\":\"Organization\",\"@id\":\"https:\/\/www.itc-packaging.com\/blog\/#organization\",\"name\":\"ITC Packaging\",\"url\":\"https:\/\/www.itc-packaging.com\/blog\/\",\"logo\":{\"@type\":\"ImageObject\",\"inLanguage\":\"es\",\"@id\":\"https:\/\/www.itc-packaging.com\/blog\/#\/schema\/logo\/image\/\",\"url\":\"https:\/\/www.itc-packaging.com\/blog\/wp-content\/uploads\/2021\/12\/logotipo-color.png\",\"contentUrl\":\"https:\/\/www.itc-packaging.com\/blog\/wp-content\/uploads\/2021\/12\/logotipo-color.png\",\"width\":250,\"height\":102,\"caption\":\"ITC Packaging\"},\"image\":{\"@id\":\"https:\/\/www.itc-packaging.com\/blog\/#\/schema\/logo\/image\/\"},\"sameAs\":[\"http:\/\/www.facebook.com\/ITCpackaging\",\"https:\/\/www.instagram.com\/itcpackaging\/\",\"http:\/\/www.linkedin.com\/company\/2999203\",\"http:\/\/www.youtube.com\/channel\/UCPsvreju-YrdJYJLBnTljMQ\"]},{\"@type\":\"Person\",\"@id\":\"https:\/\/www.itc-packaging.com\/blog\/#\/schema\/person\/f946f1c7b1d67c8e0231e17bcae52525\",\"name\":\"pedro\",\"image\":{\"@type\":\"ImageObject\",\"inLanguage\":\"es\",\"@id\":\"https:\/\/www.itc-packaging.com\/blog\/#\/schema\/person\/image\/\",\"url\":\"https:\/\/secure.gravatar.com\/avatar\/c8d8bb2f3db0c346fa38a8963d9ef085?s=96&d=mm&r=g\",\"contentUrl\":\"https:\/\/secure.gravatar.com\/avatar\/c8d8bb2f3db0c346fa38a8963d9ef085?s=96&d=mm&r=g\",\"caption\":\"pedro\"},\"url\":\"https:\/\/www.itc-packaging.com\/blog\/author\/pedro\/\"}]}<\/script>\r\n<!-- \/ Yoast SEO plugin. -->","yoast_head_json":{"title":"ITC Packaging refuerza su pol\u00edtica de sostenibilidad mediante un nuevo plan de acci\u00f3n - ITC Noticias","robots":{"index":"index","follow":"follow","max-snippet":"max-snippet:-1","max-image-preview":"max-image-preview:large","max-video-preview":"max-video-preview:-1"},"canonical":"https:\/\/www.itc-packaging.com\/blog\/itc-packaging-politica-sostenibilidad-nuevo-plan-accion\/","og_locale":"es_ES","og_type":"article","og_title":"ITC Packaging refuerza su pol\u00edtica de sostenibilidad mediante un nuevo plan de acci\u00f3n - ITC Noticias","og_description":"ITC pasa a una nueva etapa de su plan estrat\u00e9gico en la que apuesta por un crecimiento basado en el posicionamiento como empresa sostenible, desarrollando nuevas v\u00edas de trabajo que aprovechen las oportunidades generadas por la creciente demanda de envases circulares. Durante los \u00faltimos a\u00f1os ITC Packaging ha centrado sus esfuerzos en la implantaci\u00f3n de [&hellip;]","og_url":"https:\/\/www.itc-packaging.com\/blog\/itc-packaging-politica-sostenibilidad-nuevo-plan-accion\/","og_site_name":"ITC Noticias","article_publisher":"http:\/\/www.facebook.com\/ITCpackaging","article_published_time":"2022-02-15T10:08:37+00:00","article_modified_time":"2022-02-15T10:09:23+00:00","og_image":[{"width":800,"height":463,"url":"https:\/\/www.itc-packaging.com\/blog\/wp-content\/uploads\/2022\/02\/instalaciones-interior-ibi-iml.jpg","type":"image\/jpeg"}],"author":"pedro","twitter_card":"summary_large_image","twitter_misc":{"Escrito por":"pedro","Tiempo de lectura":"3 minutos"},"schema":{"@context":"https:\/\/schema.org","@graph":[{"@type":"Article","@id":"https:\/\/www.itc-packaging.com\/blog\/itc-packaging-politica-sostenibilidad-nuevo-plan-accion\/#article","isPartOf":{"@id":"https:\/\/www.itc-packaging.com\/blog\/itc-packaging-politica-sostenibilidad-nuevo-plan-accion\/"},"author":{"name":"pedro","@id":"https:\/\/www.itc-packaging.com\/blog\/#\/schema\/person\/f946f1c7b1d67c8e0231e17bcae52525"},"headline":"ITC Packaging refuerza su pol\u00edtica de sostenibilidad mediante un nuevo plan de acci\u00f3n","datePublished":"2022-02-15T10:08:37+00:00","dateModified":"2022-02-15T10:09:23+00:00","mainEntityOfPage":{"@id":"https:\/\/www.itc-packaging.com\/blog\/itc-packaging-politica-sostenibilidad-nuevo-plan-accion\/"},"wordCount":503,"publisher":{"@id":"https:\/\/www.itc-packaging.com\/blog\/#organization"},"articleSection":["Innovaci\u00f3n","Noticias corporativas","Sostenibilidad"],"inLanguage":"es"},{"@type":"WebPage","@id":"https:\/\/www.itc-packaging.com\/blog\/itc-packaging-politica-sostenibilidad-nuevo-plan-accion\/","url":"https:\/\/www.itc-packaging.com\/blog\/itc-packaging-politica-sostenibilidad-nuevo-plan-accion\/","name":"ITC Packaging refuerza su pol\u00edtica de sostenibilidad mediante un nuevo plan de acci\u00f3n - ITC Noticias","isPartOf":{"@id":"https:\/\/www.itc-packaging.com\/blog\/#website"},"datePublished":"2022-02-15T10:08:37+00:00","dateModified":"2022-02-15T10:09:23+00:00","breadcrumb":{"@id":"https:\/\/www.itc-packaging.com\/blog\/itc-packaging-politica-sostenibilidad-nuevo-plan-accion\/#breadcrumb"},"inLanguage":"es","potentialAction":[{"@type":"ReadAction","target":["https:\/\/www.itc-packaging.com\/blog\/itc-packaging-politica-sostenibilidad-nuevo-plan-accion\/"]}]},{"@type":"BreadcrumbList","@id":"https:\/\/www.itc-packaging.com\/blog\/itc-packaging-politica-sostenibilidad-nuevo-plan-accion\/#breadcrumb","itemListElement":[{"@type":"ListItem","position":1,"name":"Portada","item":"https:\/\/www.itc-packaging.com\/blog\/"},{"@type":"ListItem","position":2,"name":"ITC Packaging refuerza su pol\u00edtica de sostenibilidad mediante un nuevo plan de acci\u00f3n"}]},{"@type":"WebSite","@id":"https:\/\/www.itc-packaging.com\/blog\/#website","url":"https:\/\/www.itc-packaging.com\/blog\/","name":"ITC Noticias","description":"Fabricantes de envases para la industria alimentaria y cosm\u00e9tica","publisher":{"@id":"https:\/\/www.itc-packaging.com\/blog\/#organization"},"potentialAction":[{"@type":"SearchAction","target":{"@type":"EntryPoint","urlTemplate":"https:\/\/www.itc-packaging.com\/blog\/?s={search_term_string}"},"query-input":"required name=search_term_string"}],"inLanguage":"es"},{"@type":"Organization","@id":"https:\/\/www.itc-packaging.com\/blog\/#organization","name":"ITC Packaging","url":"https:\/\/www.itc-packaging.com\/blog\/","logo":{"@type":"ImageObject","inLanguage":"es","@id":"https:\/\/www.itc-packaging.com\/blog\/#\/schema\/logo\/image\/","url":"https:\/\/www.itc-packaging.com\/blog\/wp-content\/uploads\/2021\/12\/logotipo-color.png","contentUrl":"https:\/\/www.itc-packaging.com\/blog\/wp-content\/uploads\/2021\/12\/logotipo-color.png","width":250,"height":102,"caption":"ITC Packaging"},"image":{"@id":"https:\/\/www.itc-packaging.com\/blog\/#\/schema\/logo\/image\/"},"sameAs":["http:\/\/www.facebook.com\/ITCpackaging","https:\/\/www.instagram.com\/itcpackaging\/","http:\/\/www.linkedin.com\/company\/2999203","http:\/\/www.youtube.com\/channel\/UCPsvreju-YrdJYJLBnTljMQ"]},{"@type":"Person","@id":"https:\/\/www.itc-packaging.com\/blog\/#\/schema\/person\/f946f1c7b1d67c8e0231e17bcae52525","name":"pedro","image":{"@type":"ImageObject","inLanguage":"es","@id":"https:\/\/www.itc-packaging.com\/blog\/#\/schema\/person\/image\/","url":"https:\/\/secure.gravatar.com\/avatar\/c8d8bb2f3db0c346fa38a8963d9ef085?s=96&d=mm&r=g","contentUrl":"https:\/\/secure.gravatar.com\/avatar\/c8d8bb2f3db0c346fa38a8963d9ef085?s=96&d=mm&r=g","caption":"pedro"},"url":"https:\/\/www.itc-packaging.com\/blog\/author\/pedro\/"}]}},"_links":{"self":[{"href":"https:\/\/www.itc-packaging.com\/blog\/wp-json\/wp\/v2\/posts\/298"}],"collection":[{"href":"https:\/\/www.itc-packaging.com\/blog\/wp-json\/wp\/v2\/posts"}],"about":[{"href":"https:\/\/www.itc-packaging.com\/blog\/wp-json\/wp\/v2\/types\/post"}],"author":[{"embeddable":true,"href":"https:\/\/www.itc-packaging.com\/blog\/wp-json\/wp\/v2\/users\/2"}],"replies":[{"embeddable":true,"href":"https:\/\/www.itc-packaging.com\/blog\/wp-json\/wp\/v2\/comments?post=298"}],"version-history":[{"count":1,"href":"https:\/\/www.itc-packaging.com\/blog\/wp-json\/wp\/v2\/posts\/298\/revisions"}],"predecessor-version":[{"id":300,"href":"https:\/\/www.itc-packaging.com\/blog\/wp-json\/wp\/v2\/posts\/298\/revisions\/300"}],"wp:featuredmedia":[{"embeddable":true,"href":"https:\/\/www.itc-packaging.com\/blog\/wp-json\/wp\/v2\/media\/299"}],"wp:attachment":[{"href":"https:\/\/www.itc-packaging.com\/blog\/wp-json\/wp\/v2\/media?parent=298"}],"wp:term":[{"taxonomy":"category","embeddable":true,"href":"https:\/\/www.itc-packaging.com\/blog\/wp-json\/wp\/v2\/categories?post=298"},{"taxonomy":"post_tag","embeddable":true,"href":"https:\/\/www.itc-packaging.com\/blog\/wp-json\/wp\/v2\/tags?post=298"}],"curies":[{"name":"wp","href":"https:\/\/api.w.org\/{rel}","templated":true}]}}