{"id":315,"date":"2022-03-31T16:43:04","date_gmt":"2022-03-31T16:43:04","guid":{"rendered":"https:\/\/www.itc-packaging.com\/blog\/?p=315"},"modified":"2022-03-31T16:45:06","modified_gmt":"2022-03-31T16:45:06","slug":"envase-plastico-ricotta","status":"publish","type":"post","link":"https:\/\/www.itc-packaging.com\/blog\/envase-plastico-ricotta\/","title":{"rendered":"Flexipack 245. Nuevo envase para Ricotta."},"content":{"rendered":"\n<h2 class=\"has-medium-font-size wp-block-heading\">Un envase de inyecci\u00f3n de pl\u00e1stico con decoraci\u00f3n IML caracterizado por su particular geometr\u00eda en forma de rejilla y por su decoraci\u00f3n con etiquetado sleeve.<\/h2>\n\n\n\n<p>La Ricotta es un queso fresco de origen italiano cuyos primeras referencias se remontan a la isla de Sicilia en la \u00e9poca del Imperio Romano. Desde entonces su delicadeza y frescura le han convertido en uno de los ingredientes principales de buena parte de los platos tradicionales de la cocina italiana gracias a su sabor, polivalencia y valor nutritivo.<\/p>\n\n\n\n<p>Este <a href=\"https:\/\/www.itc-packaging.com\/es\/envases-estandar\/lacteos\/\">queso<\/a> no requiere procesos habituales en otras variedades como el prensado, el salado o la maduraci\u00f3n y se caracteriza por su ligereza y por su textura granulada muy similar a la del reques\u00f3n. Precisamente, Central Quesera Montesinos ha volcado todo su conocimiento en la elaboraci\u00f3n de reques\u00f3n natural para convertirse en la compa\u00f1\u00eda espa\u00f1ola pionera en la elaboraci\u00f3n de Ricotta. Y gracias a esta apuesta cada vez es m\u00e1s habitual encontrar entre los ingredientes de nuestras recetas de pasta y reposter\u00eda este tipo de queso fresco.<\/p>\n\n\n\n<div class=\"wp-block-columns is-layout-flex wp-container-3\">\n<div class=\"wp-block-column is-layout-flow\">\n<figure class=\"wp-block-image size-large\"><img decoding=\"async\" loading=\"lazy\" width=\"400\" height=\"330\" src=\"https:\/\/www.itc-packaging.com\/blog\/wp-content\/uploads\/2022\/03\/flexipack-245-montesinos-ricotta-hacendado-1.png\" alt=\"\" class=\"wp-image-320\"\/><\/figure>\n<\/div>\n\n\n\n<div class=\"wp-block-column is-layout-flow\">\n<p>\u00b7 <strong>Referencia:<\/strong> <a href=\"https:\/\/www.itc-packaging.com\/es\/envases-estandar\/lacteos\/?p_id=213\">Flexipack 245<\/a> <\/p>\n\n\n\n<p>\u00b7 <strong>Capacidad:<\/strong> 245 ml.<\/p>\n\n\n\n<p>\u00b7 <strong>Tipo de cierre:<\/strong> Termosellable<\/p>\n\n\n\n<p>\u00b7 <strong>Material:<\/strong> PP (polipropileno)<\/p>\n\n\n\n<p>\u00b7 <strong>Decoraci\u00f3n<\/strong>: IML (Tapa) Sleeve (Envase)<\/p>\n<\/div>\n<\/div>\n\n\n\n<p>El tradicional packaging para ricotta es un concepto muy particular debido a que replica el tradicional molde con forma de rejilla que se emplea para dar forma a la ricotta. Esta geometr\u00eda facilita el desmoldado del queso y le confiere su forma de cesta de mimbre dej\u00e1ndola lista para consumir. Adem\u00e1s, este tipo de queso fresco y sin curaci\u00f3n requiere de un envase que preserve perfectamente las propiedades organol\u00e9pticas de un producto tan delicado, por este motivo la boca del envase ha sido dise\u00f1ada para adaptarse perfectamente al proceso de termosellado necesario para la correcta conservaci\u00f3n del queso.<\/p>\n\n\n\n<p>En t\u00e9rminos de decoraci\u00f3n el packaging combina las dos decoraciones que ofrece ITC: <a href=\"https:\/\/www.itc-packaging.com\/es\/soluciones\/iml-in-mould-labeling\/\">el IML<\/a> y el Sleeve. El acabado en forma de cestillo del envase es ideal para combinar con la decoraci\u00f3n sleeve, una opci\u00f3n altamente recomendable en el caso de geometr\u00edas complejas que requieren una adaptaci\u00f3n perfecta entre envase y decoraci\u00f3n. La tapa, por su parte, incorpora una etiqueta IML. Ambas decoraciones ofrecen una calidad de impresi\u00f3n offset y permiten decorar el envase 360\u00ba ofreciendo un alto atractivo en el lineal.<\/p>\n\n\n\n<p>Un gran trabajo conjunto que ha tenido como resultado un envase que se adapta perfectamente al producto que va a contener y aumenta el atractivo en el lineal.<\/p>\n","protected":false},"excerpt":{"rendered":"<p>Un envase de inyecci\u00f3n de pl\u00e1stico para ricotta,caracterizado por su particular geometr\u00eda en forma de rejilla.<\/p>\n","protected":false},"author":2,"featured_media":324,"comment_status":"closed","ping_status":"closed","sticky":false,"template":"","format":"standard","meta":[],"categories":[4],"tags":[31,32,33],"yoast_head":"<!-- This site is optimized with the Yoast SEO plugin v21.6 - https:\/\/yoast.com\/wordpress\/plugins\/seo\/ -->\r\n<title>Flexipack 245. Nuevo envase para Ricotta. - ITC Noticias<\/title>\r\n<meta name=\"description\" content=\"Un envase de inyecci\u00f3n de pl\u00e1stico con decoraci\u00f3n IML caracterizado por su particular geometr\u00eda en forma de rejilla y por su decoraci\u00f3n con etiquetado sleeve. %\" \/>\r\n<meta name=\"robots\" content=\"index, follow, max-snippet:-1, max-image-preview:large, max-video-preview:-1\" \/>\r\n<link rel=\"canonical\" href=\"https:\/\/www.itc-packaging.com\/blog\/envase-plastico-ricotta\/\" \/>\r\n<meta property=\"og:locale\" content=\"es_ES\" \/>\r\n<meta property=\"og:type\" content=\"article\" \/>\r\n<meta property=\"og:title\" content=\"Flexipack 245. Nuevo envase para Ricotta. - ITC Noticias\" \/>\r\n<meta property=\"og:description\" content=\"Un envase de inyecci\u00f3n de pl\u00e1stico con decoraci\u00f3n IML caracterizado por su particular geometr\u00eda en forma de rejilla y por su decoraci\u00f3n con etiquetado sleeve. %\" \/>\r\n<meta property=\"og:url\" content=\"https:\/\/www.itc-packaging.com\/blog\/envase-plastico-ricotta\/\" \/>\r\n<meta property=\"og:site_name\" content=\"ITC Noticias\" \/>\r\n<meta property=\"article:publisher\" content=\"http:\/\/www.facebook.com\/ITCpackaging\" \/>\r\n<meta property=\"article:published_time\" content=\"2022-03-31T16:43:04+00:00\" \/>\r\n<meta property=\"article:modified_time\" content=\"2022-03-31T16:45:06+00:00\" \/>\r\n<meta property=\"og:image\" content=\"https:\/\/www.itc-packaging.com\/blog\/wp-content\/uploads\/2022\/03\/flexipack-245-montesinos-ricotta-hacendado-amb-2.jpg\" \/>\r\n\t<meta property=\"og:image:width\" content=\"1039\" \/>\r\n\t<meta property=\"og:image:height\" content=\"578\" \/>\r\n\t<meta property=\"og:image:type\" content=\"image\/jpeg\" \/>\r\n<meta name=\"author\" content=\"pedro\" \/>\r\n<meta name=\"twitter:card\" content=\"summary_large_image\" \/>\r\n<meta name=\"twitter:label1\" content=\"Escrito por\" \/>\n\t<meta name=\"twitter:data1\" content=\"pedro\" \/>\n\t<meta name=\"twitter:label2\" content=\"Tiempo de lectura\" \/>\n\t<meta name=\"twitter:data2\" content=\"3 minutos\" \/>\r\n<script type=\"application\/ld+json\" class=\"yoast-schema-graph\">{\"@context\":\"https:\/\/schema.org\",\"@graph\":[{\"@type\":\"Article\",\"@id\":\"https:\/\/www.itc-packaging.com\/blog\/envase-plastico-ricotta\/#article\",\"isPartOf\":{\"@id\":\"https:\/\/www.itc-packaging.com\/blog\/envase-plastico-ricotta\/\"},\"author\":{\"name\":\"pedro\",\"@id\":\"https:\/\/www.itc-packaging.com\/blog\/#\/schema\/person\/f946f1c7b1d67c8e0231e17bcae52525\"},\"headline\":\"Flexipack 245. Nuevo envase para Ricotta.\",\"datePublished\":\"2022-03-31T16:43:04+00:00\",\"dateModified\":\"2022-03-31T16:45:06+00:00\",\"mainEntityOfPage\":{\"@id\":\"https:\/\/www.itc-packaging.com\/blog\/envase-plastico-ricotta\/\"},\"wordCount\":430,\"publisher\":{\"@id\":\"https:\/\/www.itc-packaging.com\/blog\/#organization\"},\"keywords\":[\"envase\",\"plastico\",\"ricotta\"],\"articleSection\":[\"Envases Est\u00e1ndar\"],\"inLanguage\":\"es\"},{\"@type\":\"WebPage\",\"@id\":\"https:\/\/www.itc-packaging.com\/blog\/envase-plastico-ricotta\/\",\"url\":\"https:\/\/www.itc-packaging.com\/blog\/envase-plastico-ricotta\/\",\"name\":\"Flexipack 245. Nuevo envase para Ricotta. - ITC Noticias\",\"isPartOf\":{\"@id\":\"https:\/\/www.itc-packaging.com\/blog\/#website\"},\"datePublished\":\"2022-03-31T16:43:04+00:00\",\"dateModified\":\"2022-03-31T16:45:06+00:00\",\"description\":\"Un envase de inyecci\u00f3n de pl\u00e1stico con decoraci\u00f3n IML caracterizado por su particular geometr\u00eda en forma de rejilla y por su decoraci\u00f3n con etiquetado sleeve. %\",\"breadcrumb\":{\"@id\":\"https:\/\/www.itc-packaging.com\/blog\/envase-plastico-ricotta\/#breadcrumb\"},\"inLanguage\":\"es\",\"potentialAction\":[{\"@type\":\"ReadAction\",\"target\":[\"https:\/\/www.itc-packaging.com\/blog\/envase-plastico-ricotta\/\"]}]},{\"@type\":\"BreadcrumbList\",\"@id\":\"https:\/\/www.itc-packaging.com\/blog\/envase-plastico-ricotta\/#breadcrumb\",\"itemListElement\":[{\"@type\":\"ListItem\",\"position\":1,\"name\":\"Portada\",\"item\":\"https:\/\/www.itc-packaging.com\/blog\/\"},{\"@type\":\"ListItem\",\"position\":2,\"name\":\"Flexipack 245. Nuevo envase para Ricotta.\"}]},{\"@type\":\"WebSite\",\"@id\":\"https:\/\/www.itc-packaging.com\/blog\/#website\",\"url\":\"https:\/\/www.itc-packaging.com\/blog\/\",\"name\":\"ITC Noticias\",\"description\":\"Fabricantes de envases para la industria alimentaria y cosm\u00e9tica\",\"publisher\":{\"@id\":\"https:\/\/www.itc-packaging.com\/blog\/#organization\"},\"potentialAction\":[{\"@type\":\"SearchAction\",\"target\":{\"@type\":\"EntryPoint\",\"urlTemplate\":\"https:\/\/www.itc-packaging.com\/blog\/?s={search_term_string}\"},\"query-input\":\"required name=search_term_string\"}],\"inLanguage\":\"es\"},{\"@type\":\"Organization\",\"@id\":\"https:\/\/www.itc-packaging.com\/blog\/#organization\",\"name\":\"ITC Packaging\",\"url\":\"https:\/\/www.itc-packaging.com\/blog\/\",\"logo\":{\"@type\":\"ImageObject\",\"inLanguage\":\"es\",\"@id\":\"https:\/\/www.itc-packaging.com\/blog\/#\/schema\/logo\/image\/\",\"url\":\"https:\/\/www.itc-packaging.com\/blog\/wp-content\/uploads\/2021\/12\/logotipo-color.png\",\"contentUrl\":\"https:\/\/www.itc-packaging.com\/blog\/wp-content\/uploads\/2021\/12\/logotipo-color.png\",\"width\":250,\"height\":102,\"caption\":\"ITC Packaging\"},\"image\":{\"@id\":\"https:\/\/www.itc-packaging.com\/blog\/#\/schema\/logo\/image\/\"},\"sameAs\":[\"http:\/\/www.facebook.com\/ITCpackaging\",\"https:\/\/www.instagram.com\/itcpackaging\/\",\"http:\/\/www.linkedin.com\/company\/2999203\",\"http:\/\/www.youtube.com\/channel\/UCPsvreju-YrdJYJLBnTljMQ\"]},{\"@type\":\"Person\",\"@id\":\"https:\/\/www.itc-packaging.com\/blog\/#\/schema\/person\/f946f1c7b1d67c8e0231e17bcae52525\",\"name\":\"pedro\",\"image\":{\"@type\":\"ImageObject\",\"inLanguage\":\"es\",\"@id\":\"https:\/\/www.itc-packaging.com\/blog\/#\/schema\/person\/image\/\",\"url\":\"https:\/\/secure.gravatar.com\/avatar\/c8d8bb2f3db0c346fa38a8963d9ef085?s=96&d=mm&r=g\",\"contentUrl\":\"https:\/\/secure.gravatar.com\/avatar\/c8d8bb2f3db0c346fa38a8963d9ef085?s=96&d=mm&r=g\",\"caption\":\"pedro\"},\"url\":\"https:\/\/www.itc-packaging.com\/blog\/author\/pedro\/\"}]}<\/script>\r\n<!-- \/ Yoast SEO plugin. -->","yoast_head_json":{"title":"Flexipack 245. Nuevo envase para Ricotta. - ITC Noticias","description":"Un envase de inyecci\u00f3n de pl\u00e1stico con decoraci\u00f3n IML caracterizado por su particular geometr\u00eda en forma de rejilla y por su decoraci\u00f3n con etiquetado sleeve. %","robots":{"index":"index","follow":"follow","max-snippet":"max-snippet:-1","max-image-preview":"max-image-preview:large","max-video-preview":"max-video-preview:-1"},"canonical":"https:\/\/www.itc-packaging.com\/blog\/envase-plastico-ricotta\/","og_locale":"es_ES","og_type":"article","og_title":"Flexipack 245. Nuevo envase para Ricotta. - ITC Noticias","og_description":"Un envase de inyecci\u00f3n de pl\u00e1stico con decoraci\u00f3n IML caracterizado por su particular geometr\u00eda en forma de rejilla y por su decoraci\u00f3n con etiquetado sleeve. %","og_url":"https:\/\/www.itc-packaging.com\/blog\/envase-plastico-ricotta\/","og_site_name":"ITC Noticias","article_publisher":"http:\/\/www.facebook.com\/ITCpackaging","article_published_time":"2022-03-31T16:43:04+00:00","article_modified_time":"2022-03-31T16:45:06+00:00","og_image":[{"width":1039,"height":578,"url":"https:\/\/www.itc-packaging.com\/blog\/wp-content\/uploads\/2022\/03\/flexipack-245-montesinos-ricotta-hacendado-amb-2.jpg","type":"image\/jpeg"}],"author":"pedro","twitter_card":"summary_large_image","twitter_misc":{"Escrito por":"pedro","Tiempo de lectura":"3 minutos"},"schema":{"@context":"https:\/\/schema.org","@graph":[{"@type":"Article","@id":"https:\/\/www.itc-packaging.com\/blog\/envase-plastico-ricotta\/#article","isPartOf":{"@id":"https:\/\/www.itc-packaging.com\/blog\/envase-plastico-ricotta\/"},"author":{"name":"pedro","@id":"https:\/\/www.itc-packaging.com\/blog\/#\/schema\/person\/f946f1c7b1d67c8e0231e17bcae52525"},"headline":"Flexipack 245. Nuevo envase para Ricotta.","datePublished":"2022-03-31T16:43:04+00:00","dateModified":"2022-03-31T16:45:06+00:00","mainEntityOfPage":{"@id":"https:\/\/www.itc-packaging.com\/blog\/envase-plastico-ricotta\/"},"wordCount":430,"publisher":{"@id":"https:\/\/www.itc-packaging.com\/blog\/#organization"},"keywords":["envase","plastico","ricotta"],"articleSection":["Envases Est\u00e1ndar"],"inLanguage":"es"},{"@type":"WebPage","@id":"https:\/\/www.itc-packaging.com\/blog\/envase-plastico-ricotta\/","url":"https:\/\/www.itc-packaging.com\/blog\/envase-plastico-ricotta\/","name":"Flexipack 245. Nuevo envase para Ricotta. - ITC Noticias","isPartOf":{"@id":"https:\/\/www.itc-packaging.com\/blog\/#website"},"datePublished":"2022-03-31T16:43:04+00:00","dateModified":"2022-03-31T16:45:06+00:00","description":"Un envase de inyecci\u00f3n de pl\u00e1stico con decoraci\u00f3n IML caracterizado por su particular geometr\u00eda en forma de rejilla y por su decoraci\u00f3n con etiquetado sleeve. %","breadcrumb":{"@id":"https:\/\/www.itc-packaging.com\/blog\/envase-plastico-ricotta\/#breadcrumb"},"inLanguage":"es","potentialAction":[{"@type":"ReadAction","target":["https:\/\/www.itc-packaging.com\/blog\/envase-plastico-ricotta\/"]}]},{"@type":"BreadcrumbList","@id":"https:\/\/www.itc-packaging.com\/blog\/envase-plastico-ricotta\/#breadcrumb","itemListElement":[{"@type":"ListItem","position":1,"name":"Portada","item":"https:\/\/www.itc-packaging.com\/blog\/"},{"@type":"ListItem","position":2,"name":"Flexipack 245. Nuevo envase para Ricotta."}]},{"@type":"WebSite","@id":"https:\/\/www.itc-packaging.com\/blog\/#website","url":"https:\/\/www.itc-packaging.com\/blog\/","name":"ITC Noticias","description":"Fabricantes de envases para la industria alimentaria y cosm\u00e9tica","publisher":{"@id":"https:\/\/www.itc-packaging.com\/blog\/#organization"},"potentialAction":[{"@type":"SearchAction","target":{"@type":"EntryPoint","urlTemplate":"https:\/\/www.itc-packaging.com\/blog\/?s={search_term_string}"},"query-input":"required name=search_term_string"}],"inLanguage":"es"},{"@type":"Organization","@id":"https:\/\/www.itc-packaging.com\/blog\/#organization","name":"ITC Packaging","url":"https:\/\/www.itc-packaging.com\/blog\/","logo":{"@type":"ImageObject","inLanguage":"es","@id":"https:\/\/www.itc-packaging.com\/blog\/#\/schema\/logo\/image\/","url":"https:\/\/www.itc-packaging.com\/blog\/wp-content\/uploads\/2021\/12\/logotipo-color.png","contentUrl":"https:\/\/www.itc-packaging.com\/blog\/wp-content\/uploads\/2021\/12\/logotipo-color.png","width":250,"height":102,"caption":"ITC Packaging"},"image":{"@id":"https:\/\/www.itc-packaging.com\/blog\/#\/schema\/logo\/image\/"},"sameAs":["http:\/\/www.facebook.com\/ITCpackaging","https:\/\/www.instagram.com\/itcpackaging\/","http:\/\/www.linkedin.com\/company\/2999203","http:\/\/www.youtube.com\/channel\/UCPsvreju-YrdJYJLBnTljMQ"]},{"@type":"Person","@id":"https:\/\/www.itc-packaging.com\/blog\/#\/schema\/person\/f946f1c7b1d67c8e0231e17bcae52525","name":"pedro","image":{"@type":"ImageObject","inLanguage":"es","@id":"https:\/\/www.itc-packaging.com\/blog\/#\/schema\/person\/image\/","url":"https:\/\/secure.gravatar.com\/avatar\/c8d8bb2f3db0c346fa38a8963d9ef085?s=96&d=mm&r=g","contentUrl":"https:\/\/secure.gravatar.com\/avatar\/c8d8bb2f3db0c346fa38a8963d9ef085?s=96&d=mm&r=g","caption":"pedro"},"url":"https:\/\/www.itc-packaging.com\/blog\/author\/pedro\/"}]}},"_links":{"self":[{"href":"https:\/\/www.itc-packaging.com\/blog\/wp-json\/wp\/v2\/posts\/315"}],"collection":[{"href":"https:\/\/www.itc-packaging.com\/blog\/wp-json\/wp\/v2\/posts"}],"about":[{"href":"https:\/\/www.itc-packaging.com\/blog\/wp-json\/wp\/v2\/types\/post"}],"author":[{"embeddable":true,"href":"https:\/\/www.itc-packaging.com\/blog\/wp-json\/wp\/v2\/users\/2"}],"replies":[{"embeddable":true,"href":"https:\/\/www.itc-packaging.com\/blog\/wp-json\/wp\/v2\/comments?post=315"}],"version-history":[{"count":13,"href":"https:\/\/www.itc-packaging.com\/blog\/wp-json\/wp\/v2\/posts\/315\/revisions"}],"predecessor-version":[{"id":332,"href":"https:\/\/www.itc-packaging.com\/blog\/wp-json\/wp\/v2\/posts\/315\/revisions\/332"}],"wp:featuredmedia":[{"embeddable":true,"href":"https:\/\/www.itc-packaging.com\/blog\/wp-json\/wp\/v2\/media\/324"}],"wp:attachment":[{"href":"https:\/\/www.itc-packaging.com\/blog\/wp-json\/wp\/v2\/media?parent=315"}],"wp:term":[{"taxonomy":"category","embeddable":true,"href":"https:\/\/www.itc-packaging.com\/blog\/wp-json\/wp\/v2\/categories?post=315"},{"taxonomy":"post_tag","embeddable":true,"href":"https:\/\/www.itc-packaging.com\/blog\/wp-json\/wp\/v2\/tags?post=315"}],"curies":[{"name":"wp","href":"https:\/\/api.w.org\/{rel}","templated":true}]}}