{"id":349,"date":"2022-06-22T06:55:43","date_gmt":"2022-06-22T06:55:43","guid":{"rendered":"https:\/\/www.itc-packaging.com\/blog\/?p=349"},"modified":"2022-06-22T06:58:21","modified_gmt":"2022-06-22T06:58:21","slug":"plataforma-europea-more-certifica-el-compromiso-de-itc-material-reciclado","status":"publish","type":"post","link":"https:\/\/www.itc-packaging.com\/blog\/plataforma-europea-more-certifica-el-compromiso-de-itc-material-reciclado\/","title":{"rendered":"La plataforma europea MORE 2022 certifica el compromiso de ITC con el uso de material reciclado"},"content":{"rendered":"\n<p><em>La plataforma MORE tiene como objetivo impulsar el uso de material reciclado y hacer patente el esfuerzo de la industria por impulsar una econom\u00eda circular del pl\u00e1stico.<\/em><\/p>\n\n\n\n<p>MORE es una iniciativa europea promovida por EuPC (European Plastics Converters) y coordinada a nivel nacional ANAIP, que se encarga de monitorizar el uso de material reciclado por parte de los transformadores de pl\u00e1sticos. La plataforma MORE ha pasado, en 2022, a formar parte de la Circular Plastics Alliance (CPA) que la ha reconocido como la herramienta oficial para recopilar datos sobre material reciclado a nivel europeo.<\/p>\n\n\n\n<p>Desde ITC, como agentes activos de esta plataforma, registramos anualmente el material reciclado incorporado a la fabricaci\u00f3n de nuestros envases y, por este motivo, hemos recibido el diploma que certifica el compromiso con el uso de materia prima reciclada. Actualmente empleamos polipropileno reciclado para la fabricaci\u00f3n de envases para detergentes en c\u00e1psulas u otros productos qu\u00edmicos y rPET para cosm\u00e9tica.<\/p>\n\n\n\n<p>Durante el a\u00f1o 2022 esperamos poder aumentar nuestra apuesta por este tipo de soluciones mediante la incorporaci\u00f3n progresiva de material reciclado a nuevos mercados y formatos de envases.<\/p>\n\n\n\n<figure class=\"wp-block-image size-large\"><img decoding=\"async\" loading=\"lazy\" width=\"1024\" height=\"730\" src=\"https:\/\/www.itc-packaging.com\/blog\/wp-content\/uploads\/2022\/06\/CertificadoMORE.2022_ITCPackaging.jpg\" alt=\"\" class=\"wp-image-352\"\/><\/figure>\n","protected":false},"excerpt":{"rendered":"<p>La plataforma MORE tiene como objetivo impulsar el uso de material reciclado y hacer patente el esfuerzo de la industria por impulsar una econom\u00eda circular del pl\u00e1stico. MORE es una iniciativa europea promovida por EuPC (European Plastics Converters) y coordinada a nivel nacional ANAIP, que se encarga de monitorizar el uso de material reciclado por [&hellip;]<\/p>\n","protected":false},"author":2,"featured_media":351,"comment_status":"closed","ping_status":"closed","sticky":false,"template":"","format":"standard","meta":[],"categories":[20,19,10],"tags":[],"yoast_head":"<!-- This site is optimized with the Yoast SEO plugin v21.6 - https:\/\/yoast.com\/wordpress\/plugins\/seo\/ -->\r\n<title>La plataforma europea MORE 2022 certifica el compromiso de ITC con el uso de material reciclado - ITC Noticias<\/title>\r\n<meta name=\"robots\" content=\"index, follow, max-snippet:-1, max-image-preview:large, max-video-preview:-1\" \/>\r\n<link rel=\"canonical\" href=\"https:\/\/www.itc-packaging.com\/blog\/plataforma-europea-more-certifica-el-compromiso-de-itc-material-reciclado\/\" \/>\r\n<meta property=\"og:locale\" content=\"es_ES\" \/>\r\n<meta property=\"og:type\" content=\"article\" \/>\r\n<meta property=\"og:title\" content=\"La plataforma europea MORE 2022 certifica el compromiso de ITC con el uso de material reciclado - ITC Noticias\" \/>\r\n<meta property=\"og:description\" content=\"La plataforma MORE tiene como objetivo impulsar el uso de material reciclado y hacer patente el esfuerzo de la industria por impulsar una econom\u00eda circular del pl\u00e1stico. MORE es una iniciativa europea promovida por EuPC (European Plastics Converters) y coordinada a nivel nacional ANAIP, que se encarga de monitorizar el uso de material reciclado por [&hellip;]\" \/>\r\n<meta property=\"og:url\" content=\"https:\/\/www.itc-packaging.com\/blog\/plataforma-europea-more-certifica-el-compromiso-de-itc-material-reciclado\/\" \/>\r\n<meta property=\"og:site_name\" content=\"ITC Noticias\" \/>\r\n<meta property=\"article:publisher\" content=\"http:\/\/www.facebook.com\/ITCpackaging\" \/>\r\n<meta property=\"article:published_time\" content=\"2022-06-22T06:55:43+00:00\" \/>\r\n<meta property=\"article:modified_time\" content=\"2022-06-22T06:58:21+00:00\" \/>\r\n<meta property=\"og:image\" content=\"https:\/\/www.itc-packaging.com\/blog\/wp-content\/uploads\/2022\/06\/1920x1080-blog-more.jpg\" \/>\r\n\t<meta property=\"og:image:width\" content=\"1920\" \/>\r\n\t<meta property=\"og:image:height\" content=\"1080\" \/>\r\n\t<meta property=\"og:image:type\" content=\"image\/jpeg\" \/>\r\n<meta name=\"author\" content=\"pedro\" \/>\r\n<meta name=\"twitter:card\" content=\"summary_large_image\" \/>\r\n<meta name=\"twitter:label1\" content=\"Escrito por\" \/>\n\t<meta name=\"twitter:data1\" content=\"pedro\" \/>\n\t<meta name=\"twitter:label2\" content=\"Tiempo de lectura\" \/>\n\t<meta name=\"twitter:data2\" content=\"2 minutos\" \/>\r\n<script type=\"application\/ld+json\" class=\"yoast-schema-graph\">{\"@context\":\"https:\/\/schema.org\",\"@graph\":[{\"@type\":\"Article\",\"@id\":\"https:\/\/www.itc-packaging.com\/blog\/plataforma-europea-more-certifica-el-compromiso-de-itc-material-reciclado\/#article\",\"isPartOf\":{\"@id\":\"https:\/\/www.itc-packaging.com\/blog\/plataforma-europea-more-certifica-el-compromiso-de-itc-material-reciclado\/\"},\"author\":{\"name\":\"pedro\",\"@id\":\"https:\/\/www.itc-packaging.com\/blog\/#\/schema\/person\/f946f1c7b1d67c8e0231e17bcae52525\"},\"headline\":\"La plataforma europea MORE 2022 certifica el compromiso de ITC con el uso de material reciclado\",\"datePublished\":\"2022-06-22T06:55:43+00:00\",\"dateModified\":\"2022-06-22T06:58:21+00:00\",\"mainEntityOfPage\":{\"@id\":\"https:\/\/www.itc-packaging.com\/blog\/plataforma-europea-more-certifica-el-compromiso-de-itc-material-reciclado\/\"},\"wordCount\":205,\"publisher\":{\"@id\":\"https:\/\/www.itc-packaging.com\/blog\/#organization\"},\"articleSection\":[\"rPET\",\"rPP - Grado Non Food\",\"Sostenibilidad\"],\"inLanguage\":\"es\"},{\"@type\":\"WebPage\",\"@id\":\"https:\/\/www.itc-packaging.com\/blog\/plataforma-europea-more-certifica-el-compromiso-de-itc-material-reciclado\/\",\"url\":\"https:\/\/www.itc-packaging.com\/blog\/plataforma-europea-more-certifica-el-compromiso-de-itc-material-reciclado\/\",\"name\":\"La plataforma europea MORE 2022 certifica el compromiso de ITC con el uso de material reciclado - ITC Noticias\",\"isPartOf\":{\"@id\":\"https:\/\/www.itc-packaging.com\/blog\/#website\"},\"datePublished\":\"2022-06-22T06:55:43+00:00\",\"dateModified\":\"2022-06-22T06:58:21+00:00\",\"breadcrumb\":{\"@id\":\"https:\/\/www.itc-packaging.com\/blog\/plataforma-europea-more-certifica-el-compromiso-de-itc-material-reciclado\/#breadcrumb\"},\"inLanguage\":\"es\",\"potentialAction\":[{\"@type\":\"ReadAction\",\"target\":[\"https:\/\/www.itc-packaging.com\/blog\/plataforma-europea-more-certifica-el-compromiso-de-itc-material-reciclado\/\"]}]},{\"@type\":\"BreadcrumbList\",\"@id\":\"https:\/\/www.itc-packaging.com\/blog\/plataforma-europea-more-certifica-el-compromiso-de-itc-material-reciclado\/#breadcrumb\",\"itemListElement\":[{\"@type\":\"ListItem\",\"position\":1,\"name\":\"Portada\",\"item\":\"https:\/\/www.itc-packaging.com\/blog\/\"},{\"@type\":\"ListItem\",\"position\":2,\"name\":\"La plataforma europea MORE 2022 certifica el compromiso de ITC con el uso de material reciclado\"}]},{\"@type\":\"WebSite\",\"@id\":\"https:\/\/www.itc-packaging.com\/blog\/#website\",\"url\":\"https:\/\/www.itc-packaging.com\/blog\/\",\"name\":\"ITC Noticias\",\"description\":\"Fabricantes de envases para la industria alimentaria y cosm\u00e9tica\",\"publisher\":{\"@id\":\"https:\/\/www.itc-packaging.com\/blog\/#organization\"},\"potentialAction\":[{\"@type\":\"SearchAction\",\"target\":{\"@type\":\"EntryPoint\",\"urlTemplate\":\"https:\/\/www.itc-packaging.com\/blog\/?s={search_term_string}\"},\"query-input\":\"required name=search_term_string\"}],\"inLanguage\":\"es\"},{\"@type\":\"Organization\",\"@id\":\"https:\/\/www.itc-packaging.com\/blog\/#organization\",\"name\":\"ITC Packaging\",\"url\":\"https:\/\/www.itc-packaging.com\/blog\/\",\"logo\":{\"@type\":\"ImageObject\",\"inLanguage\":\"es\",\"@id\":\"https:\/\/www.itc-packaging.com\/blog\/#\/schema\/logo\/image\/\",\"url\":\"https:\/\/www.itc-packaging.com\/blog\/wp-content\/uploads\/2021\/12\/logotipo-color.png\",\"contentUrl\":\"https:\/\/www.itc-packaging.com\/blog\/wp-content\/uploads\/2021\/12\/logotipo-color.png\",\"width\":250,\"height\":102,\"caption\":\"ITC Packaging\"},\"image\":{\"@id\":\"https:\/\/www.itc-packaging.com\/blog\/#\/schema\/logo\/image\/\"},\"sameAs\":[\"http:\/\/www.facebook.com\/ITCpackaging\",\"https:\/\/www.instagram.com\/itcpackaging\/\",\"http:\/\/www.linkedin.com\/company\/2999203\",\"http:\/\/www.youtube.com\/channel\/UCPsvreju-YrdJYJLBnTljMQ\"]},{\"@type\":\"Person\",\"@id\":\"https:\/\/www.itc-packaging.com\/blog\/#\/schema\/person\/f946f1c7b1d67c8e0231e17bcae52525\",\"name\":\"pedro\",\"image\":{\"@type\":\"ImageObject\",\"inLanguage\":\"es\",\"@id\":\"https:\/\/www.itc-packaging.com\/blog\/#\/schema\/person\/image\/\",\"url\":\"https:\/\/secure.gravatar.com\/avatar\/c8d8bb2f3db0c346fa38a8963d9ef085?s=96&d=mm&r=g\",\"contentUrl\":\"https:\/\/secure.gravatar.com\/avatar\/c8d8bb2f3db0c346fa38a8963d9ef085?s=96&d=mm&r=g\",\"caption\":\"pedro\"},\"url\":\"https:\/\/www.itc-packaging.com\/blog\/author\/pedro\/\"}]}<\/script>\r\n<!-- \/ Yoast SEO plugin. -->","yoast_head_json":{"title":"La plataforma europea MORE 2022 certifica el compromiso de ITC con el uso de material reciclado - ITC Noticias","robots":{"index":"index","follow":"follow","max-snippet":"max-snippet:-1","max-image-preview":"max-image-preview:large","max-video-preview":"max-video-preview:-1"},"canonical":"https:\/\/www.itc-packaging.com\/blog\/plataforma-europea-more-certifica-el-compromiso-de-itc-material-reciclado\/","og_locale":"es_ES","og_type":"article","og_title":"La plataforma europea MORE 2022 certifica el compromiso de ITC con el uso de material reciclado - ITC Noticias","og_description":"La plataforma MORE tiene como objetivo impulsar el uso de material reciclado y hacer patente el esfuerzo de la industria por impulsar una econom\u00eda circular del pl\u00e1stico. MORE es una iniciativa europea promovida por EuPC (European Plastics Converters) y coordinada a nivel nacional ANAIP, que se encarga de monitorizar el uso de material reciclado por [&hellip;]","og_url":"https:\/\/www.itc-packaging.com\/blog\/plataforma-europea-more-certifica-el-compromiso-de-itc-material-reciclado\/","og_site_name":"ITC Noticias","article_publisher":"http:\/\/www.facebook.com\/ITCpackaging","article_published_time":"2022-06-22T06:55:43+00:00","article_modified_time":"2022-06-22T06:58:21+00:00","og_image":[{"width":1920,"height":1080,"url":"https:\/\/www.itc-packaging.com\/blog\/wp-content\/uploads\/2022\/06\/1920x1080-blog-more.jpg","type":"image\/jpeg"}],"author":"pedro","twitter_card":"summary_large_image","twitter_misc":{"Escrito por":"pedro","Tiempo de lectura":"2 minutos"},"schema":{"@context":"https:\/\/schema.org","@graph":[{"@type":"Article","@id":"https:\/\/www.itc-packaging.com\/blog\/plataforma-europea-more-certifica-el-compromiso-de-itc-material-reciclado\/#article","isPartOf":{"@id":"https:\/\/www.itc-packaging.com\/blog\/plataforma-europea-more-certifica-el-compromiso-de-itc-material-reciclado\/"},"author":{"name":"pedro","@id":"https:\/\/www.itc-packaging.com\/blog\/#\/schema\/person\/f946f1c7b1d67c8e0231e17bcae52525"},"headline":"La plataforma europea MORE 2022 certifica el compromiso de ITC con el uso de material reciclado","datePublished":"2022-06-22T06:55:43+00:00","dateModified":"2022-06-22T06:58:21+00:00","mainEntityOfPage":{"@id":"https:\/\/www.itc-packaging.com\/blog\/plataforma-europea-more-certifica-el-compromiso-de-itc-material-reciclado\/"},"wordCount":205,"publisher":{"@id":"https:\/\/www.itc-packaging.com\/blog\/#organization"},"articleSection":["rPET","rPP - Grado Non Food","Sostenibilidad"],"inLanguage":"es"},{"@type":"WebPage","@id":"https:\/\/www.itc-packaging.com\/blog\/plataforma-europea-more-certifica-el-compromiso-de-itc-material-reciclado\/","url":"https:\/\/www.itc-packaging.com\/blog\/plataforma-europea-more-certifica-el-compromiso-de-itc-material-reciclado\/","name":"La plataforma europea MORE 2022 certifica el compromiso de ITC con el uso de material reciclado - ITC Noticias","isPartOf":{"@id":"https:\/\/www.itc-packaging.com\/blog\/#website"},"datePublished":"2022-06-22T06:55:43+00:00","dateModified":"2022-06-22T06:58:21+00:00","breadcrumb":{"@id":"https:\/\/www.itc-packaging.com\/blog\/plataforma-europea-more-certifica-el-compromiso-de-itc-material-reciclado\/#breadcrumb"},"inLanguage":"es","potentialAction":[{"@type":"ReadAction","target":["https:\/\/www.itc-packaging.com\/blog\/plataforma-europea-more-certifica-el-compromiso-de-itc-material-reciclado\/"]}]},{"@type":"BreadcrumbList","@id":"https:\/\/www.itc-packaging.com\/blog\/plataforma-europea-more-certifica-el-compromiso-de-itc-material-reciclado\/#breadcrumb","itemListElement":[{"@type":"ListItem","position":1,"name":"Portada","item":"https:\/\/www.itc-packaging.com\/blog\/"},{"@type":"ListItem","position":2,"name":"La plataforma europea MORE 2022 certifica el compromiso de ITC con el uso de material reciclado"}]},{"@type":"WebSite","@id":"https:\/\/www.itc-packaging.com\/blog\/#website","url":"https:\/\/www.itc-packaging.com\/blog\/","name":"ITC Noticias","description":"Fabricantes de envases para la industria alimentaria y cosm\u00e9tica","publisher":{"@id":"https:\/\/www.itc-packaging.com\/blog\/#organization"},"potentialAction":[{"@type":"SearchAction","target":{"@type":"EntryPoint","urlTemplate":"https:\/\/www.itc-packaging.com\/blog\/?s={search_term_string}"},"query-input":"required name=search_term_string"}],"inLanguage":"es"},{"@type":"Organization","@id":"https:\/\/www.itc-packaging.com\/blog\/#organization","name":"ITC Packaging","url":"https:\/\/www.itc-packaging.com\/blog\/","logo":{"@type":"ImageObject","inLanguage":"es","@id":"https:\/\/www.itc-packaging.com\/blog\/#\/schema\/logo\/image\/","url":"https:\/\/www.itc-packaging.com\/blog\/wp-content\/uploads\/2021\/12\/logotipo-color.png","contentUrl":"https:\/\/www.itc-packaging.com\/blog\/wp-content\/uploads\/2021\/12\/logotipo-color.png","width":250,"height":102,"caption":"ITC Packaging"},"image":{"@id":"https:\/\/www.itc-packaging.com\/blog\/#\/schema\/logo\/image\/"},"sameAs":["http:\/\/www.facebook.com\/ITCpackaging","https:\/\/www.instagram.com\/itcpackaging\/","http:\/\/www.linkedin.com\/company\/2999203","http:\/\/www.youtube.com\/channel\/UCPsvreju-YrdJYJLBnTljMQ"]},{"@type":"Person","@id":"https:\/\/www.itc-packaging.com\/blog\/#\/schema\/person\/f946f1c7b1d67c8e0231e17bcae52525","name":"pedro","image":{"@type":"ImageObject","inLanguage":"es","@id":"https:\/\/www.itc-packaging.com\/blog\/#\/schema\/person\/image\/","url":"https:\/\/secure.gravatar.com\/avatar\/c8d8bb2f3db0c346fa38a8963d9ef085?s=96&d=mm&r=g","contentUrl":"https:\/\/secure.gravatar.com\/avatar\/c8d8bb2f3db0c346fa38a8963d9ef085?s=96&d=mm&r=g","caption":"pedro"},"url":"https:\/\/www.itc-packaging.com\/blog\/author\/pedro\/"}]}},"_links":{"self":[{"href":"https:\/\/www.itc-packaging.com\/blog\/wp-json\/wp\/v2\/posts\/349"}],"collection":[{"href":"https:\/\/www.itc-packaging.com\/blog\/wp-json\/wp\/v2\/posts"}],"about":[{"href":"https:\/\/www.itc-packaging.com\/blog\/wp-json\/wp\/v2\/types\/post"}],"author":[{"embeddable":true,"href":"https:\/\/www.itc-packaging.com\/blog\/wp-json\/wp\/v2\/users\/2"}],"replies":[{"embeddable":true,"href":"https:\/\/www.itc-packaging.com\/blog\/wp-json\/wp\/v2\/comments?post=349"}],"version-history":[{"count":4,"href":"https:\/\/www.itc-packaging.com\/blog\/wp-json\/wp\/v2\/posts\/349\/revisions"}],"predecessor-version":[{"id":356,"href":"https:\/\/www.itc-packaging.com\/blog\/wp-json\/wp\/v2\/posts\/349\/revisions\/356"}],"wp:featuredmedia":[{"embeddable":true,"href":"https:\/\/www.itc-packaging.com\/blog\/wp-json\/wp\/v2\/media\/351"}],"wp:attachment":[{"href":"https:\/\/www.itc-packaging.com\/blog\/wp-json\/wp\/v2\/media?parent=349"}],"wp:term":[{"taxonomy":"category","embeddable":true,"href":"https:\/\/www.itc-packaging.com\/blog\/wp-json\/wp\/v2\/categories?post=349"},{"taxonomy":"post_tag","embeddable":true,"href":"https:\/\/www.itc-packaging.com\/blog\/wp-json\/wp\/v2\/tags?post=349"}],"curies":[{"name":"wp","href":"https:\/\/api.w.org\/{rel}","templated":true}]}}