{"id":388,"date":"2022-04-22T12:28:35","date_gmt":"2022-04-22T12:28:35","guid":{"rendered":"https:\/\/www.itc-packaging.com\/blog\/?p=388"},"modified":"2022-12-22T12:45:51","modified_gmt":"2022-12-22T12:45:51","slug":"ecovut-2021-948-03","status":"publish","type":"post","link":"https:\/\/www.itc-packaging.com\/blog\/ecovut-2021-948-03\/","title":{"rendered":"ECOVUT\/2021\/948\/03"},"content":{"rendered":"\n<p>Durante 2021, ITC PACKAGING, S.L.U ha recibido una subvenci\u00f3n del Servicio Valenciano de Empleo y formaci\u00f3n (LABORA) por la transformaci\u00f3n de contratos temporales en indefinidos para 6 personas, pertenecientes a colectivos vulnerables. Expediente: ECOVUT\/2021\/948\/03.<\/p>\n\n\n\n<p>Esta ayuda, con un importe de 77.140 \u20ac ha servido para afianzar la trayectoria de contrataci\u00f3n indefinida y apoyo a colectivos vulnerables, seguida por la empresa desde su constituci\u00f3n.<\/p>\n\n\n\n<figure class=\"wp-block-image size-large is-resized\"><img decoding=\"async\" loading=\"lazy\" src=\"https:\/\/www.itc-packaging.com\/blog\/wp-content\/uploads\/2022\/12\/image.png\" alt=\"\" class=\"wp-image-389\" width=\"573\" height=\"102\"\/><\/figure>\n\n\n\n<p><\/p>\n","protected":false},"excerpt":{"rendered":"<p>Durante 2021, ITC PACKAGING, S.L.U ha recibido una subvenci\u00f3n del Servicio Valenciano de Empleo y formaci\u00f3n (LABORA) por la transformaci\u00f3n de contratos temporales en indefinidos para 6 personas, pertenecientes a colectivos vulnerables. Expediente: ECOVUT\/2021\/948\/03. Esta ayuda, con un importe de 77.140 \u20ac ha servido para afianzar la trayectoria de contrataci\u00f3n indefinida y apoyo a colectivos [&hellip;]<\/p>\n","protected":false},"author":2,"featured_media":0,"comment_status":"closed","ping_status":"closed","sticky":false,"template":"","format":"standard","meta":[],"categories":[1],"tags":[],"yoast_head":"<!-- This site is optimized with the Yoast SEO plugin v21.6 - https:\/\/yoast.com\/wordpress\/plugins\/seo\/ -->\r\n<title>ECOVUT\/2021\/948\/03 - ITC Noticias<\/title>\r\n<meta name=\"robots\" content=\"index, follow, max-snippet:-1, max-image-preview:large, max-video-preview:-1\" \/>\r\n<link rel=\"canonical\" href=\"https:\/\/www.itc-packaging.com\/blog\/ecovut-2021-948-03\/\" \/>\r\n<meta property=\"og:locale\" content=\"es_ES\" \/>\r\n<meta property=\"og:type\" content=\"article\" \/>\r\n<meta property=\"og:title\" content=\"ECOVUT\/2021\/948\/03 - ITC Noticias\" \/>\r\n<meta property=\"og:description\" content=\"Durante 2021, ITC PACKAGING, S.L.U ha recibido una subvenci\u00f3n del Servicio Valenciano de Empleo y formaci\u00f3n (LABORA) por la transformaci\u00f3n de contratos temporales en indefinidos para 6 personas, pertenecientes a colectivos vulnerables. Expediente: ECOVUT\/2021\/948\/03. Esta ayuda, con un importe de 77.140 \u20ac ha servido para afianzar la trayectoria de contrataci\u00f3n indefinida y apoyo a colectivos [&hellip;]\" \/>\r\n<meta property=\"og:url\" content=\"https:\/\/www.itc-packaging.com\/blog\/ecovut-2021-948-03\/\" \/>\r\n<meta property=\"og:site_name\" content=\"ITC Noticias\" \/>\r\n<meta property=\"article:publisher\" content=\"http:\/\/www.facebook.com\/ITCpackaging\" \/>\r\n<meta property=\"article:published_time\" content=\"2022-04-22T12:28:35+00:00\" \/>\r\n<meta property=\"article:modified_time\" content=\"2022-12-22T12:45:51+00:00\" \/>\r\n<meta property=\"og:image\" content=\"https:\/\/www.itc-packaging.com\/blog\/wp-content\/uploads\/2022\/12\/image.png\" \/>\r\n<meta name=\"author\" content=\"pedro\" \/>\r\n<meta name=\"twitter:card\" content=\"summary_large_image\" \/>\r\n<meta name=\"twitter:label1\" content=\"Escrito por\" \/>\n\t<meta name=\"twitter:data1\" content=\"pedro\" \/>\n\t<meta name=\"twitter:label2\" content=\"Tiempo de lectura\" \/>\n\t<meta name=\"twitter:data2\" content=\"1 minuto\" \/>\r\n<script type=\"application\/ld+json\" class=\"yoast-schema-graph\">{\"@context\":\"https:\/\/schema.org\",\"@graph\":[{\"@type\":\"Article\",\"@id\":\"https:\/\/www.itc-packaging.com\/blog\/ecovut-2021-948-03\/#article\",\"isPartOf\":{\"@id\":\"https:\/\/www.itc-packaging.com\/blog\/ecovut-2021-948-03\/\"},\"author\":{\"name\":\"pedro\",\"@id\":\"https:\/\/www.itc-packaging.com\/blog\/#\/schema\/person\/f946f1c7b1d67c8e0231e17bcae52525\"},\"headline\":\"ECOVUT\/2021\/948\/03\",\"datePublished\":\"2022-04-22T12:28:35+00:00\",\"dateModified\":\"2022-12-22T12:45:51+00:00\",\"mainEntityOfPage\":{\"@id\":\"https:\/\/www.itc-packaging.com\/blog\/ecovut-2021-948-03\/\"},\"wordCount\":67,\"publisher\":{\"@id\":\"https:\/\/www.itc-packaging.com\/blog\/#organization\"},\"articleSection\":[\"Apariciones en prensa\"],\"inLanguage\":\"es\"},{\"@type\":\"WebPage\",\"@id\":\"https:\/\/www.itc-packaging.com\/blog\/ecovut-2021-948-03\/\",\"url\":\"https:\/\/www.itc-packaging.com\/blog\/ecovut-2021-948-03\/\",\"name\":\"ECOVUT\/2021\/948\/03 - ITC Noticias\",\"isPartOf\":{\"@id\":\"https:\/\/www.itc-packaging.com\/blog\/#website\"},\"datePublished\":\"2022-04-22T12:28:35+00:00\",\"dateModified\":\"2022-12-22T12:45:51+00:00\",\"breadcrumb\":{\"@id\":\"https:\/\/www.itc-packaging.com\/blog\/ecovut-2021-948-03\/#breadcrumb\"},\"inLanguage\":\"es\",\"potentialAction\":[{\"@type\":\"ReadAction\",\"target\":[\"https:\/\/www.itc-packaging.com\/blog\/ecovut-2021-948-03\/\"]}]},{\"@type\":\"BreadcrumbList\",\"@id\":\"https:\/\/www.itc-packaging.com\/blog\/ecovut-2021-948-03\/#breadcrumb\",\"itemListElement\":[{\"@type\":\"ListItem\",\"position\":1,\"name\":\"Portada\",\"item\":\"https:\/\/www.itc-packaging.com\/blog\/\"},{\"@type\":\"ListItem\",\"position\":2,\"name\":\"ECOVUT\/2021\/948\/03\"}]},{\"@type\":\"WebSite\",\"@id\":\"https:\/\/www.itc-packaging.com\/blog\/#website\",\"url\":\"https:\/\/www.itc-packaging.com\/blog\/\",\"name\":\"ITC Noticias\",\"description\":\"Fabricantes de envases para la industria alimentaria y cosm\u00e9tica\",\"publisher\":{\"@id\":\"https:\/\/www.itc-packaging.com\/blog\/#organization\"},\"potentialAction\":[{\"@type\":\"SearchAction\",\"target\":{\"@type\":\"EntryPoint\",\"urlTemplate\":\"https:\/\/www.itc-packaging.com\/blog\/?s={search_term_string}\"},\"query-input\":\"required name=search_term_string\"}],\"inLanguage\":\"es\"},{\"@type\":\"Organization\",\"@id\":\"https:\/\/www.itc-packaging.com\/blog\/#organization\",\"name\":\"ITC Packaging\",\"url\":\"https:\/\/www.itc-packaging.com\/blog\/\",\"logo\":{\"@type\":\"ImageObject\",\"inLanguage\":\"es\",\"@id\":\"https:\/\/www.itc-packaging.com\/blog\/#\/schema\/logo\/image\/\",\"url\":\"https:\/\/www.itc-packaging.com\/blog\/wp-content\/uploads\/2021\/12\/logotipo-color.png\",\"contentUrl\":\"https:\/\/www.itc-packaging.com\/blog\/wp-content\/uploads\/2021\/12\/logotipo-color.png\",\"width\":250,\"height\":102,\"caption\":\"ITC Packaging\"},\"image\":{\"@id\":\"https:\/\/www.itc-packaging.com\/blog\/#\/schema\/logo\/image\/\"},\"sameAs\":[\"http:\/\/www.facebook.com\/ITCpackaging\",\"https:\/\/www.instagram.com\/itcpackaging\/\",\"http:\/\/www.linkedin.com\/company\/2999203\",\"http:\/\/www.youtube.com\/channel\/UCPsvreju-YrdJYJLBnTljMQ\"]},{\"@type\":\"Person\",\"@id\":\"https:\/\/www.itc-packaging.com\/blog\/#\/schema\/person\/f946f1c7b1d67c8e0231e17bcae52525\",\"name\":\"pedro\",\"image\":{\"@type\":\"ImageObject\",\"inLanguage\":\"es\",\"@id\":\"https:\/\/www.itc-packaging.com\/blog\/#\/schema\/person\/image\/\",\"url\":\"https:\/\/secure.gravatar.com\/avatar\/c8d8bb2f3db0c346fa38a8963d9ef085?s=96&d=mm&r=g\",\"contentUrl\":\"https:\/\/secure.gravatar.com\/avatar\/c8d8bb2f3db0c346fa38a8963d9ef085?s=96&d=mm&r=g\",\"caption\":\"pedro\"},\"url\":\"https:\/\/www.itc-packaging.com\/blog\/author\/pedro\/\"}]}<\/script>\r\n<!-- \/ Yoast SEO plugin. -->","yoast_head_json":{"title":"ECOVUT\/2021\/948\/03 - ITC Noticias","robots":{"index":"index","follow":"follow","max-snippet":"max-snippet:-1","max-image-preview":"max-image-preview:large","max-video-preview":"max-video-preview:-1"},"canonical":"https:\/\/www.itc-packaging.com\/blog\/ecovut-2021-948-03\/","og_locale":"es_ES","og_type":"article","og_title":"ECOVUT\/2021\/948\/03 - ITC Noticias","og_description":"Durante 2021, ITC PACKAGING, S.L.U ha recibido una subvenci\u00f3n del Servicio Valenciano de Empleo y formaci\u00f3n (LABORA) por la transformaci\u00f3n de contratos temporales en indefinidos para 6 personas, pertenecientes a colectivos vulnerables. Expediente: ECOVUT\/2021\/948\/03. Esta ayuda, con un importe de 77.140 \u20ac ha servido para afianzar la trayectoria de contrataci\u00f3n indefinida y apoyo a colectivos [&hellip;]","og_url":"https:\/\/www.itc-packaging.com\/blog\/ecovut-2021-948-03\/","og_site_name":"ITC Noticias","article_publisher":"http:\/\/www.facebook.com\/ITCpackaging","article_published_time":"2022-04-22T12:28:35+00:00","article_modified_time":"2022-12-22T12:45:51+00:00","og_image":[{"url":"https:\/\/www.itc-packaging.com\/blog\/wp-content\/uploads\/2022\/12\/image.png"}],"author":"pedro","twitter_card":"summary_large_image","twitter_misc":{"Escrito por":"pedro","Tiempo de lectura":"1 minuto"},"schema":{"@context":"https:\/\/schema.org","@graph":[{"@type":"Article","@id":"https:\/\/www.itc-packaging.com\/blog\/ecovut-2021-948-03\/#article","isPartOf":{"@id":"https:\/\/www.itc-packaging.com\/blog\/ecovut-2021-948-03\/"},"author":{"name":"pedro","@id":"https:\/\/www.itc-packaging.com\/blog\/#\/schema\/person\/f946f1c7b1d67c8e0231e17bcae52525"},"headline":"ECOVUT\/2021\/948\/03","datePublished":"2022-04-22T12:28:35+00:00","dateModified":"2022-12-22T12:45:51+00:00","mainEntityOfPage":{"@id":"https:\/\/www.itc-packaging.com\/blog\/ecovut-2021-948-03\/"},"wordCount":67,"publisher":{"@id":"https:\/\/www.itc-packaging.com\/blog\/#organization"},"articleSection":["Apariciones en prensa"],"inLanguage":"es"},{"@type":"WebPage","@id":"https:\/\/www.itc-packaging.com\/blog\/ecovut-2021-948-03\/","url":"https:\/\/www.itc-packaging.com\/blog\/ecovut-2021-948-03\/","name":"ECOVUT\/2021\/948\/03 - ITC Noticias","isPartOf":{"@id":"https:\/\/www.itc-packaging.com\/blog\/#website"},"datePublished":"2022-04-22T12:28:35+00:00","dateModified":"2022-12-22T12:45:51+00:00","breadcrumb":{"@id":"https:\/\/www.itc-packaging.com\/blog\/ecovut-2021-948-03\/#breadcrumb"},"inLanguage":"es","potentialAction":[{"@type":"ReadAction","target":["https:\/\/www.itc-packaging.com\/blog\/ecovut-2021-948-03\/"]}]},{"@type":"BreadcrumbList","@id":"https:\/\/www.itc-packaging.com\/blog\/ecovut-2021-948-03\/#breadcrumb","itemListElement":[{"@type":"ListItem","position":1,"name":"Portada","item":"https:\/\/www.itc-packaging.com\/blog\/"},{"@type":"ListItem","position":2,"name":"ECOVUT\/2021\/948\/03"}]},{"@type":"WebSite","@id":"https:\/\/www.itc-packaging.com\/blog\/#website","url":"https:\/\/www.itc-packaging.com\/blog\/","name":"ITC Noticias","description":"Fabricantes de envases para la industria alimentaria y cosm\u00e9tica","publisher":{"@id":"https:\/\/www.itc-packaging.com\/blog\/#organization"},"potentialAction":[{"@type":"SearchAction","target":{"@type":"EntryPoint","urlTemplate":"https:\/\/www.itc-packaging.com\/blog\/?s={search_term_string}"},"query-input":"required name=search_term_string"}],"inLanguage":"es"},{"@type":"Organization","@id":"https:\/\/www.itc-packaging.com\/blog\/#organization","name":"ITC Packaging","url":"https:\/\/www.itc-packaging.com\/blog\/","logo":{"@type":"ImageObject","inLanguage":"es","@id":"https:\/\/www.itc-packaging.com\/blog\/#\/schema\/logo\/image\/","url":"https:\/\/www.itc-packaging.com\/blog\/wp-content\/uploads\/2021\/12\/logotipo-color.png","contentUrl":"https:\/\/www.itc-packaging.com\/blog\/wp-content\/uploads\/2021\/12\/logotipo-color.png","width":250,"height":102,"caption":"ITC Packaging"},"image":{"@id":"https:\/\/www.itc-packaging.com\/blog\/#\/schema\/logo\/image\/"},"sameAs":["http:\/\/www.facebook.com\/ITCpackaging","https:\/\/www.instagram.com\/itcpackaging\/","http:\/\/www.linkedin.com\/company\/2999203","http:\/\/www.youtube.com\/channel\/UCPsvreju-YrdJYJLBnTljMQ"]},{"@type":"Person","@id":"https:\/\/www.itc-packaging.com\/blog\/#\/schema\/person\/f946f1c7b1d67c8e0231e17bcae52525","name":"pedro","image":{"@type":"ImageObject","inLanguage":"es","@id":"https:\/\/www.itc-packaging.com\/blog\/#\/schema\/person\/image\/","url":"https:\/\/secure.gravatar.com\/avatar\/c8d8bb2f3db0c346fa38a8963d9ef085?s=96&d=mm&r=g","contentUrl":"https:\/\/secure.gravatar.com\/avatar\/c8d8bb2f3db0c346fa38a8963d9ef085?s=96&d=mm&r=g","caption":"pedro"},"url":"https:\/\/www.itc-packaging.com\/blog\/author\/pedro\/"}]}},"_links":{"self":[{"href":"https:\/\/www.itc-packaging.com\/blog\/wp-json\/wp\/v2\/posts\/388"}],"collection":[{"href":"https:\/\/www.itc-packaging.com\/blog\/wp-json\/wp\/v2\/posts"}],"about":[{"href":"https:\/\/www.itc-packaging.com\/blog\/wp-json\/wp\/v2\/types\/post"}],"author":[{"embeddable":true,"href":"https:\/\/www.itc-packaging.com\/blog\/wp-json\/wp\/v2\/users\/2"}],"replies":[{"embeddable":true,"href":"https:\/\/www.itc-packaging.com\/blog\/wp-json\/wp\/v2\/comments?post=388"}],"version-history":[{"count":2,"href":"https:\/\/www.itc-packaging.com\/blog\/wp-json\/wp\/v2\/posts\/388\/revisions"}],"predecessor-version":[{"id":391,"href":"https:\/\/www.itc-packaging.com\/blog\/wp-json\/wp\/v2\/posts\/388\/revisions\/391"}],"wp:attachment":[{"href":"https:\/\/www.itc-packaging.com\/blog\/wp-json\/wp\/v2\/media?parent=388"}],"wp:term":[{"taxonomy":"category","embeddable":true,"href":"https:\/\/www.itc-packaging.com\/blog\/wp-json\/wp\/v2\/categories?post=388"},{"taxonomy":"post_tag","embeddable":true,"href":"https:\/\/www.itc-packaging.com\/blog\/wp-json\/wp\/v2\/tags?post=388"}],"curies":[{"name":"wp","href":"https:\/\/api.w.org\/{rel}","templated":true}]}}