{"id":416,"date":"2023-05-02T15:23:30","date_gmt":"2023-05-02T15:23:30","guid":{"rendered":"https:\/\/www.itc-packaging.com\/blog\/?p=416"},"modified":"2023-05-02T15:23:32","modified_gmt":"2023-05-02T15:23:32","slug":"nuevos-envases-barrera-para-aceitunas-y-encurtidos","status":"publish","type":"post","link":"https:\/\/www.itc-packaging.com\/blog\/nuevos-envases-barrera-para-aceitunas-y-encurtidos\/","title":{"rendered":"Nuevos envases barrera para aceitunas y encurtidos"},"content":{"rendered":"\n<p><strong><em>Aceitunas Sarasa e ITC Packaging colaboran para desarrollar una nueva gama de envases barrera que mejoran la conservaci\u00f3n del producto, la eficiencia industrial y la sostenibilidad.<\/em><\/strong><\/p>\n\n\n\n<p><em>La compa\u00f1\u00eda navarra, Aceitunas Sarasa, referente en el mercado de aceitunas y encurtidos, ha colaborado con ITC Packaging como partner para mejorar el packaging de una de sus gamas de aceitunas y encurtidos: Market Sarasa. &nbsp;<\/em><\/p>\n\n\n\n<p><em>La gama Market Sarasa, va dirigida a un consumidor que busca la experiencia de compra del mercado tradicional en los lineales de la distribuci\u00f3n organizada, se presenta en formato tarrinas y los retos principales del proyecto eran mejorar la conservaci\u00f3n del producto, la eficiencia industrial y la sostenibilidad.<\/em><\/p>\n\n\n\n<p><em>Gracias al desarrollo de las etiquetas IML se han obtenido unos envases barrera que permiten conservar las propiedades organol\u00e9pticas de las aceitunas y los encurtidos, manteniendo la barrera en toda la geometr\u00eda del envase. Adem\u00e1s, la etiqueta IML permite integrar el dise\u00f1o de la marca en una tarrina 100% monomaterial y reciclable, mejorando el branding y la imagen de calidad.<\/em><\/p>\n\n\n\n<figure class=\"wp-block-image size-full\"><img decoding=\"async\" loading=\"lazy\" width=\"800\" height=\"419\" src=\"https:\/\/www.itc-packaging.com\/blog\/wp-content\/uploads\/2023\/05\/800-sarasa-envases-barrera.jpg\" alt=\"\" class=\"wp-image-418\"\/><\/figure>\n\n\n\n<p><em>Por otro lado, los envases han sido ecodise\u00f1ados para conseguir la mejor consistencia y funcionalidad empleando el m\u00ednimo de materia prima posible, consiguiendo unos nuevos formatos de pared fina fabricados con PP y reciclables mediante su dep\u00f3sito en el contenedor amarillo.<\/em><\/p>\n\n\n\n<p><em>La gama est\u00e1 compuesta por 3 formatos con capacidades de 420, 600 y 850 ml que comparten la misma tapa. Los nuevos envases permiten una \u00f3ptima industrializaci\u00f3n al aguantar el proceso de pasteurizaci\u00f3n al que se somete el producto evitando las ineficiencias generadas por otras tecnolog\u00edas de fabricaci\u00f3n de packaging, ya que el envase ofrece una estabilidad dimensional y funcional que se adapta a las necesidades de las l\u00edneas automatizadas.<\/em><\/p>\n","protected":false},"excerpt":{"rendered":"<p>Aceitunas Sarasa e ITC Packaging colaboran para desarrollar una nueva gama de envases barrera que mejoran la conservaci\u00f3n del producto, la eficiencia industrial y la sostenibilidad.<\/p>\n","protected":false},"author":2,"featured_media":417,"comment_status":"closed","ping_status":"closed","sticky":false,"template":"","format":"standard","meta":[],"categories":[15,5,14],"tags":[57,55,56],"yoast_head":"<!-- This site is optimized with the Yoast SEO plugin v21.6 - https:\/\/yoast.com\/wordpress\/plugins\/seo\/ -->\r\n<title>Nuevos envases barrera para aceitunas y encurtidos - ITC Noticias<\/title>\r\n<meta name=\"robots\" content=\"index, follow, max-snippet:-1, max-image-preview:large, max-video-preview:-1\" \/>\r\n<link rel=\"canonical\" href=\"https:\/\/www.itc-packaging.com\/blog\/nuevos-envases-barrera-para-aceitunas-y-encurtidos\/\" \/>\r\n<meta property=\"og:locale\" content=\"es_ES\" \/>\r\n<meta property=\"og:type\" content=\"article\" \/>\r\n<meta property=\"og:title\" content=\"Nuevos envases barrera para aceitunas y encurtidos - ITC Noticias\" \/>\r\n<meta property=\"og:description\" content=\"Aceitunas Sarasa e ITC Packaging colaboran para desarrollar una nueva gama de envases barrera que mejoran la conservaci\u00f3n del producto, la eficiencia industrial y la sostenibilidad.\" \/>\r\n<meta property=\"og:url\" content=\"https:\/\/www.itc-packaging.com\/blog\/nuevos-envases-barrera-para-aceitunas-y-encurtidos\/\" \/>\r\n<meta property=\"og:site_name\" content=\"ITC Noticias\" \/>\r\n<meta property=\"article:publisher\" content=\"http:\/\/www.facebook.com\/ITCpackaging\" \/>\r\n<meta property=\"article:published_time\" content=\"2023-05-02T15:23:30+00:00\" \/>\r\n<meta property=\"article:modified_time\" content=\"2023-05-02T15:23:32+00:00\" \/>\r\n<meta property=\"og:image\" content=\"https:\/\/www.itc-packaging.com\/blog\/wp-content\/uploads\/2023\/05\/1920x1080-sarasa-envases-barrera.jpg\" \/>\r\n\t<meta property=\"og:image:width\" content=\"1920\" \/>\r\n\t<meta property=\"og:image:height\" content=\"1080\" \/>\r\n\t<meta property=\"og:image:type\" content=\"image\/jpeg\" \/>\r\n<meta name=\"author\" content=\"pedro\" \/>\r\n<meta name=\"twitter:card\" content=\"summary_large_image\" \/>\r\n<meta name=\"twitter:label1\" content=\"Escrito por\" \/>\n\t<meta name=\"twitter:data1\" content=\"pedro\" \/>\n\t<meta name=\"twitter:label2\" content=\"Tiempo de lectura\" \/>\n\t<meta name=\"twitter:data2\" content=\"1 minuto\" \/>\r\n<script type=\"application\/ld+json\" class=\"yoast-schema-graph\">{\"@context\":\"https:\/\/schema.org\",\"@graph\":[{\"@type\":\"Article\",\"@id\":\"https:\/\/www.itc-packaging.com\/blog\/nuevos-envases-barrera-para-aceitunas-y-encurtidos\/#article\",\"isPartOf\":{\"@id\":\"https:\/\/www.itc-packaging.com\/blog\/nuevos-envases-barrera-para-aceitunas-y-encurtidos\/\"},\"author\":{\"name\":\"pedro\",\"@id\":\"https:\/\/www.itc-packaging.com\/blog\/#\/schema\/person\/f946f1c7b1d67c8e0231e17bcae52525\"},\"headline\":\"Nuevos envases barrera para aceitunas y encurtidos\",\"datePublished\":\"2023-05-02T15:23:30+00:00\",\"dateModified\":\"2023-05-02T15:23:32+00:00\",\"mainEntityOfPage\":{\"@id\":\"https:\/\/www.itc-packaging.com\/blog\/nuevos-envases-barrera-para-aceitunas-y-encurtidos\/\"},\"wordCount\":299,\"publisher\":{\"@id\":\"https:\/\/www.itc-packaging.com\/blog\/#organization\"},\"keywords\":[\"envases a medida\",\"envases barrera\",\"packaging barrera\"],\"articleSection\":[\"Barrera\",\"Envases a Medida\",\"Soluciones\"],\"inLanguage\":\"es\"},{\"@type\":\"WebPage\",\"@id\":\"https:\/\/www.itc-packaging.com\/blog\/nuevos-envases-barrera-para-aceitunas-y-encurtidos\/\",\"url\":\"https:\/\/www.itc-packaging.com\/blog\/nuevos-envases-barrera-para-aceitunas-y-encurtidos\/\",\"name\":\"Nuevos envases barrera para aceitunas y encurtidos - ITC Noticias\",\"isPartOf\":{\"@id\":\"https:\/\/www.itc-packaging.com\/blog\/#website\"},\"datePublished\":\"2023-05-02T15:23:30+00:00\",\"dateModified\":\"2023-05-02T15:23:32+00:00\",\"breadcrumb\":{\"@id\":\"https:\/\/www.itc-packaging.com\/blog\/nuevos-envases-barrera-para-aceitunas-y-encurtidos\/#breadcrumb\"},\"inLanguage\":\"es\",\"potentialAction\":[{\"@type\":\"ReadAction\",\"target\":[\"https:\/\/www.itc-packaging.com\/blog\/nuevos-envases-barrera-para-aceitunas-y-encurtidos\/\"]}]},{\"@type\":\"BreadcrumbList\",\"@id\":\"https:\/\/www.itc-packaging.com\/blog\/nuevos-envases-barrera-para-aceitunas-y-encurtidos\/#breadcrumb\",\"itemListElement\":[{\"@type\":\"ListItem\",\"position\":1,\"name\":\"Portada\",\"item\":\"https:\/\/www.itc-packaging.com\/blog\/\"},{\"@type\":\"ListItem\",\"position\":2,\"name\":\"Nuevos envases barrera para aceitunas y encurtidos\"}]},{\"@type\":\"WebSite\",\"@id\":\"https:\/\/www.itc-packaging.com\/blog\/#website\",\"url\":\"https:\/\/www.itc-packaging.com\/blog\/\",\"name\":\"ITC Noticias\",\"description\":\"Fabricantes de envases para la industria alimentaria y cosm\u00e9tica\",\"publisher\":{\"@id\":\"https:\/\/www.itc-packaging.com\/blog\/#organization\"},\"potentialAction\":[{\"@type\":\"SearchAction\",\"target\":{\"@type\":\"EntryPoint\",\"urlTemplate\":\"https:\/\/www.itc-packaging.com\/blog\/?s={search_term_string}\"},\"query-input\":\"required name=search_term_string\"}],\"inLanguage\":\"es\"},{\"@type\":\"Organization\",\"@id\":\"https:\/\/www.itc-packaging.com\/blog\/#organization\",\"name\":\"ITC Packaging\",\"url\":\"https:\/\/www.itc-packaging.com\/blog\/\",\"logo\":{\"@type\":\"ImageObject\",\"inLanguage\":\"es\",\"@id\":\"https:\/\/www.itc-packaging.com\/blog\/#\/schema\/logo\/image\/\",\"url\":\"https:\/\/www.itc-packaging.com\/blog\/wp-content\/uploads\/2021\/12\/logotipo-color.png\",\"contentUrl\":\"https:\/\/www.itc-packaging.com\/blog\/wp-content\/uploads\/2021\/12\/logotipo-color.png\",\"width\":250,\"height\":102,\"caption\":\"ITC Packaging\"},\"image\":{\"@id\":\"https:\/\/www.itc-packaging.com\/blog\/#\/schema\/logo\/image\/\"},\"sameAs\":[\"http:\/\/www.facebook.com\/ITCpackaging\",\"https:\/\/www.instagram.com\/itcpackaging\/\",\"http:\/\/www.linkedin.com\/company\/2999203\",\"http:\/\/www.youtube.com\/channel\/UCPsvreju-YrdJYJLBnTljMQ\"]},{\"@type\":\"Person\",\"@id\":\"https:\/\/www.itc-packaging.com\/blog\/#\/schema\/person\/f946f1c7b1d67c8e0231e17bcae52525\",\"name\":\"pedro\",\"image\":{\"@type\":\"ImageObject\",\"inLanguage\":\"es\",\"@id\":\"https:\/\/www.itc-packaging.com\/blog\/#\/schema\/person\/image\/\",\"url\":\"https:\/\/secure.gravatar.com\/avatar\/c8d8bb2f3db0c346fa38a8963d9ef085?s=96&d=mm&r=g\",\"contentUrl\":\"https:\/\/secure.gravatar.com\/avatar\/c8d8bb2f3db0c346fa38a8963d9ef085?s=96&d=mm&r=g\",\"caption\":\"pedro\"},\"url\":\"https:\/\/www.itc-packaging.com\/blog\/author\/pedro\/\"}]}<\/script>\r\n<!-- \/ Yoast SEO plugin. -->","yoast_head_json":{"title":"Nuevos envases barrera para aceitunas y encurtidos - ITC Noticias","robots":{"index":"index","follow":"follow","max-snippet":"max-snippet:-1","max-image-preview":"max-image-preview:large","max-video-preview":"max-video-preview:-1"},"canonical":"https:\/\/www.itc-packaging.com\/blog\/nuevos-envases-barrera-para-aceitunas-y-encurtidos\/","og_locale":"es_ES","og_type":"article","og_title":"Nuevos envases barrera para aceitunas y encurtidos - ITC Noticias","og_description":"Aceitunas Sarasa e ITC Packaging colaboran para desarrollar una nueva gama de envases barrera que mejoran la conservaci\u00f3n del producto, la eficiencia industrial y la sostenibilidad.","og_url":"https:\/\/www.itc-packaging.com\/blog\/nuevos-envases-barrera-para-aceitunas-y-encurtidos\/","og_site_name":"ITC Noticias","article_publisher":"http:\/\/www.facebook.com\/ITCpackaging","article_published_time":"2023-05-02T15:23:30+00:00","article_modified_time":"2023-05-02T15:23:32+00:00","og_image":[{"width":1920,"height":1080,"url":"https:\/\/www.itc-packaging.com\/blog\/wp-content\/uploads\/2023\/05\/1920x1080-sarasa-envases-barrera.jpg","type":"image\/jpeg"}],"author":"pedro","twitter_card":"summary_large_image","twitter_misc":{"Escrito por":"pedro","Tiempo de lectura":"1 minuto"},"schema":{"@context":"https:\/\/schema.org","@graph":[{"@type":"Article","@id":"https:\/\/www.itc-packaging.com\/blog\/nuevos-envases-barrera-para-aceitunas-y-encurtidos\/#article","isPartOf":{"@id":"https:\/\/www.itc-packaging.com\/blog\/nuevos-envases-barrera-para-aceitunas-y-encurtidos\/"},"author":{"name":"pedro","@id":"https:\/\/www.itc-packaging.com\/blog\/#\/schema\/person\/f946f1c7b1d67c8e0231e17bcae52525"},"headline":"Nuevos envases barrera para aceitunas y encurtidos","datePublished":"2023-05-02T15:23:30+00:00","dateModified":"2023-05-02T15:23:32+00:00","mainEntityOfPage":{"@id":"https:\/\/www.itc-packaging.com\/blog\/nuevos-envases-barrera-para-aceitunas-y-encurtidos\/"},"wordCount":299,"publisher":{"@id":"https:\/\/www.itc-packaging.com\/blog\/#organization"},"keywords":["envases a medida","envases barrera","packaging barrera"],"articleSection":["Barrera","Envases a Medida","Soluciones"],"inLanguage":"es"},{"@type":"WebPage","@id":"https:\/\/www.itc-packaging.com\/blog\/nuevos-envases-barrera-para-aceitunas-y-encurtidos\/","url":"https:\/\/www.itc-packaging.com\/blog\/nuevos-envases-barrera-para-aceitunas-y-encurtidos\/","name":"Nuevos envases barrera para aceitunas y encurtidos - ITC Noticias","isPartOf":{"@id":"https:\/\/www.itc-packaging.com\/blog\/#website"},"datePublished":"2023-05-02T15:23:30+00:00","dateModified":"2023-05-02T15:23:32+00:00","breadcrumb":{"@id":"https:\/\/www.itc-packaging.com\/blog\/nuevos-envases-barrera-para-aceitunas-y-encurtidos\/#breadcrumb"},"inLanguage":"es","potentialAction":[{"@type":"ReadAction","target":["https:\/\/www.itc-packaging.com\/blog\/nuevos-envases-barrera-para-aceitunas-y-encurtidos\/"]}]},{"@type":"BreadcrumbList","@id":"https:\/\/www.itc-packaging.com\/blog\/nuevos-envases-barrera-para-aceitunas-y-encurtidos\/#breadcrumb","itemListElement":[{"@type":"ListItem","position":1,"name":"Portada","item":"https:\/\/www.itc-packaging.com\/blog\/"},{"@type":"ListItem","position":2,"name":"Nuevos envases barrera para aceitunas y encurtidos"}]},{"@type":"WebSite","@id":"https:\/\/www.itc-packaging.com\/blog\/#website","url":"https:\/\/www.itc-packaging.com\/blog\/","name":"ITC Noticias","description":"Fabricantes de envases para la industria alimentaria y cosm\u00e9tica","publisher":{"@id":"https:\/\/www.itc-packaging.com\/blog\/#organization"},"potentialAction":[{"@type":"SearchAction","target":{"@type":"EntryPoint","urlTemplate":"https:\/\/www.itc-packaging.com\/blog\/?s={search_term_string}"},"query-input":"required name=search_term_string"}],"inLanguage":"es"},{"@type":"Organization","@id":"https:\/\/www.itc-packaging.com\/blog\/#organization","name":"ITC Packaging","url":"https:\/\/www.itc-packaging.com\/blog\/","logo":{"@type":"ImageObject","inLanguage":"es","@id":"https:\/\/www.itc-packaging.com\/blog\/#\/schema\/logo\/image\/","url":"https:\/\/www.itc-packaging.com\/blog\/wp-content\/uploads\/2021\/12\/logotipo-color.png","contentUrl":"https:\/\/www.itc-packaging.com\/blog\/wp-content\/uploads\/2021\/12\/logotipo-color.png","width":250,"height":102,"caption":"ITC Packaging"},"image":{"@id":"https:\/\/www.itc-packaging.com\/blog\/#\/schema\/logo\/image\/"},"sameAs":["http:\/\/www.facebook.com\/ITCpackaging","https:\/\/www.instagram.com\/itcpackaging\/","http:\/\/www.linkedin.com\/company\/2999203","http:\/\/www.youtube.com\/channel\/UCPsvreju-YrdJYJLBnTljMQ"]},{"@type":"Person","@id":"https:\/\/www.itc-packaging.com\/blog\/#\/schema\/person\/f946f1c7b1d67c8e0231e17bcae52525","name":"pedro","image":{"@type":"ImageObject","inLanguage":"es","@id":"https:\/\/www.itc-packaging.com\/blog\/#\/schema\/person\/image\/","url":"https:\/\/secure.gravatar.com\/avatar\/c8d8bb2f3db0c346fa38a8963d9ef085?s=96&d=mm&r=g","contentUrl":"https:\/\/secure.gravatar.com\/avatar\/c8d8bb2f3db0c346fa38a8963d9ef085?s=96&d=mm&r=g","caption":"pedro"},"url":"https:\/\/www.itc-packaging.com\/blog\/author\/pedro\/"}]}},"_links":{"self":[{"href":"https:\/\/www.itc-packaging.com\/blog\/wp-json\/wp\/v2\/posts\/416"}],"collection":[{"href":"https:\/\/www.itc-packaging.com\/blog\/wp-json\/wp\/v2\/posts"}],"about":[{"href":"https:\/\/www.itc-packaging.com\/blog\/wp-json\/wp\/v2\/types\/post"}],"author":[{"embeddable":true,"href":"https:\/\/www.itc-packaging.com\/blog\/wp-json\/wp\/v2\/users\/2"}],"replies":[{"embeddable":true,"href":"https:\/\/www.itc-packaging.com\/blog\/wp-json\/wp\/v2\/comments?post=416"}],"version-history":[{"count":1,"href":"https:\/\/www.itc-packaging.com\/blog\/wp-json\/wp\/v2\/posts\/416\/revisions"}],"predecessor-version":[{"id":419,"href":"https:\/\/www.itc-packaging.com\/blog\/wp-json\/wp\/v2\/posts\/416\/revisions\/419"}],"wp:featuredmedia":[{"embeddable":true,"href":"https:\/\/www.itc-packaging.com\/blog\/wp-json\/wp\/v2\/media\/417"}],"wp:attachment":[{"href":"https:\/\/www.itc-packaging.com\/blog\/wp-json\/wp\/v2\/media?parent=416"}],"wp:term":[{"taxonomy":"category","embeddable":true,"href":"https:\/\/www.itc-packaging.com\/blog\/wp-json\/wp\/v2\/categories?post=416"},{"taxonomy":"post_tag","embeddable":true,"href":"https:\/\/www.itc-packaging.com\/blog\/wp-json\/wp\/v2\/tags?post=416"}],"curies":[{"name":"wp","href":"https:\/\/api.w.org\/{rel}","templated":true}]}}