{"id":438,"date":"2023-09-27T07:30:07","date_gmt":"2023-09-27T07:30:07","guid":{"rendered":"https:\/\/www.itc-packaging.com\/blog\/?p=438"},"modified":"2023-09-27T09:08:10","modified_gmt":"2023-09-27T09:08:10","slug":"el-grupo-itc-acomete-una-reestructuracion-organizativa-para-adaptarse-al-crecimiento-a-la-internacionalizacion-y-a-la-creacion-de-nuevas-lineas-de-negocio","status":"publish","type":"post","link":"https:\/\/www.itc-packaging.com\/blog\/el-grupo-itc-acomete-una-reestructuracion-organizativa-para-adaptarse-al-crecimiento-a-la-internacionalizacion-y-a-la-creacion-de-nuevas-lineas-de-negocio\/","title":{"rendered":"El Grupo ITC acomete una reestructuraci\u00f3n organizativa para adaptarse al crecimiento, a la internacionalizaci\u00f3n y a la creaci\u00f3n de nuevas l\u00edneas de negocio."},"content":{"rendered":"\n<p>Como consecuencia del proceso de&nbsp;<strong>crecimiento, internacionalizaci\u00f3n y diversificaci\u00f3n&nbsp;<\/strong>en sus nuevas l\u00edneas de negocio, el Grupo ITC ha acometido un importante proceso de restructuraci\u00f3n organizativa interna para poder ejecutar y llevar a cabo dicha estrategia.<\/p>\n\n\n\n<p>Esta estrategia de crecimiento y diversificaci\u00f3n se fundamenta en una apuesta decidida por la innovaci\u00f3n, mediante el desarrollo de nuevos productos, aplicaci\u00f3n de nuevos materiales, as\u00ed como en el desarrollo de nuevas tecnolog\u00edas como el termoformado que permitan ampliar la gama de productos que el Grupo ITC pueda ofrecer a sus clientes. Adem\u00e1s, se da impulso a la inversi\u00f3n en otros \u00e1mbitos, entre ellos el de servicios, con la adquisici\u00f3n y gesti\u00f3n de empresas en su fase de startup.<\/p>\n\n\n\n<p>Adicionalmente, el Grupo ITC impulsar\u00e1 su crecimiento internacional mediante la ampliaci\u00f3n a nuevos mercados. Ejemplo de esto es ITC&amp;Erum Packaging Solutions, joint venture reci\u00e9n constituida con Erum, que fabricar\u00e1 y comercializar\u00e1 envases de pl\u00e1stico para el sector de alimentaci\u00f3n, en una primera fase, en el mercado de Marruecos y norte de \u00c1frica. Con el objetivo de replicar la f\u00f3rmula en todos los pa\u00edses en los que Erum tiene plantas productivas.<\/p>\n\n\n\n<p>Para abordar dicho proceso, <strong>se ha nombrado como CEO de la Compa\u00f1\u00eda, a Rafael Brotons Baroja, <\/strong>antiguo Director General de Servicios (cargo que seguir\u00e1 desempe\u00f1ando de forma paralela y en colaboraci\u00f3n con <strong>\u00c1ngela Valls, nombrada adjunta a dicha Direcci\u00f3n de Servicios)<\/strong>.\u00a0<\/p>\n\n\n\n<p>Adem\u00e1s,&nbsp;se han creado tres Direcciones Generales: la Direcci\u00f3n General de Servicios; la Direcci\u00f3n General de Negocio y la Direcci\u00f3n General de Operaciones. Para el cargo de <strong>Director General de Operaciones se ha nombrado a Ra\u00fal Le\u00f3n<\/strong> (antiguo Director de Supply Chain del Grupo) y se ha nombrado a <strong>Alejandro Ortega<\/strong>, anterior Director de Unidad de negocio de PET, como <strong>Director General de Negocio del Grupo.<\/strong><\/p>\n\n\n\n<p><\/p>\n\n\n\n<figure class=\"wp-block-image size-full\"><img decoding=\"async\" loading=\"lazy\" width=\"1462\" height=\"346\" src=\"https:\/\/www.itc-packaging.com\/blog\/wp-content\/uploads\/2023\/09\/itc-reestructura-2.png\" alt=\"\" class=\"wp-image-447\"\/><\/figure>\n\n\n\n<p><\/p>\n\n\n\n<p>Tambi\u00e9n se ha nombrado a <strong>Jos\u00e9 Luis Olmedo<\/strong>, anteriormente Director General de ITC Packaging,&nbsp;como <strong>Director General de Nuevos Negocios,<\/strong> departamento encargado de la gesti\u00f3n de <strong>Telelavo, ITC&amp;Erum e ITC Crea<\/strong>,&nbsp;para potenciar y desarrollar tan importante cometido para el Grupo.<\/p>\n\n\n\n<p>Dentro de dicho proceso, se ha constituido adicionalmente, un <strong>Consejo Asesor<\/strong>, presidido por <strong>Rafael Valls Serrano y que tendr\u00e1 como Consejeros a Beatriz Valls, \u00c1ngela Valls, Estela Valls, Javier Gonz\u00e1lez, Jos\u00e9 Luis Olmedo y Rafael Brotons,<\/strong> con el fin de apoyar en la consolidaci\u00f3n de todo este proceso de crecimiento y diversificaci\u00f3n del Grupo.<\/p>\n","protected":false},"excerpt":{"rendered":"<p>Como consecuencia del proceso de&nbsp;crecimiento, internacionalizaci\u00f3n y diversificaci\u00f3n&nbsp;en sus nuevas l\u00edneas de negocio, el Grupo ITC ha acometido un importante proceso de restructuraci\u00f3n organizativa interna para poder ejecutar y llevar a cabo dicha estrategia. Esta estrategia de crecimiento y diversificaci\u00f3n se fundamenta en una apuesta decidida por la innovaci\u00f3n, mediante el desarrollo de nuevos productos, [&hellip;]<\/p>\n","protected":false},"author":2,"featured_media":277,"comment_status":"closed","ping_status":"closed","sticky":false,"template":"","format":"standard","meta":[],"categories":[3],"tags":[],"yoast_head":"<!-- This site is optimized with the Yoast SEO plugin v21.6 - https:\/\/yoast.com\/wordpress\/plugins\/seo\/ -->\r\n<title>El Grupo ITC acomete una reestructuraci\u00f3n organizativa para adaptarse al crecimiento, a la internacionalizaci\u00f3n y a la creaci\u00f3n de nuevas l\u00edneas de negocio. - ITC Noticias<\/title>\r\n<meta name=\"robots\" content=\"index, follow, max-snippet:-1, max-image-preview:large, max-video-preview:-1\" \/>\r\n<link rel=\"canonical\" href=\"https:\/\/www.itc-packaging.com\/blog\/el-grupo-itc-acomete-una-reestructuracion-organizativa-para-adaptarse-al-crecimiento-a-la-internacionalizacion-y-a-la-creacion-de-nuevas-lineas-de-negocio\/\" \/>\r\n<meta property=\"og:locale\" content=\"es_ES\" \/>\r\n<meta property=\"og:type\" content=\"article\" \/>\r\n<meta property=\"og:title\" content=\"El Grupo ITC acomete una reestructuraci\u00f3n organizativa para adaptarse al crecimiento, a la internacionalizaci\u00f3n y a la creaci\u00f3n de nuevas l\u00edneas de negocio. - ITC Noticias\" \/>\r\n<meta property=\"og:description\" content=\"Como consecuencia del proceso de&nbsp;crecimiento, internacionalizaci\u00f3n y diversificaci\u00f3n&nbsp;en sus nuevas l\u00edneas de negocio, el Grupo ITC ha acometido un importante proceso de restructuraci\u00f3n organizativa interna para poder ejecutar y llevar a cabo dicha estrategia. Esta estrategia de crecimiento y diversificaci\u00f3n se fundamenta en una apuesta decidida por la innovaci\u00f3n, mediante el desarrollo de nuevos productos, [&hellip;]\" \/>\r\n<meta property=\"og:url\" content=\"https:\/\/www.itc-packaging.com\/blog\/el-grupo-itc-acomete-una-reestructuracion-organizativa-para-adaptarse-al-crecimiento-a-la-internacionalizacion-y-a-la-creacion-de-nuevas-lineas-de-negocio\/\" \/>\r\n<meta property=\"og:site_name\" content=\"ITC Noticias\" \/>\r\n<meta property=\"article:publisher\" content=\"http:\/\/www.facebook.com\/ITCpackaging\" \/>\r\n<meta property=\"article:published_time\" content=\"2023-09-27T07:30:07+00:00\" \/>\r\n<meta property=\"article:modified_time\" content=\"2023-09-27T09:08:10+00:00\" \/>\r\n<meta property=\"og:image\" content=\"https:\/\/www.itc-packaging.com\/blog\/wp-content\/uploads\/2021\/12\/logotipo-color.png\" \/>\r\n\t<meta property=\"og:image:width\" content=\"250\" \/>\r\n\t<meta property=\"og:image:height\" content=\"102\" \/>\r\n\t<meta property=\"og:image:type\" content=\"image\/png\" \/>\r\n<meta name=\"author\" content=\"pedro\" \/>\r\n<meta name=\"twitter:card\" content=\"summary_large_image\" \/>\r\n<meta name=\"twitter:label1\" content=\"Escrito por\" \/>\n\t<meta name=\"twitter:data1\" content=\"pedro\" \/>\n\t<meta name=\"twitter:label2\" content=\"Tiempo de lectura\" \/>\n\t<meta name=\"twitter:data2\" content=\"2 minutos\" \/>\r\n<script type=\"application\/ld+json\" class=\"yoast-schema-graph\">{\"@context\":\"https:\/\/schema.org\",\"@graph\":[{\"@type\":\"Article\",\"@id\":\"https:\/\/www.itc-packaging.com\/blog\/el-grupo-itc-acomete-una-reestructuracion-organizativa-para-adaptarse-al-crecimiento-a-la-internacionalizacion-y-a-la-creacion-de-nuevas-lineas-de-negocio\/#article\",\"isPartOf\":{\"@id\":\"https:\/\/www.itc-packaging.com\/blog\/el-grupo-itc-acomete-una-reestructuracion-organizativa-para-adaptarse-al-crecimiento-a-la-internacionalizacion-y-a-la-creacion-de-nuevas-lineas-de-negocio\/\"},\"author\":{\"name\":\"pedro\",\"@id\":\"https:\/\/www.itc-packaging.com\/blog\/#\/schema\/person\/f946f1c7b1d67c8e0231e17bcae52525\"},\"headline\":\"El Grupo ITC acomete una reestructuraci\u00f3n organizativa para adaptarse al crecimiento, a la internacionalizaci\u00f3n y a la creaci\u00f3n de nuevas l\u00edneas de negocio.\",\"datePublished\":\"2023-09-27T07:30:07+00:00\",\"dateModified\":\"2023-09-27T09:08:10+00:00\",\"mainEntityOfPage\":{\"@id\":\"https:\/\/www.itc-packaging.com\/blog\/el-grupo-itc-acomete-una-reestructuracion-organizativa-para-adaptarse-al-crecimiento-a-la-internacionalizacion-y-a-la-creacion-de-nuevas-lineas-de-negocio\/\"},\"wordCount\":456,\"publisher\":{\"@id\":\"https:\/\/www.itc-packaging.com\/blog\/#organization\"},\"articleSection\":[\"Noticias corporativas\"],\"inLanguage\":\"es\"},{\"@type\":\"WebPage\",\"@id\":\"https:\/\/www.itc-packaging.com\/blog\/el-grupo-itc-acomete-una-reestructuracion-organizativa-para-adaptarse-al-crecimiento-a-la-internacionalizacion-y-a-la-creacion-de-nuevas-lineas-de-negocio\/\",\"url\":\"https:\/\/www.itc-packaging.com\/blog\/el-grupo-itc-acomete-una-reestructuracion-organizativa-para-adaptarse-al-crecimiento-a-la-internacionalizacion-y-a-la-creacion-de-nuevas-lineas-de-negocio\/\",\"name\":\"El Grupo ITC acomete una reestructuraci\u00f3n organizativa para adaptarse al crecimiento, a la internacionalizaci\u00f3n y a la creaci\u00f3n de nuevas l\u00edneas de negocio. - ITC Noticias\",\"isPartOf\":{\"@id\":\"https:\/\/www.itc-packaging.com\/blog\/#website\"},\"datePublished\":\"2023-09-27T07:30:07+00:00\",\"dateModified\":\"2023-09-27T09:08:10+00:00\",\"breadcrumb\":{\"@id\":\"https:\/\/www.itc-packaging.com\/blog\/el-grupo-itc-acomete-una-reestructuracion-organizativa-para-adaptarse-al-crecimiento-a-la-internacionalizacion-y-a-la-creacion-de-nuevas-lineas-de-negocio\/#breadcrumb\"},\"inLanguage\":\"es\",\"potentialAction\":[{\"@type\":\"ReadAction\",\"target\":[\"https:\/\/www.itc-packaging.com\/blog\/el-grupo-itc-acomete-una-reestructuracion-organizativa-para-adaptarse-al-crecimiento-a-la-internacionalizacion-y-a-la-creacion-de-nuevas-lineas-de-negocio\/\"]}]},{\"@type\":\"BreadcrumbList\",\"@id\":\"https:\/\/www.itc-packaging.com\/blog\/el-grupo-itc-acomete-una-reestructuracion-organizativa-para-adaptarse-al-crecimiento-a-la-internacionalizacion-y-a-la-creacion-de-nuevas-lineas-de-negocio\/#breadcrumb\",\"itemListElement\":[{\"@type\":\"ListItem\",\"position\":1,\"name\":\"Portada\",\"item\":\"https:\/\/www.itc-packaging.com\/blog\/\"},{\"@type\":\"ListItem\",\"position\":2,\"name\":\"El Grupo ITC acomete una reestructuraci\u00f3n organizativa para adaptarse al crecimiento, a la internacionalizaci\u00f3n y a la creaci\u00f3n de nuevas l\u00edneas de negocio.\"}]},{\"@type\":\"WebSite\",\"@id\":\"https:\/\/www.itc-packaging.com\/blog\/#website\",\"url\":\"https:\/\/www.itc-packaging.com\/blog\/\",\"name\":\"ITC Noticias\",\"description\":\"Fabricantes de envases para la industria alimentaria y cosm\u00e9tica\",\"publisher\":{\"@id\":\"https:\/\/www.itc-packaging.com\/blog\/#organization\"},\"potentialAction\":[{\"@type\":\"SearchAction\",\"target\":{\"@type\":\"EntryPoint\",\"urlTemplate\":\"https:\/\/www.itc-packaging.com\/blog\/?s={search_term_string}\"},\"query-input\":\"required name=search_term_string\"}],\"inLanguage\":\"es\"},{\"@type\":\"Organization\",\"@id\":\"https:\/\/www.itc-packaging.com\/blog\/#organization\",\"name\":\"ITC Packaging\",\"url\":\"https:\/\/www.itc-packaging.com\/blog\/\",\"logo\":{\"@type\":\"ImageObject\",\"inLanguage\":\"es\",\"@id\":\"https:\/\/www.itc-packaging.com\/blog\/#\/schema\/logo\/image\/\",\"url\":\"https:\/\/www.itc-packaging.com\/blog\/wp-content\/uploads\/2021\/12\/logotipo-color.png\",\"contentUrl\":\"https:\/\/www.itc-packaging.com\/blog\/wp-content\/uploads\/2021\/12\/logotipo-color.png\",\"width\":250,\"height\":102,\"caption\":\"ITC Packaging\"},\"image\":{\"@id\":\"https:\/\/www.itc-packaging.com\/blog\/#\/schema\/logo\/image\/\"},\"sameAs\":[\"http:\/\/www.facebook.com\/ITCpackaging\",\"https:\/\/www.instagram.com\/itcpackaging\/\",\"http:\/\/www.linkedin.com\/company\/2999203\",\"http:\/\/www.youtube.com\/channel\/UCPsvreju-YrdJYJLBnTljMQ\"]},{\"@type\":\"Person\",\"@id\":\"https:\/\/www.itc-packaging.com\/blog\/#\/schema\/person\/f946f1c7b1d67c8e0231e17bcae52525\",\"name\":\"pedro\",\"image\":{\"@type\":\"ImageObject\",\"inLanguage\":\"es\",\"@id\":\"https:\/\/www.itc-packaging.com\/blog\/#\/schema\/person\/image\/\",\"url\":\"https:\/\/secure.gravatar.com\/avatar\/c8d8bb2f3db0c346fa38a8963d9ef085?s=96&d=mm&r=g\",\"contentUrl\":\"https:\/\/secure.gravatar.com\/avatar\/c8d8bb2f3db0c346fa38a8963d9ef085?s=96&d=mm&r=g\",\"caption\":\"pedro\"},\"url\":\"https:\/\/www.itc-packaging.com\/blog\/author\/pedro\/\"}]}<\/script>\r\n<!-- \/ Yoast SEO plugin. -->","yoast_head_json":{"title":"El Grupo ITC acomete una reestructuraci\u00f3n organizativa para adaptarse al crecimiento, a la internacionalizaci\u00f3n y a la creaci\u00f3n de nuevas l\u00edneas de negocio. - ITC Noticias","robots":{"index":"index","follow":"follow","max-snippet":"max-snippet:-1","max-image-preview":"max-image-preview:large","max-video-preview":"max-video-preview:-1"},"canonical":"https:\/\/www.itc-packaging.com\/blog\/el-grupo-itc-acomete-una-reestructuracion-organizativa-para-adaptarse-al-crecimiento-a-la-internacionalizacion-y-a-la-creacion-de-nuevas-lineas-de-negocio\/","og_locale":"es_ES","og_type":"article","og_title":"El Grupo ITC acomete una reestructuraci\u00f3n organizativa para adaptarse al crecimiento, a la internacionalizaci\u00f3n y a la creaci\u00f3n de nuevas l\u00edneas de negocio. - ITC Noticias","og_description":"Como consecuencia del proceso de&nbsp;crecimiento, internacionalizaci\u00f3n y diversificaci\u00f3n&nbsp;en sus nuevas l\u00edneas de negocio, el Grupo ITC ha acometido un importante proceso de restructuraci\u00f3n organizativa interna para poder ejecutar y llevar a cabo dicha estrategia. Esta estrategia de crecimiento y diversificaci\u00f3n se fundamenta en una apuesta decidida por la innovaci\u00f3n, mediante el desarrollo de nuevos productos, [&hellip;]","og_url":"https:\/\/www.itc-packaging.com\/blog\/el-grupo-itc-acomete-una-reestructuracion-organizativa-para-adaptarse-al-crecimiento-a-la-internacionalizacion-y-a-la-creacion-de-nuevas-lineas-de-negocio\/","og_site_name":"ITC Noticias","article_publisher":"http:\/\/www.facebook.com\/ITCpackaging","article_published_time":"2023-09-27T07:30:07+00:00","article_modified_time":"2023-09-27T09:08:10+00:00","og_image":[{"width":250,"height":102,"url":"https:\/\/www.itc-packaging.com\/blog\/wp-content\/uploads\/2021\/12\/logotipo-color.png","type":"image\/png"}],"author":"pedro","twitter_card":"summary_large_image","twitter_misc":{"Escrito por":"pedro","Tiempo de lectura":"2 minutos"},"schema":{"@context":"https:\/\/schema.org","@graph":[{"@type":"Article","@id":"https:\/\/www.itc-packaging.com\/blog\/el-grupo-itc-acomete-una-reestructuracion-organizativa-para-adaptarse-al-crecimiento-a-la-internacionalizacion-y-a-la-creacion-de-nuevas-lineas-de-negocio\/#article","isPartOf":{"@id":"https:\/\/www.itc-packaging.com\/blog\/el-grupo-itc-acomete-una-reestructuracion-organizativa-para-adaptarse-al-crecimiento-a-la-internacionalizacion-y-a-la-creacion-de-nuevas-lineas-de-negocio\/"},"author":{"name":"pedro","@id":"https:\/\/www.itc-packaging.com\/blog\/#\/schema\/person\/f946f1c7b1d67c8e0231e17bcae52525"},"headline":"El Grupo ITC acomete una reestructuraci\u00f3n organizativa para adaptarse al crecimiento, a la internacionalizaci\u00f3n y a la creaci\u00f3n de nuevas l\u00edneas de negocio.","datePublished":"2023-09-27T07:30:07+00:00","dateModified":"2023-09-27T09:08:10+00:00","mainEntityOfPage":{"@id":"https:\/\/www.itc-packaging.com\/blog\/el-grupo-itc-acomete-una-reestructuracion-organizativa-para-adaptarse-al-crecimiento-a-la-internacionalizacion-y-a-la-creacion-de-nuevas-lineas-de-negocio\/"},"wordCount":456,"publisher":{"@id":"https:\/\/www.itc-packaging.com\/blog\/#organization"},"articleSection":["Noticias corporativas"],"inLanguage":"es"},{"@type":"WebPage","@id":"https:\/\/www.itc-packaging.com\/blog\/el-grupo-itc-acomete-una-reestructuracion-organizativa-para-adaptarse-al-crecimiento-a-la-internacionalizacion-y-a-la-creacion-de-nuevas-lineas-de-negocio\/","url":"https:\/\/www.itc-packaging.com\/blog\/el-grupo-itc-acomete-una-reestructuracion-organizativa-para-adaptarse-al-crecimiento-a-la-internacionalizacion-y-a-la-creacion-de-nuevas-lineas-de-negocio\/","name":"El Grupo ITC acomete una reestructuraci\u00f3n organizativa para adaptarse al crecimiento, a la internacionalizaci\u00f3n y a la creaci\u00f3n de nuevas l\u00edneas de negocio. - ITC Noticias","isPartOf":{"@id":"https:\/\/www.itc-packaging.com\/blog\/#website"},"datePublished":"2023-09-27T07:30:07+00:00","dateModified":"2023-09-27T09:08:10+00:00","breadcrumb":{"@id":"https:\/\/www.itc-packaging.com\/blog\/el-grupo-itc-acomete-una-reestructuracion-organizativa-para-adaptarse-al-crecimiento-a-la-internacionalizacion-y-a-la-creacion-de-nuevas-lineas-de-negocio\/#breadcrumb"},"inLanguage":"es","potentialAction":[{"@type":"ReadAction","target":["https:\/\/www.itc-packaging.com\/blog\/el-grupo-itc-acomete-una-reestructuracion-organizativa-para-adaptarse-al-crecimiento-a-la-internacionalizacion-y-a-la-creacion-de-nuevas-lineas-de-negocio\/"]}]},{"@type":"BreadcrumbList","@id":"https:\/\/www.itc-packaging.com\/blog\/el-grupo-itc-acomete-una-reestructuracion-organizativa-para-adaptarse-al-crecimiento-a-la-internacionalizacion-y-a-la-creacion-de-nuevas-lineas-de-negocio\/#breadcrumb","itemListElement":[{"@type":"ListItem","position":1,"name":"Portada","item":"https:\/\/www.itc-packaging.com\/blog\/"},{"@type":"ListItem","position":2,"name":"El Grupo ITC acomete una reestructuraci\u00f3n organizativa para adaptarse al crecimiento, a la internacionalizaci\u00f3n y a la creaci\u00f3n de nuevas l\u00edneas de negocio."}]},{"@type":"WebSite","@id":"https:\/\/www.itc-packaging.com\/blog\/#website","url":"https:\/\/www.itc-packaging.com\/blog\/","name":"ITC Noticias","description":"Fabricantes de envases para la industria alimentaria y cosm\u00e9tica","publisher":{"@id":"https:\/\/www.itc-packaging.com\/blog\/#organization"},"potentialAction":[{"@type":"SearchAction","target":{"@type":"EntryPoint","urlTemplate":"https:\/\/www.itc-packaging.com\/blog\/?s={search_term_string}"},"query-input":"required name=search_term_string"}],"inLanguage":"es"},{"@type":"Organization","@id":"https:\/\/www.itc-packaging.com\/blog\/#organization","name":"ITC Packaging","url":"https:\/\/www.itc-packaging.com\/blog\/","logo":{"@type":"ImageObject","inLanguage":"es","@id":"https:\/\/www.itc-packaging.com\/blog\/#\/schema\/logo\/image\/","url":"https:\/\/www.itc-packaging.com\/blog\/wp-content\/uploads\/2021\/12\/logotipo-color.png","contentUrl":"https:\/\/www.itc-packaging.com\/blog\/wp-content\/uploads\/2021\/12\/logotipo-color.png","width":250,"height":102,"caption":"ITC Packaging"},"image":{"@id":"https:\/\/www.itc-packaging.com\/blog\/#\/schema\/logo\/image\/"},"sameAs":["http:\/\/www.facebook.com\/ITCpackaging","https:\/\/www.instagram.com\/itcpackaging\/","http:\/\/www.linkedin.com\/company\/2999203","http:\/\/www.youtube.com\/channel\/UCPsvreju-YrdJYJLBnTljMQ"]},{"@type":"Person","@id":"https:\/\/www.itc-packaging.com\/blog\/#\/schema\/person\/f946f1c7b1d67c8e0231e17bcae52525","name":"pedro","image":{"@type":"ImageObject","inLanguage":"es","@id":"https:\/\/www.itc-packaging.com\/blog\/#\/schema\/person\/image\/","url":"https:\/\/secure.gravatar.com\/avatar\/c8d8bb2f3db0c346fa38a8963d9ef085?s=96&d=mm&r=g","contentUrl":"https:\/\/secure.gravatar.com\/avatar\/c8d8bb2f3db0c346fa38a8963d9ef085?s=96&d=mm&r=g","caption":"pedro"},"url":"https:\/\/www.itc-packaging.com\/blog\/author\/pedro\/"}]}},"_links":{"self":[{"href":"https:\/\/www.itc-packaging.com\/blog\/wp-json\/wp\/v2\/posts\/438"}],"collection":[{"href":"https:\/\/www.itc-packaging.com\/blog\/wp-json\/wp\/v2\/posts"}],"about":[{"href":"https:\/\/www.itc-packaging.com\/blog\/wp-json\/wp\/v2\/types\/post"}],"author":[{"embeddable":true,"href":"https:\/\/www.itc-packaging.com\/blog\/wp-json\/wp\/v2\/users\/2"}],"replies":[{"embeddable":true,"href":"https:\/\/www.itc-packaging.com\/blog\/wp-json\/wp\/v2\/comments?post=438"}],"version-history":[{"count":6,"href":"https:\/\/www.itc-packaging.com\/blog\/wp-json\/wp\/v2\/posts\/438\/revisions"}],"predecessor-version":[{"id":450,"href":"https:\/\/www.itc-packaging.com\/blog\/wp-json\/wp\/v2\/posts\/438\/revisions\/450"}],"wp:featuredmedia":[{"embeddable":true,"href":"https:\/\/www.itc-packaging.com\/blog\/wp-json\/wp\/v2\/media\/277"}],"wp:attachment":[{"href":"https:\/\/www.itc-packaging.com\/blog\/wp-json\/wp\/v2\/media?parent=438"}],"wp:term":[{"taxonomy":"category","embeddable":true,"href":"https:\/\/www.itc-packaging.com\/blog\/wp-json\/wp\/v2\/categories?post=438"},{"taxonomy":"post_tag","embeddable":true,"href":"https:\/\/www.itc-packaging.com\/blog\/wp-json\/wp\/v2\/tags?post=438"}],"curies":[{"name":"wp","href":"https:\/\/api.w.org\/{rel}","templated":true}]}}