{"id":502,"date":"2024-04-18T15:50:48","date_gmt":"2024-04-18T15:50:48","guid":{"rendered":"https:\/\/www.itc-packaging.com\/blog\/?p=502"},"modified":"2024-04-18T15:50:51","modified_gmt":"2024-04-18T15:50:51","slug":"itc-packaging-presentara-sus-nuevas-soluciones-de-packaging-en-hispack-bajo-el-claim-reuse-reduce-rethink-and-recycle","status":"publish","type":"post","link":"https:\/\/www.itc-packaging.com\/blog\/itc-packaging-presentara-sus-nuevas-soluciones-de-packaging-en-hispack-bajo-el-claim-reuse-reduce-rethink-and-recycle\/","title":{"rendered":"ITC Packaging presentar\u00e1 sus nuevas soluciones de packaging en Hispack bajo el claim: Reuse, Reduce, Rethink and Recycle."},"content":{"rendered":"\n<p><em>ITC, referente en el mercado del packaging espa\u00f1ol, estar\u00e1 presente en la pr\u00f3xima edici\u00f3n de la feria Hispack de Barcelona, en la que presentar\u00e1 sus nuevas soluciones de envases basadas en la reutilizaci\u00f3n, reciclado y reducci\u00f3n. As\u00ed mismo, contin\u00faan trabajando en su porfolio de productos ofreciendo soluciones cada vez m\u00e1s sostenibles y reinventando las que ya formaban parte del mismo.<\/em><\/p>\n\n\n\n<p>La presentaci\u00f3n de estas nuevas soluciones circulares, basadas en la reducci\u00f3n de materia prima o el empleo de materiales alternativos, tendr\u00e1 lugar en Hispack, principal evento del sector del envase que tendr\u00e1 lugar entre el 7 y el 10 de Mayo en Fira Barcelona. Con la incorporaci\u00f3n de estas innovaciones a su cat\u00e1logo, ITC ampliar\u00e1 significativamente su gama de productos y reforzar\u00e1 su posicionamiento como fabricante de soluciones globales de packaging.<\/p>\n\n\n\n<p>El equipo de innovaci\u00f3n de ITC ha trabajado en torno a cuatro conceptos; Reduce, Reuse, Recycle y Rethink. En t\u00e9rminos de reducci\u00f3n, ITC Packaging presentar\u00e1 <strong>Reduce Pack<\/strong> una innovadora soluci\u00f3n que sustituye las paredes de los envases por una etiqueta, principalmente de cart\u00f3n, que permite reducir hasta un 58% la cantidad de pl\u00e1stico empleada. Los envases Reduce pack son aptos para productos no alimenticios secos, productos alimenticios secos y productos alimenticios h\u00famedos.<\/p>\n\n\n\n<p>En torno a la reutilizaci\u00f3n, la familia <strong>Smart Pack<\/strong> se presenta como una soluci\u00f3n global que permitir\u00e1 la reutilizaci\u00f3n de envases en circuitos cerrados gracias al uso de etiquetas RFID o NFC que permiten la trazabilidad de los envases para su reutilizaci\u00f3n o rellenado.<\/p>\n\n\n\n<p>ITC presentar\u00e1 tambi\u00e9n sus materiales reciclados y circulares, ofreciendo la posibilidad de fabricar envases con PP y PET reciclados aptos para uso alimentario y no alimentario. La gama de envases sostenibles se ver\u00e1 completada con la gama de envases compostables y biobasados que mejoran tanto la valorizaci\u00f3n como la huella de carbono del packaging.<\/p>\n\n\n\n<p>Por \u00faltimo, Rethink engloba los desarrollos del equipo de innovaci\u00f3n de ITC que replantean el concepto de envase. Soluciones como <strong>TWI-PET<\/strong>, envases de pared fina fabricados mediante la inyecci\u00f3n de PET que ofrecen una transparencia y flexibilidad inigualable en el mercado o <strong>Combi Cup<\/strong>, un concepto de vaso termoformado con faja de cart\u00f3n, f\u00e1cilmente separable, que ser\u00e1 uno de los primeros proyectos desarrollados por la compa\u00f1\u00eda en el campo del termoformado.<\/p>\n\n\n\n<p>ITC Packaging se muestra entusiasmado por su asistencia a esta feria que le va a permitir presentar todas estas nuevas soluciones de packaging a sus clientes y visitantes. En palabras de Ra\u00fal Le\u00f3n, Director general del \u00e1rea de operaciones de ITC Packaging: \u201ccreemos que el futuro pasa por un packaging cada vez m\u00e1s responsable, m\u00e1s eficiente y ecodise\u00f1ado. Estamos comprometidos con la innovaci\u00f3n y con el servicio a nuestros clientes y eso nos hace seguir trabajando para conseguir el envase del ma\u00f1ana\u201d.<\/p>\n\n\n\n<figure class=\"wp-block-image\"><img alt=\"\"\/><\/figure>\n","protected":false},"excerpt":{"rendered":"<p>ITC, referente en el mercado del packaging espa\u00f1ol, estar\u00e1 presente en la pr\u00f3xima edici\u00f3n de la feria Hispack de Barcelona, en la que presentar\u00e1 sus nuevas soluciones de envases basadas en la reutilizaci\u00f3n, reciclado y reducci\u00f3n. As\u00ed mismo, contin\u00faan trabajando en su porfolio de productos ofreciendo soluciones cada vez m\u00e1s sostenibles y reinventando las que [&hellip;]<\/p>\n","protected":false},"author":2,"featured_media":504,"comment_status":"closed","ping_status":"closed","sticky":false,"template":"","format":"standard","meta":[],"categories":[1,21,22,5,11,20,18,19,14,10],"tags":[31,38,37,35,24,29],"yoast_head":"<!-- This site is optimized with the Yoast SEO plugin v21.6 - https:\/\/yoast.com\/wordpress\/plugins\/seo\/ -->\r\n<title>ITC Packaging presentar\u00e1 sus nuevas soluciones de packaging en Hispack bajo el claim: Reuse, Reduce, Rethink and Recycle. - ITC Noticias<\/title>\r\n<meta name=\"robots\" content=\"index, follow, max-snippet:-1, max-image-preview:large, max-video-preview:-1\" \/>\r\n<link rel=\"canonical\" href=\"https:\/\/www.itc-packaging.com\/blog\/itc-packaging-presentara-sus-nuevas-soluciones-de-packaging-en-hispack-bajo-el-claim-reuse-reduce-rethink-and-recycle\/\" \/>\r\n<meta property=\"og:locale\" content=\"es_ES\" \/>\r\n<meta property=\"og:type\" content=\"article\" \/>\r\n<meta property=\"og:title\" content=\"ITC Packaging presentar\u00e1 sus nuevas soluciones de packaging en Hispack bajo el claim: Reuse, Reduce, Rethink and Recycle. - ITC Noticias\" \/>\r\n<meta property=\"og:description\" content=\"ITC, referente en el mercado del packaging espa\u00f1ol, estar\u00e1 presente en la pr\u00f3xima edici\u00f3n de la feria Hispack de Barcelona, en la que presentar\u00e1 sus nuevas soluciones de envases basadas en la reutilizaci\u00f3n, reciclado y reducci\u00f3n. As\u00ed mismo, contin\u00faan trabajando en su porfolio de productos ofreciendo soluciones cada vez m\u00e1s sostenibles y reinventando las que [&hellip;]\" \/>\r\n<meta property=\"og:url\" content=\"https:\/\/www.itc-packaging.com\/blog\/itc-packaging-presentara-sus-nuevas-soluciones-de-packaging-en-hispack-bajo-el-claim-reuse-reduce-rethink-and-recycle\/\" \/>\r\n<meta property=\"og:site_name\" content=\"ITC Noticias\" \/>\r\n<meta property=\"article:publisher\" content=\"http:\/\/www.facebook.com\/ITCpackaging\" \/>\r\n<meta property=\"article:published_time\" content=\"2024-04-18T15:50:48+00:00\" \/>\r\n<meta property=\"article:modified_time\" content=\"2024-04-18T15:50:51+00:00\" \/>\r\n<meta property=\"og:image\" content=\"https:\/\/www.itc-packaging.com\/blog\/wp-content\/uploads\/2024\/01\/Mailing-imagen-hispack-ITCpng.gif\" \/>\r\n\t<meta property=\"og:image:width\" content=\"1920\" \/>\r\n\t<meta property=\"og:image:height\" content=\"914\" \/>\r\n\t<meta property=\"og:image:type\" content=\"image\/gif\" \/>\r\n<meta name=\"author\" content=\"pedro\" \/>\r\n<meta name=\"twitter:card\" content=\"summary_large_image\" \/>\r\n<meta name=\"twitter:label1\" content=\"Escrito por\" \/>\n\t<meta name=\"twitter:data1\" content=\"pedro\" \/>\n\t<meta name=\"twitter:label2\" content=\"Tiempo de lectura\" \/>\n\t<meta name=\"twitter:data2\" content=\"3 minutos\" \/>\r\n<script type=\"application\/ld+json\" class=\"yoast-schema-graph\">{\"@context\":\"https:\/\/schema.org\",\"@graph\":[{\"@type\":\"Article\",\"@id\":\"https:\/\/www.itc-packaging.com\/blog\/itc-packaging-presentara-sus-nuevas-soluciones-de-packaging-en-hispack-bajo-el-claim-reuse-reduce-rethink-and-recycle\/#article\",\"isPartOf\":{\"@id\":\"https:\/\/www.itc-packaging.com\/blog\/itc-packaging-presentara-sus-nuevas-soluciones-de-packaging-en-hispack-bajo-el-claim-reuse-reduce-rethink-and-recycle\/\"},\"author\":{\"name\":\"pedro\",\"@id\":\"https:\/\/www.itc-packaging.com\/blog\/#\/schema\/person\/f946f1c7b1d67c8e0231e17bcae52525\"},\"headline\":\"ITC Packaging presentar\u00e1 sus nuevas soluciones de packaging en Hispack bajo el claim: Reuse, Reduce, Rethink and Recycle.\",\"datePublished\":\"2024-04-18T15:50:48+00:00\",\"dateModified\":\"2024-04-18T15:50:51+00:00\",\"mainEntityOfPage\":{\"@id\":\"https:\/\/www.itc-packaging.com\/blog\/itc-packaging-presentara-sus-nuevas-soluciones-de-packaging-en-hispack-bajo-el-claim-reuse-reduce-rethink-and-recycle\/\"},\"wordCount\":505,\"publisher\":{\"@id\":\"https:\/\/www.itc-packaging.com\/blog\/#organization\"},\"keywords\":[\"envase\",\"envases biobasados\",\"envases compostables\",\"innovaci\u00f3n\",\"packaging\",\"sostenibilidad\"],\"articleSection\":[\"Apariciones en prensa\",\"Biobasado\",\"Compostable\",\"Envases a Medida\",\"Innovaci\u00f3n\",\"rPET\",\"rPP - Grado Alimentario\",\"rPP - Grado Non Food\",\"Soluciones\",\"Sostenibilidad\"],\"inLanguage\":\"es\"},{\"@type\":\"WebPage\",\"@id\":\"https:\/\/www.itc-packaging.com\/blog\/itc-packaging-presentara-sus-nuevas-soluciones-de-packaging-en-hispack-bajo-el-claim-reuse-reduce-rethink-and-recycle\/\",\"url\":\"https:\/\/www.itc-packaging.com\/blog\/itc-packaging-presentara-sus-nuevas-soluciones-de-packaging-en-hispack-bajo-el-claim-reuse-reduce-rethink-and-recycle\/\",\"name\":\"ITC Packaging presentar\u00e1 sus nuevas soluciones de packaging en Hispack bajo el claim: Reuse, Reduce, Rethink and Recycle. - ITC Noticias\",\"isPartOf\":{\"@id\":\"https:\/\/www.itc-packaging.com\/blog\/#website\"},\"datePublished\":\"2024-04-18T15:50:48+00:00\",\"dateModified\":\"2024-04-18T15:50:51+00:00\",\"breadcrumb\":{\"@id\":\"https:\/\/www.itc-packaging.com\/blog\/itc-packaging-presentara-sus-nuevas-soluciones-de-packaging-en-hispack-bajo-el-claim-reuse-reduce-rethink-and-recycle\/#breadcrumb\"},\"inLanguage\":\"es\",\"potentialAction\":[{\"@type\":\"ReadAction\",\"target\":[\"https:\/\/www.itc-packaging.com\/blog\/itc-packaging-presentara-sus-nuevas-soluciones-de-packaging-en-hispack-bajo-el-claim-reuse-reduce-rethink-and-recycle\/\"]}]},{\"@type\":\"BreadcrumbList\",\"@id\":\"https:\/\/www.itc-packaging.com\/blog\/itc-packaging-presentara-sus-nuevas-soluciones-de-packaging-en-hispack-bajo-el-claim-reuse-reduce-rethink-and-recycle\/#breadcrumb\",\"itemListElement\":[{\"@type\":\"ListItem\",\"position\":1,\"name\":\"Portada\",\"item\":\"https:\/\/www.itc-packaging.com\/blog\/\"},{\"@type\":\"ListItem\",\"position\":2,\"name\":\"ITC Packaging presentar\u00e1 sus nuevas soluciones de packaging en Hispack bajo el claim: Reuse, Reduce, Rethink and Recycle.\"}]},{\"@type\":\"WebSite\",\"@id\":\"https:\/\/www.itc-packaging.com\/blog\/#website\",\"url\":\"https:\/\/www.itc-packaging.com\/blog\/\",\"name\":\"ITC Noticias\",\"description\":\"Fabricantes de envases para la industria alimentaria y cosm\u00e9tica\",\"publisher\":{\"@id\":\"https:\/\/www.itc-packaging.com\/blog\/#organization\"},\"potentialAction\":[{\"@type\":\"SearchAction\",\"target\":{\"@type\":\"EntryPoint\",\"urlTemplate\":\"https:\/\/www.itc-packaging.com\/blog\/?s={search_term_string}\"},\"query-input\":\"required name=search_term_string\"}],\"inLanguage\":\"es\"},{\"@type\":\"Organization\",\"@id\":\"https:\/\/www.itc-packaging.com\/blog\/#organization\",\"name\":\"ITC Packaging\",\"url\":\"https:\/\/www.itc-packaging.com\/blog\/\",\"logo\":{\"@type\":\"ImageObject\",\"inLanguage\":\"es\",\"@id\":\"https:\/\/www.itc-packaging.com\/blog\/#\/schema\/logo\/image\/\",\"url\":\"https:\/\/www.itc-packaging.com\/blog\/wp-content\/uploads\/2021\/12\/logotipo-color.png\",\"contentUrl\":\"https:\/\/www.itc-packaging.com\/blog\/wp-content\/uploads\/2021\/12\/logotipo-color.png\",\"width\":250,\"height\":102,\"caption\":\"ITC Packaging\"},\"image\":{\"@id\":\"https:\/\/www.itc-packaging.com\/blog\/#\/schema\/logo\/image\/\"},\"sameAs\":[\"http:\/\/www.facebook.com\/ITCpackaging\",\"https:\/\/www.instagram.com\/itcpackaging\/\",\"http:\/\/www.linkedin.com\/company\/2999203\",\"http:\/\/www.youtube.com\/channel\/UCPsvreju-YrdJYJLBnTljMQ\"]},{\"@type\":\"Person\",\"@id\":\"https:\/\/www.itc-packaging.com\/blog\/#\/schema\/person\/f946f1c7b1d67c8e0231e17bcae52525\",\"name\":\"pedro\",\"image\":{\"@type\":\"ImageObject\",\"inLanguage\":\"es\",\"@id\":\"https:\/\/www.itc-packaging.com\/blog\/#\/schema\/person\/image\/\",\"url\":\"https:\/\/secure.gravatar.com\/avatar\/c8d8bb2f3db0c346fa38a8963d9ef085?s=96&d=mm&r=g\",\"contentUrl\":\"https:\/\/secure.gravatar.com\/avatar\/c8d8bb2f3db0c346fa38a8963d9ef085?s=96&d=mm&r=g\",\"caption\":\"pedro\"},\"url\":\"https:\/\/www.itc-packaging.com\/blog\/author\/pedro\/\"}]}<\/script>\r\n<!-- \/ Yoast SEO plugin. -->","yoast_head_json":{"title":"ITC Packaging presentar\u00e1 sus nuevas soluciones de packaging en Hispack bajo el claim: Reuse, Reduce, Rethink and Recycle. - ITC Noticias","robots":{"index":"index","follow":"follow","max-snippet":"max-snippet:-1","max-image-preview":"max-image-preview:large","max-video-preview":"max-video-preview:-1"},"canonical":"https:\/\/www.itc-packaging.com\/blog\/itc-packaging-presentara-sus-nuevas-soluciones-de-packaging-en-hispack-bajo-el-claim-reuse-reduce-rethink-and-recycle\/","og_locale":"es_ES","og_type":"article","og_title":"ITC Packaging presentar\u00e1 sus nuevas soluciones de packaging en Hispack bajo el claim: Reuse, Reduce, Rethink and Recycle. - ITC Noticias","og_description":"ITC, referente en el mercado del packaging espa\u00f1ol, estar\u00e1 presente en la pr\u00f3xima edici\u00f3n de la feria Hispack de Barcelona, en la que presentar\u00e1 sus nuevas soluciones de envases basadas en la reutilizaci\u00f3n, reciclado y reducci\u00f3n. As\u00ed mismo, contin\u00faan trabajando en su porfolio de productos ofreciendo soluciones cada vez m\u00e1s sostenibles y reinventando las que [&hellip;]","og_url":"https:\/\/www.itc-packaging.com\/blog\/itc-packaging-presentara-sus-nuevas-soluciones-de-packaging-en-hispack-bajo-el-claim-reuse-reduce-rethink-and-recycle\/","og_site_name":"ITC Noticias","article_publisher":"http:\/\/www.facebook.com\/ITCpackaging","article_published_time":"2024-04-18T15:50:48+00:00","article_modified_time":"2024-04-18T15:50:51+00:00","og_image":[{"width":1920,"height":914,"url":"https:\/\/www.itc-packaging.com\/blog\/wp-content\/uploads\/2024\/01\/Mailing-imagen-hispack-ITCpng.gif","type":"image\/gif"}],"author":"pedro","twitter_card":"summary_large_image","twitter_misc":{"Escrito por":"pedro","Tiempo de lectura":"3 minutos"},"schema":{"@context":"https:\/\/schema.org","@graph":[{"@type":"Article","@id":"https:\/\/www.itc-packaging.com\/blog\/itc-packaging-presentara-sus-nuevas-soluciones-de-packaging-en-hispack-bajo-el-claim-reuse-reduce-rethink-and-recycle\/#article","isPartOf":{"@id":"https:\/\/www.itc-packaging.com\/blog\/itc-packaging-presentara-sus-nuevas-soluciones-de-packaging-en-hispack-bajo-el-claim-reuse-reduce-rethink-and-recycle\/"},"author":{"name":"pedro","@id":"https:\/\/www.itc-packaging.com\/blog\/#\/schema\/person\/f946f1c7b1d67c8e0231e17bcae52525"},"headline":"ITC Packaging presentar\u00e1 sus nuevas soluciones de packaging en Hispack bajo el claim: Reuse, Reduce, Rethink and Recycle.","datePublished":"2024-04-18T15:50:48+00:00","dateModified":"2024-04-18T15:50:51+00:00","mainEntityOfPage":{"@id":"https:\/\/www.itc-packaging.com\/blog\/itc-packaging-presentara-sus-nuevas-soluciones-de-packaging-en-hispack-bajo-el-claim-reuse-reduce-rethink-and-recycle\/"},"wordCount":505,"publisher":{"@id":"https:\/\/www.itc-packaging.com\/blog\/#organization"},"keywords":["envase","envases biobasados","envases compostables","innovaci\u00f3n","packaging","sostenibilidad"],"articleSection":["Apariciones en prensa","Biobasado","Compostable","Envases a Medida","Innovaci\u00f3n","rPET","rPP - Grado Alimentario","rPP - Grado Non Food","Soluciones","Sostenibilidad"],"inLanguage":"es"},{"@type":"WebPage","@id":"https:\/\/www.itc-packaging.com\/blog\/itc-packaging-presentara-sus-nuevas-soluciones-de-packaging-en-hispack-bajo-el-claim-reuse-reduce-rethink-and-recycle\/","url":"https:\/\/www.itc-packaging.com\/blog\/itc-packaging-presentara-sus-nuevas-soluciones-de-packaging-en-hispack-bajo-el-claim-reuse-reduce-rethink-and-recycle\/","name":"ITC Packaging presentar\u00e1 sus nuevas soluciones de packaging en Hispack bajo el claim: Reuse, Reduce, Rethink and Recycle. - ITC Noticias","isPartOf":{"@id":"https:\/\/www.itc-packaging.com\/blog\/#website"},"datePublished":"2024-04-18T15:50:48+00:00","dateModified":"2024-04-18T15:50:51+00:00","breadcrumb":{"@id":"https:\/\/www.itc-packaging.com\/blog\/itc-packaging-presentara-sus-nuevas-soluciones-de-packaging-en-hispack-bajo-el-claim-reuse-reduce-rethink-and-recycle\/#breadcrumb"},"inLanguage":"es","potentialAction":[{"@type":"ReadAction","target":["https:\/\/www.itc-packaging.com\/blog\/itc-packaging-presentara-sus-nuevas-soluciones-de-packaging-en-hispack-bajo-el-claim-reuse-reduce-rethink-and-recycle\/"]}]},{"@type":"BreadcrumbList","@id":"https:\/\/www.itc-packaging.com\/blog\/itc-packaging-presentara-sus-nuevas-soluciones-de-packaging-en-hispack-bajo-el-claim-reuse-reduce-rethink-and-recycle\/#breadcrumb","itemListElement":[{"@type":"ListItem","position":1,"name":"Portada","item":"https:\/\/www.itc-packaging.com\/blog\/"},{"@type":"ListItem","position":2,"name":"ITC Packaging presentar\u00e1 sus nuevas soluciones de packaging en Hispack bajo el claim: Reuse, Reduce, Rethink and Recycle."}]},{"@type":"WebSite","@id":"https:\/\/www.itc-packaging.com\/blog\/#website","url":"https:\/\/www.itc-packaging.com\/blog\/","name":"ITC Noticias","description":"Fabricantes de envases para la industria alimentaria y cosm\u00e9tica","publisher":{"@id":"https:\/\/www.itc-packaging.com\/blog\/#organization"},"potentialAction":[{"@type":"SearchAction","target":{"@type":"EntryPoint","urlTemplate":"https:\/\/www.itc-packaging.com\/blog\/?s={search_term_string}"},"query-input":"required name=search_term_string"}],"inLanguage":"es"},{"@type":"Organization","@id":"https:\/\/www.itc-packaging.com\/blog\/#organization","name":"ITC Packaging","url":"https:\/\/www.itc-packaging.com\/blog\/","logo":{"@type":"ImageObject","inLanguage":"es","@id":"https:\/\/www.itc-packaging.com\/blog\/#\/schema\/logo\/image\/","url":"https:\/\/www.itc-packaging.com\/blog\/wp-content\/uploads\/2021\/12\/logotipo-color.png","contentUrl":"https:\/\/www.itc-packaging.com\/blog\/wp-content\/uploads\/2021\/12\/logotipo-color.png","width":250,"height":102,"caption":"ITC Packaging"},"image":{"@id":"https:\/\/www.itc-packaging.com\/blog\/#\/schema\/logo\/image\/"},"sameAs":["http:\/\/www.facebook.com\/ITCpackaging","https:\/\/www.instagram.com\/itcpackaging\/","http:\/\/www.linkedin.com\/company\/2999203","http:\/\/www.youtube.com\/channel\/UCPsvreju-YrdJYJLBnTljMQ"]},{"@type":"Person","@id":"https:\/\/www.itc-packaging.com\/blog\/#\/schema\/person\/f946f1c7b1d67c8e0231e17bcae52525","name":"pedro","image":{"@type":"ImageObject","inLanguage":"es","@id":"https:\/\/www.itc-packaging.com\/blog\/#\/schema\/person\/image\/","url":"https:\/\/secure.gravatar.com\/avatar\/c8d8bb2f3db0c346fa38a8963d9ef085?s=96&d=mm&r=g","contentUrl":"https:\/\/secure.gravatar.com\/avatar\/c8d8bb2f3db0c346fa38a8963d9ef085?s=96&d=mm&r=g","caption":"pedro"},"url":"https:\/\/www.itc-packaging.com\/blog\/author\/pedro\/"}]}},"_links":{"self":[{"href":"https:\/\/www.itc-packaging.com\/blog\/wp-json\/wp\/v2\/posts\/502"}],"collection":[{"href":"https:\/\/www.itc-packaging.com\/blog\/wp-json\/wp\/v2\/posts"}],"about":[{"href":"https:\/\/www.itc-packaging.com\/blog\/wp-json\/wp\/v2\/types\/post"}],"author":[{"embeddable":true,"href":"https:\/\/www.itc-packaging.com\/blog\/wp-json\/wp\/v2\/users\/2"}],"replies":[{"embeddable":true,"href":"https:\/\/www.itc-packaging.com\/blog\/wp-json\/wp\/v2\/comments?post=502"}],"version-history":[{"count":1,"href":"https:\/\/www.itc-packaging.com\/blog\/wp-json\/wp\/v2\/posts\/502\/revisions"}],"predecessor-version":[{"id":503,"href":"https:\/\/www.itc-packaging.com\/blog\/wp-json\/wp\/v2\/posts\/502\/revisions\/503"}],"wp:featuredmedia":[{"embeddable":true,"href":"https:\/\/www.itc-packaging.com\/blog\/wp-json\/wp\/v2\/media\/504"}],"wp:attachment":[{"href":"https:\/\/www.itc-packaging.com\/blog\/wp-json\/wp\/v2\/media?parent=502"}],"wp:term":[{"taxonomy":"category","embeddable":true,"href":"https:\/\/www.itc-packaging.com\/blog\/wp-json\/wp\/v2\/categories?post=502"},{"taxonomy":"post_tag","embeddable":true,"href":"https:\/\/www.itc-packaging.com\/blog\/wp-json\/wp\/v2\/tags?post=502"}],"curies":[{"name":"wp","href":"https:\/\/api.w.org\/{rel}","templated":true}]}}