{"id":511,"date":"2024-07-10T16:39:41","date_gmt":"2024-07-10T16:39:41","guid":{"rendered":"https:\/\/www.itc-packaging.com\/blog\/?p=511"},"modified":"2024-10-08T11:31:43","modified_gmt":"2024-10-08T11:31:43","slug":"carmencita-confia-en-itc-para-el-lanzamiento-de-su-nuevo-envase-de-pimenton","status":"publish","type":"post","link":"https:\/\/www.itc-packaging.com\/blog\/carmencita-confia-en-itc-para-el-lanzamiento-de-su-nuevo-envase-de-pimenton\/","title":{"rendered":"Carmencita conf\u00eda en ITC para el lanzamiento de su nuevo envase de piment\u00f3n."},"content":{"rendered":"\n<p><em>Ambas empresas alicantinas se han unido para desarrollar un nuevo envase de piment\u00f3n con <a href=\"https:\/\/www.itc-packaging.com\/es\/soluciones\/envases-inyeccion-PP-barrera\/\">propiedades barrera <\/a>a la luz y una innovadora tapa con doble apertura. Un proceso amplio que ha dado como resultado una soluci\u00f3n disruptiva que ha venido a revolucionar los lineales de especias.<\/em><\/p>\n\n\n\n<p>El proyecto comenz\u00f3 con la necesidad de mejorar el comportamiento y la funcionalidad de las tapas de doble vertedor, empleadas tradicionalmente por la industria especiera. Un reto que motiv\u00f3 a los equipos de ambas empresas para desarrollar una soluci\u00f3n tan simple como innovadora: una tapa con doble apertura y bisagra. Esta apertura sobre el mismo plano y en dos sentidos diferentes permite dispensar las especias o bien con una cuchara o bien vertiendo el producto directamente.&nbsp;<\/p>\n\n\n\n<p>Una vez alcanzada la soluci\u00f3n para la tapa surgi\u00f3 la idea de cambiar tambi\u00e9n el envase para conseguir as\u00ed una revoluci\u00f3n 180 en el packaging de este formato, creando as\u00ed un nuevo conjunto que destaca por su geometr\u00eda dentro de una categor\u00eda marcada por la uniformidad.<\/p>\n\n\n\n<p>La soluci\u00f3n desarrollada es herm\u00e9tica gracias a la uni\u00f3n tapa-envase, termosellable ayudando a la conservaci\u00f3n del producto, y barrera UV gracias a la etiqueta IML empleada. De esta manera, han conseguido crear un envase que mantiene todo el aroma y propiedades organol\u00e9pticas de las especias.<\/p>\n\n\n\n<p>Desde el punto de vista de la sostenibilidad el nuevo envase emplea menos materia prima y cubica mejor gracias a su apilabilidad optimizada, contribuyendo as\u00ed a reducir la huella de carbono. Adem\u00e1s, es monomaterial y por tanto reciclable mediante los actuales sistemas de gesti\u00f3n de residuos. En definitiva, una soluci\u00f3n de packaging que cumple con todos los requisitos t\u00e9cnicos y funcionales a\u00f1adiendo un plus con un dise\u00f1o innovador m\u00e1s sostenible.<\/p>\n","protected":false},"excerpt":{"rendered":"<p>Ambas empresas alicantinas se han unido para desarrollar un nuevo envase de piment\u00f3n con propiedades barrera a la luz y una innovadora tapa con doble apertura. Un proceso amplio que ha dado como resultado una soluci\u00f3n disruptiva que ha venido a revolucionar los lineales de especias. El proyecto comenz\u00f3 con la necesidad de mejorar el [&hellip;]<\/p>\n","protected":false},"author":2,"featured_media":512,"comment_status":"closed","ping_status":"closed","sticky":false,"template":"","format":"standard","meta":[],"categories":[15,5,11,14,10],"tags":[31,68,24,29,67],"yoast_head":"<!-- This site is optimized with the Yoast SEO plugin v21.6 - https:\/\/yoast.com\/wordpress\/plugins\/seo\/ -->\r\n<title>Carmencita conf\u00eda en ITC para el lanzamiento de su nuevo envase de piment\u00f3n. - ITC Noticias<\/title>\r\n<meta name=\"robots\" content=\"index, follow, max-snippet:-1, max-image-preview:large, max-video-preview:-1\" \/>\r\n<link rel=\"canonical\" href=\"https:\/\/www.itc-packaging.com\/blog\/carmencita-confia-en-itc-para-el-lanzamiento-de-su-nuevo-envase-de-pimenton\/\" \/>\r\n<meta property=\"og:locale\" content=\"es_ES\" \/>\r\n<meta property=\"og:type\" content=\"article\" \/>\r\n<meta property=\"og:title\" content=\"Carmencita conf\u00eda en ITC para el lanzamiento de su nuevo envase de piment\u00f3n. - ITC Noticias\" \/>\r\n<meta property=\"og:description\" content=\"Ambas empresas alicantinas se han unido para desarrollar un nuevo envase de piment\u00f3n con propiedades barrera a la luz y una innovadora tapa con doble apertura. Un proceso amplio que ha dado como resultado una soluci\u00f3n disruptiva que ha venido a revolucionar los lineales de especias. El proyecto comenz\u00f3 con la necesidad de mejorar el [&hellip;]\" \/>\r\n<meta property=\"og:url\" content=\"https:\/\/www.itc-packaging.com\/blog\/carmencita-confia-en-itc-para-el-lanzamiento-de-su-nuevo-envase-de-pimenton\/\" \/>\r\n<meta property=\"og:site_name\" content=\"ITC Noticias\" \/>\r\n<meta property=\"article:publisher\" content=\"http:\/\/www.facebook.com\/ITCpackaging\" \/>\r\n<meta property=\"article:published_time\" content=\"2024-07-10T16:39:41+00:00\" \/>\r\n<meta property=\"article:modified_time\" content=\"2024-10-08T11:31:43+00:00\" \/>\r\n<meta property=\"og:image\" content=\"https:\/\/www.itc-packaging.com\/blog\/wp-content\/uploads\/2024\/07\/mypack-carmencita-pimenton-picante.png\" \/>\r\n\t<meta property=\"og:image:width\" content=\"1920\" \/>\r\n\t<meta property=\"og:image:height\" content=\"1080\" \/>\r\n\t<meta property=\"og:image:type\" content=\"image\/png\" \/>\r\n<meta name=\"author\" content=\"pedro\" \/>\r\n<meta name=\"twitter:card\" content=\"summary_large_image\" \/>\r\n<meta name=\"twitter:label1\" content=\"Escrito por\" \/>\n\t<meta name=\"twitter:data1\" content=\"pedro\" \/>\n\t<meta name=\"twitter:label2\" content=\"Tiempo de lectura\" \/>\n\t<meta name=\"twitter:data2\" content=\"2 minutos\" \/>\r\n<script type=\"application\/ld+json\" class=\"yoast-schema-graph\">{\"@context\":\"https:\/\/schema.org\",\"@graph\":[{\"@type\":\"Article\",\"@id\":\"https:\/\/www.itc-packaging.com\/blog\/carmencita-confia-en-itc-para-el-lanzamiento-de-su-nuevo-envase-de-pimenton\/#article\",\"isPartOf\":{\"@id\":\"https:\/\/www.itc-packaging.com\/blog\/carmencita-confia-en-itc-para-el-lanzamiento-de-su-nuevo-envase-de-pimenton\/\"},\"author\":{\"name\":\"pedro\",\"@id\":\"https:\/\/www.itc-packaging.com\/blog\/#\/schema\/person\/f946f1c7b1d67c8e0231e17bcae52525\"},\"headline\":\"Carmencita conf\u00eda en ITC para el lanzamiento de su nuevo envase de piment\u00f3n.\",\"datePublished\":\"2024-07-10T16:39:41+00:00\",\"dateModified\":\"2024-10-08T11:31:43+00:00\",\"mainEntityOfPage\":{\"@id\":\"https:\/\/www.itc-packaging.com\/blog\/carmencita-confia-en-itc-para-el-lanzamiento-de-su-nuevo-envase-de-pimenton\/\"},\"wordCount\":318,\"publisher\":{\"@id\":\"https:\/\/www.itc-packaging.com\/blog\/#organization\"},\"keywords\":[\"envase\",\"especias\",\"packaging\",\"sostenibilidad\",\"tapa\"],\"articleSection\":[\"Barrera\",\"Envases a Medida\",\"Innovaci\u00f3n\",\"Soluciones\",\"Sostenibilidad\"],\"inLanguage\":\"es\"},{\"@type\":\"WebPage\",\"@id\":\"https:\/\/www.itc-packaging.com\/blog\/carmencita-confia-en-itc-para-el-lanzamiento-de-su-nuevo-envase-de-pimenton\/\",\"url\":\"https:\/\/www.itc-packaging.com\/blog\/carmencita-confia-en-itc-para-el-lanzamiento-de-su-nuevo-envase-de-pimenton\/\",\"name\":\"Carmencita conf\u00eda en ITC para el lanzamiento de su nuevo envase de piment\u00f3n. - ITC Noticias\",\"isPartOf\":{\"@id\":\"https:\/\/www.itc-packaging.com\/blog\/#website\"},\"datePublished\":\"2024-07-10T16:39:41+00:00\",\"dateModified\":\"2024-10-08T11:31:43+00:00\",\"breadcrumb\":{\"@id\":\"https:\/\/www.itc-packaging.com\/blog\/carmencita-confia-en-itc-para-el-lanzamiento-de-su-nuevo-envase-de-pimenton\/#breadcrumb\"},\"inLanguage\":\"es\",\"potentialAction\":[{\"@type\":\"ReadAction\",\"target\":[\"https:\/\/www.itc-packaging.com\/blog\/carmencita-confia-en-itc-para-el-lanzamiento-de-su-nuevo-envase-de-pimenton\/\"]}]},{\"@type\":\"BreadcrumbList\",\"@id\":\"https:\/\/www.itc-packaging.com\/blog\/carmencita-confia-en-itc-para-el-lanzamiento-de-su-nuevo-envase-de-pimenton\/#breadcrumb\",\"itemListElement\":[{\"@type\":\"ListItem\",\"position\":1,\"name\":\"Portada\",\"item\":\"https:\/\/www.itc-packaging.com\/blog\/\"},{\"@type\":\"ListItem\",\"position\":2,\"name\":\"Carmencita conf\u00eda en ITC para el lanzamiento de su nuevo envase de piment\u00f3n.\"}]},{\"@type\":\"WebSite\",\"@id\":\"https:\/\/www.itc-packaging.com\/blog\/#website\",\"url\":\"https:\/\/www.itc-packaging.com\/blog\/\",\"name\":\"ITC Noticias\",\"description\":\"Fabricantes de envases para la industria alimentaria y cosm\u00e9tica\",\"publisher\":{\"@id\":\"https:\/\/www.itc-packaging.com\/blog\/#organization\"},\"potentialAction\":[{\"@type\":\"SearchAction\",\"target\":{\"@type\":\"EntryPoint\",\"urlTemplate\":\"https:\/\/www.itc-packaging.com\/blog\/?s={search_term_string}\"},\"query-input\":\"required name=search_term_string\"}],\"inLanguage\":\"es\"},{\"@type\":\"Organization\",\"@id\":\"https:\/\/www.itc-packaging.com\/blog\/#organization\",\"name\":\"ITC Packaging\",\"url\":\"https:\/\/www.itc-packaging.com\/blog\/\",\"logo\":{\"@type\":\"ImageObject\",\"inLanguage\":\"es\",\"@id\":\"https:\/\/www.itc-packaging.com\/blog\/#\/schema\/logo\/image\/\",\"url\":\"https:\/\/www.itc-packaging.com\/blog\/wp-content\/uploads\/2021\/12\/logotipo-color.png\",\"contentUrl\":\"https:\/\/www.itc-packaging.com\/blog\/wp-content\/uploads\/2021\/12\/logotipo-color.png\",\"width\":250,\"height\":102,\"caption\":\"ITC Packaging\"},\"image\":{\"@id\":\"https:\/\/www.itc-packaging.com\/blog\/#\/schema\/logo\/image\/\"},\"sameAs\":[\"http:\/\/www.facebook.com\/ITCpackaging\",\"https:\/\/www.instagram.com\/itcpackaging\/\",\"http:\/\/www.linkedin.com\/company\/2999203\",\"http:\/\/www.youtube.com\/channel\/UCPsvreju-YrdJYJLBnTljMQ\"]},{\"@type\":\"Person\",\"@id\":\"https:\/\/www.itc-packaging.com\/blog\/#\/schema\/person\/f946f1c7b1d67c8e0231e17bcae52525\",\"name\":\"pedro\",\"image\":{\"@type\":\"ImageObject\",\"inLanguage\":\"es\",\"@id\":\"https:\/\/www.itc-packaging.com\/blog\/#\/schema\/person\/image\/\",\"url\":\"https:\/\/secure.gravatar.com\/avatar\/c8d8bb2f3db0c346fa38a8963d9ef085?s=96&d=mm&r=g\",\"contentUrl\":\"https:\/\/secure.gravatar.com\/avatar\/c8d8bb2f3db0c346fa38a8963d9ef085?s=96&d=mm&r=g\",\"caption\":\"pedro\"},\"url\":\"https:\/\/www.itc-packaging.com\/blog\/author\/pedro\/\"}]}<\/script>\r\n<!-- \/ Yoast SEO plugin. -->","yoast_head_json":{"title":"Carmencita conf\u00eda en ITC para el lanzamiento de su nuevo envase de piment\u00f3n. - ITC Noticias","robots":{"index":"index","follow":"follow","max-snippet":"max-snippet:-1","max-image-preview":"max-image-preview:large","max-video-preview":"max-video-preview:-1"},"canonical":"https:\/\/www.itc-packaging.com\/blog\/carmencita-confia-en-itc-para-el-lanzamiento-de-su-nuevo-envase-de-pimenton\/","og_locale":"es_ES","og_type":"article","og_title":"Carmencita conf\u00eda en ITC para el lanzamiento de su nuevo envase de piment\u00f3n. - ITC Noticias","og_description":"Ambas empresas alicantinas se han unido para desarrollar un nuevo envase de piment\u00f3n con propiedades barrera a la luz y una innovadora tapa con doble apertura. Un proceso amplio que ha dado como resultado una soluci\u00f3n disruptiva que ha venido a revolucionar los lineales de especias. El proyecto comenz\u00f3 con la necesidad de mejorar el [&hellip;]","og_url":"https:\/\/www.itc-packaging.com\/blog\/carmencita-confia-en-itc-para-el-lanzamiento-de-su-nuevo-envase-de-pimenton\/","og_site_name":"ITC Noticias","article_publisher":"http:\/\/www.facebook.com\/ITCpackaging","article_published_time":"2024-07-10T16:39:41+00:00","article_modified_time":"2024-10-08T11:31:43+00:00","og_image":[{"width":1920,"height":1080,"url":"https:\/\/www.itc-packaging.com\/blog\/wp-content\/uploads\/2024\/07\/mypack-carmencita-pimenton-picante.png","type":"image\/png"}],"author":"pedro","twitter_card":"summary_large_image","twitter_misc":{"Escrito por":"pedro","Tiempo de lectura":"2 minutos"},"schema":{"@context":"https:\/\/schema.org","@graph":[{"@type":"Article","@id":"https:\/\/www.itc-packaging.com\/blog\/carmencita-confia-en-itc-para-el-lanzamiento-de-su-nuevo-envase-de-pimenton\/#article","isPartOf":{"@id":"https:\/\/www.itc-packaging.com\/blog\/carmencita-confia-en-itc-para-el-lanzamiento-de-su-nuevo-envase-de-pimenton\/"},"author":{"name":"pedro","@id":"https:\/\/www.itc-packaging.com\/blog\/#\/schema\/person\/f946f1c7b1d67c8e0231e17bcae52525"},"headline":"Carmencita conf\u00eda en ITC para el lanzamiento de su nuevo envase de piment\u00f3n.","datePublished":"2024-07-10T16:39:41+00:00","dateModified":"2024-10-08T11:31:43+00:00","mainEntityOfPage":{"@id":"https:\/\/www.itc-packaging.com\/blog\/carmencita-confia-en-itc-para-el-lanzamiento-de-su-nuevo-envase-de-pimenton\/"},"wordCount":318,"publisher":{"@id":"https:\/\/www.itc-packaging.com\/blog\/#organization"},"keywords":["envase","especias","packaging","sostenibilidad","tapa"],"articleSection":["Barrera","Envases a Medida","Innovaci\u00f3n","Soluciones","Sostenibilidad"],"inLanguage":"es"},{"@type":"WebPage","@id":"https:\/\/www.itc-packaging.com\/blog\/carmencita-confia-en-itc-para-el-lanzamiento-de-su-nuevo-envase-de-pimenton\/","url":"https:\/\/www.itc-packaging.com\/blog\/carmencita-confia-en-itc-para-el-lanzamiento-de-su-nuevo-envase-de-pimenton\/","name":"Carmencita conf\u00eda en ITC para el lanzamiento de su nuevo envase de piment\u00f3n. - ITC Noticias","isPartOf":{"@id":"https:\/\/www.itc-packaging.com\/blog\/#website"},"datePublished":"2024-07-10T16:39:41+00:00","dateModified":"2024-10-08T11:31:43+00:00","breadcrumb":{"@id":"https:\/\/www.itc-packaging.com\/blog\/carmencita-confia-en-itc-para-el-lanzamiento-de-su-nuevo-envase-de-pimenton\/#breadcrumb"},"inLanguage":"es","potentialAction":[{"@type":"ReadAction","target":["https:\/\/www.itc-packaging.com\/blog\/carmencita-confia-en-itc-para-el-lanzamiento-de-su-nuevo-envase-de-pimenton\/"]}]},{"@type":"BreadcrumbList","@id":"https:\/\/www.itc-packaging.com\/blog\/carmencita-confia-en-itc-para-el-lanzamiento-de-su-nuevo-envase-de-pimenton\/#breadcrumb","itemListElement":[{"@type":"ListItem","position":1,"name":"Portada","item":"https:\/\/www.itc-packaging.com\/blog\/"},{"@type":"ListItem","position":2,"name":"Carmencita conf\u00eda en ITC para el lanzamiento de su nuevo envase de piment\u00f3n."}]},{"@type":"WebSite","@id":"https:\/\/www.itc-packaging.com\/blog\/#website","url":"https:\/\/www.itc-packaging.com\/blog\/","name":"ITC Noticias","description":"Fabricantes de envases para la industria alimentaria y cosm\u00e9tica","publisher":{"@id":"https:\/\/www.itc-packaging.com\/blog\/#organization"},"potentialAction":[{"@type":"SearchAction","target":{"@type":"EntryPoint","urlTemplate":"https:\/\/www.itc-packaging.com\/blog\/?s={search_term_string}"},"query-input":"required name=search_term_string"}],"inLanguage":"es"},{"@type":"Organization","@id":"https:\/\/www.itc-packaging.com\/blog\/#organization","name":"ITC Packaging","url":"https:\/\/www.itc-packaging.com\/blog\/","logo":{"@type":"ImageObject","inLanguage":"es","@id":"https:\/\/www.itc-packaging.com\/blog\/#\/schema\/logo\/image\/","url":"https:\/\/www.itc-packaging.com\/blog\/wp-content\/uploads\/2021\/12\/logotipo-color.png","contentUrl":"https:\/\/www.itc-packaging.com\/blog\/wp-content\/uploads\/2021\/12\/logotipo-color.png","width":250,"height":102,"caption":"ITC Packaging"},"image":{"@id":"https:\/\/www.itc-packaging.com\/blog\/#\/schema\/logo\/image\/"},"sameAs":["http:\/\/www.facebook.com\/ITCpackaging","https:\/\/www.instagram.com\/itcpackaging\/","http:\/\/www.linkedin.com\/company\/2999203","http:\/\/www.youtube.com\/channel\/UCPsvreju-YrdJYJLBnTljMQ"]},{"@type":"Person","@id":"https:\/\/www.itc-packaging.com\/blog\/#\/schema\/person\/f946f1c7b1d67c8e0231e17bcae52525","name":"pedro","image":{"@type":"ImageObject","inLanguage":"es","@id":"https:\/\/www.itc-packaging.com\/blog\/#\/schema\/person\/image\/","url":"https:\/\/secure.gravatar.com\/avatar\/c8d8bb2f3db0c346fa38a8963d9ef085?s=96&d=mm&r=g","contentUrl":"https:\/\/secure.gravatar.com\/avatar\/c8d8bb2f3db0c346fa38a8963d9ef085?s=96&d=mm&r=g","caption":"pedro"},"url":"https:\/\/www.itc-packaging.com\/blog\/author\/pedro\/"}]}},"_links":{"self":[{"href":"https:\/\/www.itc-packaging.com\/blog\/wp-json\/wp\/v2\/posts\/511"}],"collection":[{"href":"https:\/\/www.itc-packaging.com\/blog\/wp-json\/wp\/v2\/posts"}],"about":[{"href":"https:\/\/www.itc-packaging.com\/blog\/wp-json\/wp\/v2\/types\/post"}],"author":[{"embeddable":true,"href":"https:\/\/www.itc-packaging.com\/blog\/wp-json\/wp\/v2\/users\/2"}],"replies":[{"embeddable":true,"href":"https:\/\/www.itc-packaging.com\/blog\/wp-json\/wp\/v2\/comments?post=511"}],"version-history":[{"count":2,"href":"https:\/\/www.itc-packaging.com\/blog\/wp-json\/wp\/v2\/posts\/511\/revisions"}],"predecessor-version":[{"id":519,"href":"https:\/\/www.itc-packaging.com\/blog\/wp-json\/wp\/v2\/posts\/511\/revisions\/519"}],"wp:featuredmedia":[{"embeddable":true,"href":"https:\/\/www.itc-packaging.com\/blog\/wp-json\/wp\/v2\/media\/512"}],"wp:attachment":[{"href":"https:\/\/www.itc-packaging.com\/blog\/wp-json\/wp\/v2\/media?parent=511"}],"wp:term":[{"taxonomy":"category","embeddable":true,"href":"https:\/\/www.itc-packaging.com\/blog\/wp-json\/wp\/v2\/categories?post=511"},{"taxonomy":"post_tag","embeddable":true,"href":"https:\/\/www.itc-packaging.com\/blog\/wp-json\/wp\/v2\/tags?post=511"}],"curies":[{"name":"wp","href":"https:\/\/api.w.org\/{rel}","templated":true}]}}