{"id":521,"date":"2024-10-17T12:00:39","date_gmt":"2024-10-17T12:00:39","guid":{"rendered":"https:\/\/www.itc-packaging.com\/blog\/?p=521"},"modified":"2024-10-18T11:35:45","modified_gmt":"2024-10-18T11:35:45","slug":"itc-obtiene-dos-galardones-en-los-premios-liderpack-y-una-mencion-especial-en-los-premios-imda","status":"publish","type":"post","link":"https:\/\/www.itc-packaging.com\/blog\/itc-obtiene-dos-galardones-en-los-premios-liderpack-y-una-mencion-especial-en-los-premios-imda\/","title":{"rendered":"ITC obtiene dos galardones en los premios Liderpack y una menci\u00f3n especial en los premios IMDA"},"content":{"rendered":"\n<p>El pasado mes de septiembre tuvieron lugar la resoluci\u00f3n de los premios Liderpack e IMDA de los que hemos sido galardonados con las 3 propuestas presentadas, dos premios para el envase de piment\u00f3n desarrollado para Carmencita y uno para nuestra soluci\u00f3n de packaging Reduce pack.<\/p>\n\n\n\n<p><a href=\"https:\/\/premiosliderpack.com\/pl-premiados-packaging24\/\"><strong>Los premios Liderpack<\/strong><\/a> son los galardones m\u00e1s importantes que se conceden en Espa\u00f1a en los \u00e1mbitos del packaging y la PLV. Buscan envases y embalajes innovadores dirigidos al consumidor final y a sectores industriales o para su uso en el transporte y operaciones log\u00edsticas. En el apartado de PLV se reconocen las mejores soluciones para mover decisiones de compra en la tienda. Los requisitos que se tienen en cuenta para seleccionar a los premiados son la originalidad, la ergonom\u00eda, la innovaci\u00f3n, la creatividad, el dise\u00f1o, el proceso de fabricaci\u00f3n, los materiales empleados y la apuesta por la sostenibilidad.  <\/p>\n\n\n\n<p>Este a\u00f1o las categor\u00edas que salieron a concurso fueron; al mejor packaging, dise\u00f1o joven y PLV concediendo 46 premios  sobre los 146 trabajos presentados. De entre los 46 premios otorgados 2 han reca\u00eddo en nuestras soluciones de packaging presentadas:<\/p>\n\n\n\n<p><strong>PREMIO AL MEJOR PACKAGING DE ALIMENTACI\u00d3N<\/strong><\/p>\n\n\n\n<figure class=\"wp-block-image size-full is-resized\"><img decoding=\"async\" loading=\"lazy\" src=\"https:\/\/www.itc-packaging.com\/blog\/wp-content\/uploads\/2024\/07\/mypack-carmencita-pimenton-picante.png\" alt=\"\" class=\"wp-image-512\" width=\"348\" height=\"195\"\/><\/figure>\n\n\n\n<p>El <a href=\"https:\/\/www.itc-packaging.com\/blog\/carmencita-confia-en-itc-para-el-lanzamiento-de-su-nuevo-envase-de-pimenton\/\">proyecto<\/a> premiado ha mejorado el comportamiento y la funcionalidad de las tapas de doble vertedor, empleadas tradicionalmente por la industria especiera, una tapa con doble apertura y bisagra. Esta apertura sobre el mismo plano y en dos sentidos diferentes permite dispensar las especias o bien con una cuchara o bien vertiendo el producto directamente.\u00a0Desde el punto de vista de la sostenibilidad el nuevo envase emplea menos materia prima y cubica mejor gracias a su apilabilidad optimizada, contribuyendo as\u00ed a reducir la huella de carbono. Adem\u00e1s, es monomaterial y por tanto reciclable mediante los actuales sistemas de gesti\u00f3n de residuos.<\/p>\n\n\n\n<p><strong>PREMIO EN LA CATEGOR\u00cdA DE INNOVACI\u00d3N PROCESOS PACKAGING \/ MAQUINARIA<\/strong><\/p>\n\n\n\n<figure class=\"wp-block-image size-full is-resized\"><img decoding=\"async\" loading=\"lazy\" src=\"https:\/\/www.itc-packaging.com\/blog\/wp-content\/uploads\/2024\/10\/Reducepack-envase.png\" alt=\"\" class=\"wp-image-524\" width=\"463\" height=\"308\"\/><\/figure>\n\n\n\n<p><a href=\"https:\/\/www.itc-packaging.com\/es\/innovacion\/reduce-pack-skinny-packaging-alimentacion-non-food\/\">Reduce Pack<\/a>\u00a0es una soluci\u00f3n de packaging que optimiza la cantidad de pl\u00e1stico empleada en el proceso productivo, al sustituir las paredes del envase por una etiqueta de cart\u00f3n o IML. Ofreciendo, adem\u00e1s, una perfecta industrializaci\u00f3n gracias a su encaje tapa-envase y una \u00f3ptima conservaci\u00f3n, al ser termosellable, permitiendo cerrar el envase tantas veces como sea necesario. Adem\u00e1s, desde ITC ofrecemos la opci\u00f3n de fabricarlo con diferentes materiales, tanto reciclados como compostables. <\/p>\n\n\n\n<p><a href=\"https:\/\/imdassociation.com\/what-is-imda\/\">Los premios IMDA<\/a> son una organizaci\u00f3n que incluye a moldeadores, impresores, proveedores de materiales y fabricantes de equipos comprometidos con el desarrollo y el crecimiento de productos, tecnolog\u00edas y mercados decorados en molde. La IMDA sirve a su negocio integrando los intereses de toda la cadena de suministro de IML e IMD a trav\u00e9s de sus programas promocionales y educativos.<\/p>\n\n\n\n<p>Nuestro proveedor de etiquetas <a href=\"https:\/\/iml.mcclabel.com\/en\">Vestraete <\/a> present\u00f3 el envase de Carmencita, anteriormente comentado, en representaci\u00f3n de la incorporaci\u00f3n de una etiqueta que se fusiona perfectamente con el envase creando un conjunto monomaterial totalmente sostenible, que adem\u00e1s mantiene la apariencia de un envase premium. <\/p>\n\n\n\n<p>Esta soluci\u00f3n obtuvo el galard\u00f3n al mejor envase en la categor\u00eda de procesos sostenibles de inyecci\u00f3n en moldeado.<\/p>\n","protected":false},"excerpt":{"rendered":"<p>El pasado mes de septiembre tuvieron lugar la resoluci\u00f3n de los premios Liderpack e IMDA de los que hemos sido galardonados con las 3 propuestas presentadas, dos premios para el envase de piment\u00f3n desarrollado para Carmencita y uno para nuestra soluci\u00f3n de packaging Reduce pack. Los premios Liderpack son los galardones m\u00e1s importantes que se [&hellip;]<\/p>\n","protected":false},"author":2,"featured_media":0,"comment_status":"closed","ping_status":"closed","sticky":false,"template":"","format":"standard","meta":[],"categories":[5,11,3,73,71],"tags":[31,75,54,24,74,29],"yoast_head":"<!-- This site is optimized with the Yoast SEO plugin v21.6 - https:\/\/yoast.com\/wordpress\/plugins\/seo\/ -->\r\n<title>ITC obtiene dos galardones en los premios Liderpack y una menci\u00f3n especial en los premios IMDA - ITC Noticias<\/title>\r\n<meta name=\"robots\" content=\"index, follow, max-snippet:-1, max-image-preview:large, max-video-preview:-1\" \/>\r\n<link rel=\"canonical\" href=\"https:\/\/www.itc-packaging.com\/blog\/itc-obtiene-dos-galardones-en-los-premios-liderpack-y-una-mencion-especial-en-los-premios-imda\/\" \/>\r\n<meta property=\"og:locale\" content=\"es_ES\" \/>\r\n<meta property=\"og:type\" content=\"article\" \/>\r\n<meta property=\"og:title\" content=\"ITC obtiene dos galardones en los premios Liderpack y una menci\u00f3n especial en los premios IMDA - ITC Noticias\" \/>\r\n<meta property=\"og:description\" content=\"El pasado mes de septiembre tuvieron lugar la resoluci\u00f3n de los premios Liderpack e IMDA de los que hemos sido galardonados con las 3 propuestas presentadas, dos premios para el envase de piment\u00f3n desarrollado para Carmencita y uno para nuestra soluci\u00f3n de packaging Reduce pack. Los premios Liderpack son los galardones m\u00e1s importantes que se [&hellip;]\" \/>\r\n<meta property=\"og:url\" content=\"https:\/\/www.itc-packaging.com\/blog\/itc-obtiene-dos-galardones-en-los-premios-liderpack-y-una-mencion-especial-en-los-premios-imda\/\" \/>\r\n<meta property=\"og:site_name\" content=\"ITC Noticias\" \/>\r\n<meta property=\"article:publisher\" content=\"http:\/\/www.facebook.com\/ITCpackaging\" \/>\r\n<meta property=\"article:published_time\" content=\"2024-10-17T12:00:39+00:00\" \/>\r\n<meta property=\"article:modified_time\" content=\"2024-10-18T11:35:45+00:00\" \/>\r\n<meta property=\"og:image\" content=\"https:\/\/www.itc-packaging.com\/blog\/wp-content\/uploads\/2024\/07\/mypack-carmencita-pimenton-picante.png\" \/>\r\n<meta name=\"author\" content=\"pedro\" \/>\r\n<meta name=\"twitter:card\" content=\"summary_large_image\" \/>\r\n<meta name=\"twitter:label1\" content=\"Escrito por\" \/>\n\t<meta name=\"twitter:data1\" content=\"pedro\" \/>\n\t<meta name=\"twitter:label2\" content=\"Tiempo de lectura\" \/>\n\t<meta name=\"twitter:data2\" content=\"3 minutos\" \/>\r\n<script type=\"application\/ld+json\" class=\"yoast-schema-graph\">{\"@context\":\"https:\/\/schema.org\",\"@graph\":[{\"@type\":\"Article\",\"@id\":\"https:\/\/www.itc-packaging.com\/blog\/itc-obtiene-dos-galardones-en-los-premios-liderpack-y-una-mencion-especial-en-los-premios-imda\/#article\",\"isPartOf\":{\"@id\":\"https:\/\/www.itc-packaging.com\/blog\/itc-obtiene-dos-galardones-en-los-premios-liderpack-y-una-mencion-especial-en-los-premios-imda\/\"},\"author\":{\"name\":\"pedro\",\"@id\":\"https:\/\/www.itc-packaging.com\/blog\/#\/schema\/person\/f946f1c7b1d67c8e0231e17bcae52525\"},\"headline\":\"ITC obtiene dos galardones en los premios Liderpack y una menci\u00f3n especial en los premios IMDA\",\"datePublished\":\"2024-10-17T12:00:39+00:00\",\"dateModified\":\"2024-10-18T11:35:45+00:00\",\"mainEntityOfPage\":{\"@id\":\"https:\/\/www.itc-packaging.com\/blog\/itc-obtiene-dos-galardones-en-los-premios-liderpack-y-una-mencion-especial-en-los-premios-imda\/\"},\"wordCount\":539,\"publisher\":{\"@id\":\"https:\/\/www.itc-packaging.com\/blog\/#organization\"},\"keywords\":[\"envase\",\"envases reciclables\",\"envases sostenibles\",\"packaging\",\"recycle\",\"sostenibilidad\"],\"articleSection\":[\"Envases a Medida\",\"Innovaci\u00f3n\",\"Noticias corporativas\",\"Recycle\",\"Reduce\"],\"inLanguage\":\"es\"},{\"@type\":\"WebPage\",\"@id\":\"https:\/\/www.itc-packaging.com\/blog\/itc-obtiene-dos-galardones-en-los-premios-liderpack-y-una-mencion-especial-en-los-premios-imda\/\",\"url\":\"https:\/\/www.itc-packaging.com\/blog\/itc-obtiene-dos-galardones-en-los-premios-liderpack-y-una-mencion-especial-en-los-premios-imda\/\",\"name\":\"ITC obtiene dos galardones en los premios Liderpack y una menci\u00f3n especial en los premios IMDA - ITC Noticias\",\"isPartOf\":{\"@id\":\"https:\/\/www.itc-packaging.com\/blog\/#website\"},\"datePublished\":\"2024-10-17T12:00:39+00:00\",\"dateModified\":\"2024-10-18T11:35:45+00:00\",\"breadcrumb\":{\"@id\":\"https:\/\/www.itc-packaging.com\/blog\/itc-obtiene-dos-galardones-en-los-premios-liderpack-y-una-mencion-especial-en-los-premios-imda\/#breadcrumb\"},\"inLanguage\":\"es\",\"potentialAction\":[{\"@type\":\"ReadAction\",\"target\":[\"https:\/\/www.itc-packaging.com\/blog\/itc-obtiene-dos-galardones-en-los-premios-liderpack-y-una-mencion-especial-en-los-premios-imda\/\"]}]},{\"@type\":\"BreadcrumbList\",\"@id\":\"https:\/\/www.itc-packaging.com\/blog\/itc-obtiene-dos-galardones-en-los-premios-liderpack-y-una-mencion-especial-en-los-premios-imda\/#breadcrumb\",\"itemListElement\":[{\"@type\":\"ListItem\",\"position\":1,\"name\":\"Portada\",\"item\":\"https:\/\/www.itc-packaging.com\/blog\/\"},{\"@type\":\"ListItem\",\"position\":2,\"name\":\"ITC obtiene dos galardones en los premios Liderpack y una menci\u00f3n especial en los premios IMDA\"}]},{\"@type\":\"WebSite\",\"@id\":\"https:\/\/www.itc-packaging.com\/blog\/#website\",\"url\":\"https:\/\/www.itc-packaging.com\/blog\/\",\"name\":\"ITC Noticias\",\"description\":\"Fabricantes de envases para la industria alimentaria y cosm\u00e9tica\",\"publisher\":{\"@id\":\"https:\/\/www.itc-packaging.com\/blog\/#organization\"},\"potentialAction\":[{\"@type\":\"SearchAction\",\"target\":{\"@type\":\"EntryPoint\",\"urlTemplate\":\"https:\/\/www.itc-packaging.com\/blog\/?s={search_term_string}\"},\"query-input\":\"required name=search_term_string\"}],\"inLanguage\":\"es\"},{\"@type\":\"Organization\",\"@id\":\"https:\/\/www.itc-packaging.com\/blog\/#organization\",\"name\":\"ITC Packaging\",\"url\":\"https:\/\/www.itc-packaging.com\/blog\/\",\"logo\":{\"@type\":\"ImageObject\",\"inLanguage\":\"es\",\"@id\":\"https:\/\/www.itc-packaging.com\/blog\/#\/schema\/logo\/image\/\",\"url\":\"https:\/\/www.itc-packaging.com\/blog\/wp-content\/uploads\/2021\/12\/logotipo-color.png\",\"contentUrl\":\"https:\/\/www.itc-packaging.com\/blog\/wp-content\/uploads\/2021\/12\/logotipo-color.png\",\"width\":250,\"height\":102,\"caption\":\"ITC Packaging\"},\"image\":{\"@id\":\"https:\/\/www.itc-packaging.com\/blog\/#\/schema\/logo\/image\/\"},\"sameAs\":[\"http:\/\/www.facebook.com\/ITCpackaging\",\"https:\/\/www.instagram.com\/itcpackaging\/\",\"http:\/\/www.linkedin.com\/company\/2999203\",\"http:\/\/www.youtube.com\/channel\/UCPsvreju-YrdJYJLBnTljMQ\"]},{\"@type\":\"Person\",\"@id\":\"https:\/\/www.itc-packaging.com\/blog\/#\/schema\/person\/f946f1c7b1d67c8e0231e17bcae52525\",\"name\":\"pedro\",\"image\":{\"@type\":\"ImageObject\",\"inLanguage\":\"es\",\"@id\":\"https:\/\/www.itc-packaging.com\/blog\/#\/schema\/person\/image\/\",\"url\":\"https:\/\/secure.gravatar.com\/avatar\/c8d8bb2f3db0c346fa38a8963d9ef085?s=96&d=mm&r=g\",\"contentUrl\":\"https:\/\/secure.gravatar.com\/avatar\/c8d8bb2f3db0c346fa38a8963d9ef085?s=96&d=mm&r=g\",\"caption\":\"pedro\"},\"url\":\"https:\/\/www.itc-packaging.com\/blog\/author\/pedro\/\"}]}<\/script>\r\n<!-- \/ Yoast SEO plugin. -->","yoast_head_json":{"title":"ITC obtiene dos galardones en los premios Liderpack y una menci\u00f3n especial en los premios IMDA - ITC Noticias","robots":{"index":"index","follow":"follow","max-snippet":"max-snippet:-1","max-image-preview":"max-image-preview:large","max-video-preview":"max-video-preview:-1"},"canonical":"https:\/\/www.itc-packaging.com\/blog\/itc-obtiene-dos-galardones-en-los-premios-liderpack-y-una-mencion-especial-en-los-premios-imda\/","og_locale":"es_ES","og_type":"article","og_title":"ITC obtiene dos galardones en los premios Liderpack y una menci\u00f3n especial en los premios IMDA - ITC Noticias","og_description":"El pasado mes de septiembre tuvieron lugar la resoluci\u00f3n de los premios Liderpack e IMDA de los que hemos sido galardonados con las 3 propuestas presentadas, dos premios para el envase de piment\u00f3n desarrollado para Carmencita y uno para nuestra soluci\u00f3n de packaging Reduce pack. Los premios Liderpack son los galardones m\u00e1s importantes que se [&hellip;]","og_url":"https:\/\/www.itc-packaging.com\/blog\/itc-obtiene-dos-galardones-en-los-premios-liderpack-y-una-mencion-especial-en-los-premios-imda\/","og_site_name":"ITC Noticias","article_publisher":"http:\/\/www.facebook.com\/ITCpackaging","article_published_time":"2024-10-17T12:00:39+00:00","article_modified_time":"2024-10-18T11:35:45+00:00","og_image":[{"url":"https:\/\/www.itc-packaging.com\/blog\/wp-content\/uploads\/2024\/07\/mypack-carmencita-pimenton-picante.png"}],"author":"pedro","twitter_card":"summary_large_image","twitter_misc":{"Escrito por":"pedro","Tiempo de lectura":"3 minutos"},"schema":{"@context":"https:\/\/schema.org","@graph":[{"@type":"Article","@id":"https:\/\/www.itc-packaging.com\/blog\/itc-obtiene-dos-galardones-en-los-premios-liderpack-y-una-mencion-especial-en-los-premios-imda\/#article","isPartOf":{"@id":"https:\/\/www.itc-packaging.com\/blog\/itc-obtiene-dos-galardones-en-los-premios-liderpack-y-una-mencion-especial-en-los-premios-imda\/"},"author":{"name":"pedro","@id":"https:\/\/www.itc-packaging.com\/blog\/#\/schema\/person\/f946f1c7b1d67c8e0231e17bcae52525"},"headline":"ITC obtiene dos galardones en los premios Liderpack y una menci\u00f3n especial en los premios IMDA","datePublished":"2024-10-17T12:00:39+00:00","dateModified":"2024-10-18T11:35:45+00:00","mainEntityOfPage":{"@id":"https:\/\/www.itc-packaging.com\/blog\/itc-obtiene-dos-galardones-en-los-premios-liderpack-y-una-mencion-especial-en-los-premios-imda\/"},"wordCount":539,"publisher":{"@id":"https:\/\/www.itc-packaging.com\/blog\/#organization"},"keywords":["envase","envases reciclables","envases sostenibles","packaging","recycle","sostenibilidad"],"articleSection":["Envases a Medida","Innovaci\u00f3n","Noticias corporativas","Recycle","Reduce"],"inLanguage":"es"},{"@type":"WebPage","@id":"https:\/\/www.itc-packaging.com\/blog\/itc-obtiene-dos-galardones-en-los-premios-liderpack-y-una-mencion-especial-en-los-premios-imda\/","url":"https:\/\/www.itc-packaging.com\/blog\/itc-obtiene-dos-galardones-en-los-premios-liderpack-y-una-mencion-especial-en-los-premios-imda\/","name":"ITC obtiene dos galardones en los premios Liderpack y una menci\u00f3n especial en los premios IMDA - ITC Noticias","isPartOf":{"@id":"https:\/\/www.itc-packaging.com\/blog\/#website"},"datePublished":"2024-10-17T12:00:39+00:00","dateModified":"2024-10-18T11:35:45+00:00","breadcrumb":{"@id":"https:\/\/www.itc-packaging.com\/blog\/itc-obtiene-dos-galardones-en-los-premios-liderpack-y-una-mencion-especial-en-los-premios-imda\/#breadcrumb"},"inLanguage":"es","potentialAction":[{"@type":"ReadAction","target":["https:\/\/www.itc-packaging.com\/blog\/itc-obtiene-dos-galardones-en-los-premios-liderpack-y-una-mencion-especial-en-los-premios-imda\/"]}]},{"@type":"BreadcrumbList","@id":"https:\/\/www.itc-packaging.com\/blog\/itc-obtiene-dos-galardones-en-los-premios-liderpack-y-una-mencion-especial-en-los-premios-imda\/#breadcrumb","itemListElement":[{"@type":"ListItem","position":1,"name":"Portada","item":"https:\/\/www.itc-packaging.com\/blog\/"},{"@type":"ListItem","position":2,"name":"ITC obtiene dos galardones en los premios Liderpack y una menci\u00f3n especial en los premios IMDA"}]},{"@type":"WebSite","@id":"https:\/\/www.itc-packaging.com\/blog\/#website","url":"https:\/\/www.itc-packaging.com\/blog\/","name":"ITC Noticias","description":"Fabricantes de envases para la industria alimentaria y cosm\u00e9tica","publisher":{"@id":"https:\/\/www.itc-packaging.com\/blog\/#organization"},"potentialAction":[{"@type":"SearchAction","target":{"@type":"EntryPoint","urlTemplate":"https:\/\/www.itc-packaging.com\/blog\/?s={search_term_string}"},"query-input":"required name=search_term_string"}],"inLanguage":"es"},{"@type":"Organization","@id":"https:\/\/www.itc-packaging.com\/blog\/#organization","name":"ITC Packaging","url":"https:\/\/www.itc-packaging.com\/blog\/","logo":{"@type":"ImageObject","inLanguage":"es","@id":"https:\/\/www.itc-packaging.com\/blog\/#\/schema\/logo\/image\/","url":"https:\/\/www.itc-packaging.com\/blog\/wp-content\/uploads\/2021\/12\/logotipo-color.png","contentUrl":"https:\/\/www.itc-packaging.com\/blog\/wp-content\/uploads\/2021\/12\/logotipo-color.png","width":250,"height":102,"caption":"ITC Packaging"},"image":{"@id":"https:\/\/www.itc-packaging.com\/blog\/#\/schema\/logo\/image\/"},"sameAs":["http:\/\/www.facebook.com\/ITCpackaging","https:\/\/www.instagram.com\/itcpackaging\/","http:\/\/www.linkedin.com\/company\/2999203","http:\/\/www.youtube.com\/channel\/UCPsvreju-YrdJYJLBnTljMQ"]},{"@type":"Person","@id":"https:\/\/www.itc-packaging.com\/blog\/#\/schema\/person\/f946f1c7b1d67c8e0231e17bcae52525","name":"pedro","image":{"@type":"ImageObject","inLanguage":"es","@id":"https:\/\/www.itc-packaging.com\/blog\/#\/schema\/person\/image\/","url":"https:\/\/secure.gravatar.com\/avatar\/c8d8bb2f3db0c346fa38a8963d9ef085?s=96&d=mm&r=g","contentUrl":"https:\/\/secure.gravatar.com\/avatar\/c8d8bb2f3db0c346fa38a8963d9ef085?s=96&d=mm&r=g","caption":"pedro"},"url":"https:\/\/www.itc-packaging.com\/blog\/author\/pedro\/"}]}},"_links":{"self":[{"href":"https:\/\/www.itc-packaging.com\/blog\/wp-json\/wp\/v2\/posts\/521"}],"collection":[{"href":"https:\/\/www.itc-packaging.com\/blog\/wp-json\/wp\/v2\/posts"}],"about":[{"href":"https:\/\/www.itc-packaging.com\/blog\/wp-json\/wp\/v2\/types\/post"}],"author":[{"embeddable":true,"href":"https:\/\/www.itc-packaging.com\/blog\/wp-json\/wp\/v2\/users\/2"}],"replies":[{"embeddable":true,"href":"https:\/\/www.itc-packaging.com\/blog\/wp-json\/wp\/v2\/comments?post=521"}],"version-history":[{"count":1,"href":"https:\/\/www.itc-packaging.com\/blog\/wp-json\/wp\/v2\/posts\/521\/revisions"}],"predecessor-version":[{"id":525,"href":"https:\/\/www.itc-packaging.com\/blog\/wp-json\/wp\/v2\/posts\/521\/revisions\/525"}],"wp:attachment":[{"href":"https:\/\/www.itc-packaging.com\/blog\/wp-json\/wp\/v2\/media?parent=521"}],"wp:term":[{"taxonomy":"category","embeddable":true,"href":"https:\/\/www.itc-packaging.com\/blog\/wp-json\/wp\/v2\/categories?post=521"},{"taxonomy":"post_tag","embeddable":true,"href":"https:\/\/www.itc-packaging.com\/blog\/wp-json\/wp\/v2\/tags?post=521"}],"curies":[{"name":"wp","href":"https:\/\/api.w.org\/{rel}","templated":true}]}}